{"id":11683,"date":"2019-08-07T13:56:20","date_gmt":"2019-08-07T16:56:20","guid":{"rendered":"https:\/\/proclass.com.br\/home\/?p=11683"},"modified":"2019-08-07T13:56:35","modified_gmt":"2019-08-07T16:56:35","slug":"pro-tools-a-flexibilidade-esta-no-detalhe","status":"publish","type":"post","link":"https:\/\/proclass.com.br\/home\/2019\/08\/pro-tools-a-flexibilidade-esta-no-detalhe\/","title":{"rendered":"Pro Tools: a flexibilidade est\u00e1 no detalhe"},"content":{"rendered":"<p><a href=\"http:\/\/proclass.com.br\/home\/wp-content\/uploads\/2015\/03\/logo_backstage.png\"><img decoding=\"async\" class=\"aligncenter wp-image-4341\" src=\"http:\/\/proclass.com.br\/home\/wp-content\/uploads\/2015\/03\/logo_backstage.png\" sizes=\"(max-width: 364px) 100vw, 364px\" srcset=\"https:\/\/proclass.com.br\/home\/wp-content\/uploads\/2015\/03\/logo_backstage.png 432w, https:\/\/proclass.com.br\/home\/wp-content\/uploads\/2015\/03\/logo_backstage-300x75.png 300w, https:\/\/proclass.com.br\/home\/wp-content\/uploads\/2015\/03\/logo_backstage-100x25.png 100w\" alt=\"logo_backstage\" width=\"364\" height=\"91\"><\/a><\/p>\n<p>Artigo publicado na Backstage.&nbsp;Para conhecer mais sobre a revista,&nbsp;<a href=\"http:\/\/backstage.com.br\/\" target=\"_blank\" rel=\"noopener noreferrer\">clique aqui.<\/a><\/p>\n<p>Para saber mais sobre treinamentos e certifica\u00e7\u00f5es oficiais em Waves, Pro Tools, Sibelius ou outros treinamentos em \u00e1udio,&nbsp;<a href=\"http:\/\/proclass.com.br\/home\/certificacoes\/waves\/waves-certification-program\/\" target=\"_blank\" rel=\"noopener noreferrer\">clique aqui<\/a>.<\/p>\n<p class=\"p1\"><b><i>Recursos similares merecem olhar mais atento<\/i><\/b><\/p>\n<p class=\"p2\">Quando falamos de mixagem, a primeira coisa que vem \u00e0 cabe\u00e7a \u00e9 \u201cinserir plug-ins\u201d. Ledo engano, pois a mixagem \u00e9 um processo em camadas que envolvem diversas etapas c\u00edclicas, ou seja, que dependendo da sua organiza\u00e7\u00e3o e m\u00e9todo, voc\u00ea vai se encontrar num loop infinito de ajustes sem prop\u00f3sito.<\/p>\n<p class=\"p2\">Com o tempo, os softwares foram evoluindo e criando fun\u00e7\u00f5es que tem o mesmo prop\u00f3sito, mas que funcionam de maneiras distintas. Isso era importante para atender diferentes tipos de p\u00fablico e m\u00e9todos de trabalho.<\/p>\n<p class=\"p2\">Quando duas fun\u00e7\u00f5es s\u00e3o parecidas, \u00e9 justamente o momento em que voc\u00ea deve desconfiar, estudar e esclarecer quais as diferen\u00e7as. \u00c9 o que proponho neste artigo.<\/p>\n<p class=\"p1\"><b><i>Est\u00e1gios de ganho<\/i><\/b><\/p>\n<p class=\"p2\">J\u00e1 parou para pensar em todos os lugares que podemos ajustar o ganho de um \u00e1udio no Pro Tools?<\/p>\n<p class=\"p2\">Clip Gain, plug-ins nos inserts e o fader do canal s\u00e3o os principais e atuam em s\u00e9rie, exatamente na mesma ordem. Por exemplo, caso voc\u00ea tenha um plug-ins de compress\u00e3o em um insert, um ajuste no Clip Gain pode estragar tudo.<\/p>\n<p class=\"p2\">Ent\u00e3o minha sugest\u00e3o \u00e9 dividir seus ajustes de ganho em tr\u00eas est\u00e1gios. Primeiro, o est\u00e1gio \u201cmacrosc\u00f3pico\u201d, encontrando frases e trechos mais longos que est\u00e3o muito baixos ou muito altos, e corrigir com Clip Gain.<\/p>\n<p class=\"p2\">Se voc\u00ea n\u00e3o est\u00e1 vendo o \u00edcone do Clip Gain (Fig. 1) nos seus clips, acesse o menu View &gt; Clips &gt; Clip Gain Line e Clip Gain Info (Fig. 2). Com este recurso, voc\u00ea pode fazer ajustes de forma parecida com automa\u00e7\u00e3o, abaixando o clip inteiro clicando no \u00edcone do Clip Gain (Fig. 1) ou criando pontos de automa\u00e7\u00e3o (Fig. 3) com a ferramenta Grabber.<\/p>\n<div id=\"attachment_11684\" style=\"width: 1034px\" class=\"wp-caption aligncenter\"><img fetchpriority=\"high\" decoding=\"async\" aria-describedby=\"caption-attachment-11684\" class=\"wp-image-11684 size-large\" src=\"https:\/\/proclass.com.br\/home\/wp-content\/uploads\/2019\/08\/Fig.-1-Clip-Gain-1024x482.png\" alt=\"\" width=\"1024\" height=\"482\" srcset=\"https:\/\/proclass.com.br\/home\/wp-content\/uploads\/2019\/08\/Fig.-1-Clip-Gain.png 1024w, https:\/\/proclass.com.br\/home\/wp-content\/uploads\/2019\/08\/Fig.-1-Clip-Gain-300x141.png 300w, https:\/\/proclass.com.br\/home\/wp-content\/uploads\/2019\/08\/Fig.-1-Clip-Gain-768x362.png 768w\" sizes=\"(max-width: 1024px) 100vw, 1024px\" \/><p id=\"caption-attachment-11684\" class=\"wp-caption-text\">Fig. 1 &#8211; Clip Gain<\/p><\/div>\n<div id=\"attachment_11685\" style=\"width: 427px\" class=\"wp-caption aligncenter\"><img decoding=\"async\" aria-describedby=\"caption-attachment-11685\" class=\"wp-image-11685 size-full\" src=\"https:\/\/proclass.com.br\/home\/wp-content\/uploads\/2019\/08\/Fig.-2-Clip-Gain-Info.jpg\" alt=\"\" width=\"417\" height=\"438\" srcset=\"https:\/\/proclass.com.br\/home\/wp-content\/uploads\/2019\/08\/Fig.-2-Clip-Gain-Info.jpg 417w, https:\/\/proclass.com.br\/home\/wp-content\/uploads\/2019\/08\/Fig.-2-Clip-Gain-Info-286x300.jpg 286w\" sizes=\"(max-width: 417px) 100vw, 417px\" \/><p id=\"caption-attachment-11685\" class=\"wp-caption-text\">Fig. 2 &#8211; Clip Gain Info<\/p><\/div>\n<div id=\"attachment_11686\" style=\"width: 350px\" class=\"wp-caption aligncenter\"><img loading=\"lazy\" decoding=\"async\" aria-describedby=\"caption-attachment-11686\" class=\"wp-image-11686 size-full\" src=\"https:\/\/proclass.com.br\/home\/wp-content\/uploads\/2019\/08\/Fig.-3-Clip-Gain-com-pontos-de-automac\u0327a\u0303o.jpg\" alt=\"\" width=\"340\" height=\"385\" srcset=\"https:\/\/proclass.com.br\/home\/wp-content\/uploads\/2019\/08\/Fig.-3-Clip-Gain-com-pontos-de-automac\u0327a\u0303o.jpg 340w, https:\/\/proclass.com.br\/home\/wp-content\/uploads\/2019\/08\/Fig.-3-Clip-Gain-com-pontos-de-automac\u0327a\u0303o-265x300.jpg 265w\" sizes=\"(max-width: 340px) 100vw, 340px\" \/><p id=\"caption-attachment-11686\" class=\"wp-caption-text\">Fig. 3 &#8211; Clip Gain com pontos de automac\u0327a\u0303o<\/p><\/div>\n<p class=\"p2\">Este \u00e9 um momento mais t\u00e9cnico onde a busca \u00e9 por consist\u00eancia. N\u00e3o deve haver \u201cgosto\u201d envolvido neste momento. Simplesmente procure corrigir as imperfei\u00e7\u00f5es da execu\u00e7\u00e3o relacionados ao ganho. Exemplo (Fig. 4).<\/p>\n<div id=\"attachment_11687\" style=\"width: 1034px\" class=\"wp-caption aligncenter\"><img loading=\"lazy\" decoding=\"async\" aria-describedby=\"caption-attachment-11687\" class=\"wp-image-11687 size-large\" src=\"https:\/\/proclass.com.br\/home\/wp-content\/uploads\/2019\/08\/Fig.-4-Clip-Gain-para-ajustes-iniciais-1024x371.jpg\" alt=\"\" width=\"1024\" height=\"371\" srcset=\"https:\/\/proclass.com.br\/home\/wp-content\/uploads\/2019\/08\/Fig.-4-Clip-Gain-para-ajustes-iniciais-1024x371.jpg 1024w, https:\/\/proclass.com.br\/home\/wp-content\/uploads\/2019\/08\/Fig.-4-Clip-Gain-para-ajustes-iniciais-300x109.jpg 300w, https:\/\/proclass.com.br\/home\/wp-content\/uploads\/2019\/08\/Fig.-4-Clip-Gain-para-ajustes-iniciais-768x279.jpg 768w, https:\/\/proclass.com.br\/home\/wp-content\/uploads\/2019\/08\/Fig.-4-Clip-Gain-para-ajustes-iniciais.jpg 1580w\" sizes=\"(max-width: 1024px) 100vw, 1024px\" \/><p id=\"caption-attachment-11687\" class=\"wp-caption-text\">Fig. 4 &#8211; Clip Gain para ajustes iniciais<\/p><\/div>\n<p class=\"p2\">Vale uma observa\u00e7\u00e3o aqui: muitas pessoas fazem ajustes de Clip Gain usando o Menu AudioSuite &gt; Gain. N\u00e3o h\u00e1 nada de errado, a n\u00e3o ser o fato deste processo consumir espa\u00e7o em disco extra, ou a vers\u00e3o original \u00e9 mantida, e uma nova vers\u00e3o com o ganho aplicado \u00e9 gerada. Mas o processo e a l\u00f3gica \u00e9 a mesma.<\/p>\n<p class=\"p2\">O segundo est\u00e1gio no ajuste de ganho \u00e9 inserir um compressor, para cuidar de forma mais microsc\u00f3pica as flutua\u00e7\u00f5es de trechos curtos, como uma s\u00edlaba, uma nota, uma batida no tamb\u00e9m. A princ\u00edpio, o objetivo tamb\u00e9m \u00e9 garantir maior consist\u00eancia. Mas, se quiser extrapolar um pouco os limites em busca alguma sonoridade espec\u00edfica, n\u00e3o tem problema nenhum. No final das contas, vai acabar tamb\u00e9m conseguindo mais consist\u00eancia.<\/p>\n<p class=\"p2\">O terceiro e \u00faltimo est\u00e1gio, acontece no Fader do Canal. Agora sim, chegou momento de decidir os ajustes ao seu \u201cgosto\u201d, baseado na concep\u00e7\u00e3o art\u00edstica. Usando o fader e automa\u00e7\u00e3o, \u00e9 onde voc\u00ea deve garantir que o instrumento do canal esteja no volume ideal para seu gosto durante toda a m\u00fasica.<\/p>\n<p class=\"p1\"><b><i>Plug-ins Multichannel Vs. Multi-Mono<\/i><\/b><\/p>\n<p class=\"p2\">Muitos se confundem ao encontrar estas duas opc\u00f5es (Fig. 5), e n\u00e3o \u00e9 para menos.<\/p>\n<div id=\"attachment_11688\" style=\"width: 559px\" class=\"wp-caption aligncenter\"><img loading=\"lazy\" decoding=\"async\" aria-describedby=\"caption-attachment-11688\" class=\"wp-image-11688 size-full\" src=\"https:\/\/proclass.com.br\/home\/wp-content\/uploads\/2019\/08\/Fig.-5-MultiChannel-vs.-Multi-mono.jpg\" alt=\"\" width=\"549\" height=\"361\" srcset=\"https:\/\/proclass.com.br\/home\/wp-content\/uploads\/2019\/08\/Fig.-5-MultiChannel-vs.-Multi-mono.jpg 549w, https:\/\/proclass.com.br\/home\/wp-content\/uploads\/2019\/08\/Fig.-5-MultiChannel-vs.-Multi-mono-300x197.jpg 300w\" sizes=\"(max-width: 549px) 100vw, 549px\" \/><p id=\"caption-attachment-11688\" class=\"wp-caption-text\">Fig. 5 &#8211; MultiChannel vs. Multi-mono<\/p><\/div>\n<p class=\"p2\">Em canais mono a op\u00e7\u00e3o nem aparece, e em canais estereo, aparece mas n\u00e3o h\u00e1 nada diferente de t\u00e3o percept\u00edvel. Ent\u00e3o vamos esclarecer:<\/p>\n<p class=\"p2\">N\u00e3o apenas em um canal est\u00e9reo, mas tamb\u00e9m em canais Surround de qualquer tipo, quando o usu\u00e1rio escolhe a op\u00e7\u00e3o \u201cMultichannel\u201d, o plug-in vai processar o lado esquerdo e direito de um canal est\u00e9reo da mesma forma.<\/p>\n<p class=\"p2\">J\u00e1 a op\u00e7\u00e3o Multi-Mono, nos permite processar (por exemplo com um equalizador) cada lado de forma independente. Muito \u00fatil em casos de viol\u00e3o, acordeon, piano, overheads de bateria e muitos outros instrumentos que s\u00e3o gravados com dois microfones em canais est\u00e9reo, mas que podem necessitar ajustes de equaliza\u00e7\u00e3o individuais para cada microfone.<\/p>\n<p class=\"p2\">Para fazer esta separa\u00e7\u00e3o no processamento, basta clicar no bot\u00e3o de link (Fig. 6), e desta forma, voc\u00ea poder\u00e1 regular o processamento no lado esquerdo (L). Para regular o do lado direito (R), basta clicar no bot\u00e3o com a letra \u201cL\u201d, logo abaixo do bot\u00e3o de link.<\/p>\n<div id=\"attachment_11689\" style=\"width: 1034px\" class=\"wp-caption aligncenter\"><img loading=\"lazy\" decoding=\"async\" aria-describedby=\"caption-attachment-11689\" class=\"wp-image-11689 size-large\" src=\"https:\/\/proclass.com.br\/home\/wp-content\/uploads\/2019\/08\/Fig.-6-Multi-Mono-Plug-in-1024x443.jpg\" alt=\"\" width=\"1024\" height=\"443\" srcset=\"https:\/\/proclass.com.br\/home\/wp-content\/uploads\/2019\/08\/Fig.-6-Multi-Mono-Plug-in-1024x443.jpg 1024w, https:\/\/proclass.com.br\/home\/wp-content\/uploads\/2019\/08\/Fig.-6-Multi-Mono-Plug-in-300x130.jpg 300w, https:\/\/proclass.com.br\/home\/wp-content\/uploads\/2019\/08\/Fig.-6-Multi-Mono-Plug-in-768x333.jpg 768w, https:\/\/proclass.com.br\/home\/wp-content\/uploads\/2019\/08\/Fig.-6-Multi-Mono-Plug-in.jpg 1187w\" sizes=\"(max-width: 1024px) 100vw, 1024px\" \/><p id=\"caption-attachment-11689\" class=\"wp-caption-text\">Fig. 6 &#8211; Multi-Mono Plug-in<\/p><\/div>\n<p class=\"p1\"><b><i>Track Group vs. Subgrupo\/submaster de canais<\/i><\/b><\/p>\n<p class=\"p2\">Track Group \u00e9 uma fun\u00e7\u00e3o do Pro Tools, que fica no menu Track &gt; Group. A id\u00e9ia \u00e9 que ajustes feitos em um integrante do grupo, seja feito tamb\u00e9m nos demais.<\/p>\n<p class=\"p2\">Um detalhe importante \u00e9 que na cria\u00e7\u00e3o de um grupo, o usu\u00e1rio pode definir quais controles ser\u00e3o afetados de forma uniforme, e quais controles continuam independentes (Fig. 7).<\/p>\n<div id=\"attachment_11690\" style=\"width: 516px\" class=\"wp-caption aligncenter\"><img loading=\"lazy\" decoding=\"async\" aria-describedby=\"caption-attachment-11690\" class=\"wp-image-11690 size-full\" src=\"https:\/\/proclass.com.br\/home\/wp-content\/uploads\/2019\/08\/Fig.-7-Configurac\u0327o\u0303es-de-Track-Group.png\" alt=\"\" width=\"506\" height=\"653\" srcset=\"https:\/\/proclass.com.br\/home\/wp-content\/uploads\/2019\/08\/Fig.-7-Configurac\u0327o\u0303es-de-Track-Group.png 506w, https:\/\/proclass.com.br\/home\/wp-content\/uploads\/2019\/08\/Fig.-7-Configurac\u0327o\u0303es-de-Track-Group-232x300.png 232w\" sizes=\"(max-width: 506px) 100vw, 506px\" \/><p id=\"caption-attachment-11690\" class=\"wp-caption-text\">Fig. 7 &#8211; Configurac\u0327o\u0303es de Track Group<\/p><\/div>\n<p class=\"p2\">J\u00e1 um Subgrupo (ou submaster como tamb\u00e9m \u00e9 conhecido), \u00e9 um conceito de mesas de som, que pode ser aplicado no Pro Tools tamb\u00e9m via canais auxiliares.<\/p>\n<p class=\"p2\">Este caso envolve endere\u00e7amento, onde voc\u00ea pode direcionar via OUTPUT diversos canais para dentro de um canal Aux Input e assim, com um \u00fanico ajuste no Aux Input (volume, Mute, inserts), afetar a sonoridade de todos os canais direcionados.<\/p>\n<p class=\"p2\">No final das contas, tamb\u00e9m \u00e9 uma forma de agrupar\u2026 e \u00e9 por isso que gera confus\u00e3o. Ent\u00e3o vamos ilustrar alguns casos.<\/p>\n<p class=\"p2\">1) Processar um grupo de canais com um \u00fanico plug-in: para este caso, precisar\u00edamos criar um subgrupo. A fun\u00e7\u00e3o \u201cTrack Group\u201d do Pro Tools n\u00e3o serviria pois n\u00e3o h\u00e1 como inserir um \u00fanico plug-in para diversos canais.<\/p>\n<p class=\"p2\">2) Ajustar o ganho dos faders: aqui existem nuances perigosas. Se algum canal de \u00e1udio estiver enviando sinal por exemplo, para um reverberador via Aux SEND, o ajuste precisa ser feito nos tracks originais, via Track Group. Isto garante a propor\u00e7\u00e3o entre sinal limpo e o sinal reverberado. Ajustar o fader do subgrupo (Aux Input), acabaria com a propor\u00e7\u00e3o Dry\/Wet estabelecida.<\/p>\n<p class=\"p2\">Outra situa\u00e7\u00e3o comum \u00e9 quando temos um compressor inserido no subgrupo. Como este compressor atua diretamente no ganho, ajustar os faders dos canais originais via Track Group seria bem ruim, pois voc\u00ea teria atingir a atua\u00e7\u00e3o do compressor, e teria que rever sua regulagem.<\/p>\n<p class=\"p2\">Ent\u00e3o para este caso, caso precise aumentar ou diminuir a intensidade sonora destes canais, prefira usar o fader do subgrupo, que garante o ajuste sem interferir na regulagem do compressor inserido no Aux Input.<\/p>\n<p class=\"p2\">Ent\u00e3o agora fico por aqui, mas pe\u00e7o para voc\u00eas testarem o m\u00e1ximo poss\u00edvel as informa\u00e7\u00f5es contidas neste artigo. S\u00e3o pequenas diferen\u00e7as, que a clareza necess\u00e1ria, podem gerar grandes estragos.<\/p>\n<p class=\"p2\">Abra\u00e7os e at\u00e9 a pr\u00f3xima!<\/p>\n<p><i><a href=\"http:\/\/proclass.com.br\/home\/wp-content\/uploads\/2012\/08\/cris3x4-blog-proclass.jpg\"><img loading=\"lazy\" decoding=\"async\" class=\"alignleft wp-image-1057 size-full\" src=\"http:\/\/proclass.com.br\/home\/wp-content\/uploads\/2012\/08\/cris3x4-blog-proclass.jpg\" alt=\"cris3x4 blog proclass\" width=\"74\" height=\"99\"><\/a>Cristiano Moura \u00e9 produtor musical e instrutor certificado da Avid. Atualmente leciona cursos oficiais em Pro Tools, Waves, Sibelius e os treinamentos em mixagem na ProClass. Por meio da ProClass, oferece consultoria, treinamentos customizados em todo o Brasil.<\/i><\/p>\n","protected":false},"excerpt":{"rendered":"<p>Artigo publicado na Backstage.&nbsp;Para conhecer mais sobre a revista,&nbsp;clique aqui. Para saber mais sobre treinamentos e certifica\u00e7\u00f5es oficiais em Waves, Pro Tools, Sibelius ou outros treinamentos em \u00e1udio,&nbsp;clique aqui. Recursos similares merecem olhar mais atento Quando falamos de mixagem, a primeira coisa que vem \u00e0 cabe\u00e7a \u00e9 \u201cinserir plug-ins\u201d. Ledo engano, pois a mixagem \u00e9Continue reading &rarr;<\/p>\n","protected":false},"author":4,"featured_media":11689,"comment_status":"closed","ping_status":"closed","sticky":false,"template":"","format":"standard","meta":{"footnotes":""},"categories":[17,1000],"tags":[],"class_list":["post-11683","post","type-post","status-publish","format-standard","has-post-thumbnail","hentry","category-artigos","category-pro-tools-2","has-thumb"],"yoast_head":"<!-- This site is optimized with the Yoast SEO plugin v26.9 - https:\/\/yoast.com\/product\/yoast-seo-wordpress\/ -->\n<title>Pro Tools: a flexibilidade est\u00e1 no detalhe - PROCLASS<\/title>\n<meta name=\"robots\" content=\"index, follow, max-snippet:-1, max-image-preview:large, max-video-preview:-1\" \/>\n<link rel=\"canonical\" href=\"https:\/\/proclass.com.br\/home\/2019\/08\/pro-tools-a-flexibilidade-esta-no-detalhe\/\" \/>\n<meta property=\"og:locale\" content=\"pt_BR\" \/>\n<meta property=\"og:type\" content=\"article\" \/>\n<meta property=\"og:title\" content=\"Pro Tools: a flexibilidade est\u00e1 no detalhe - PROCLASS\" \/>\n<meta property=\"og:description\" content=\"Artigo publicado na Backstage.&nbsp;Para conhecer mais sobre a revista,&nbsp;clique aqui. Para saber mais sobre treinamentos e certifica\u00e7\u00f5es oficiais em Waves, Pro Tools, Sibelius ou outros treinamentos em \u00e1udio,&nbsp;clique aqui. Recursos similares merecem olhar mais atento Quando falamos de mixagem, a primeira coisa que vem \u00e0 cabe\u00e7a \u00e9 \u201cinserir plug-ins\u201d. Ledo engano, pois a mixagem \u00e9Continue reading &rarr;\" \/>\n<meta property=\"og:url\" content=\"https:\/\/proclass.com.br\/home\/2019\/08\/pro-tools-a-flexibilidade-esta-no-detalhe\/\" \/>\n<meta property=\"og:site_name\" content=\"PROCLASS\" \/>\n<meta property=\"article:published_time\" content=\"2019-08-07T16:56:20+00:00\" \/>\n<meta property=\"article:modified_time\" content=\"2019-08-07T16:56:35+00:00\" \/>\n<meta property=\"og:image\" content=\"https:\/\/proclass.com.br\/home\/wp-content\/uploads\/2019\/08\/Fig.-6-Multi-Mono-Plug-in.jpg\" \/>\n\t<meta property=\"og:image:width\" content=\"1187\" \/>\n\t<meta property=\"og:image:height\" content=\"514\" \/>\n\t<meta property=\"og:image:type\" content=\"image\/jpeg\" \/>\n<meta name=\"author\" content=\"ProClass Treinamentos\" \/>\n<meta name=\"twitter:card\" content=\"summary_large_image\" \/>\n<meta name=\"twitter:label1\" content=\"Escrito por\" \/>\n\t<meta name=\"twitter:data1\" content=\"ProClass Treinamentos\" \/>\n\t<meta name=\"twitter:label2\" content=\"Est. tempo de leitura\" \/>\n\t<meta name=\"twitter:data2\" content=\"6 minutos\" \/>\n<script type=\"application\/ld+json\" class=\"yoast-schema-graph\">{\"@context\":\"https:\/\/schema.org\",\"@graph\":[{\"@type\":\"Article\",\"@id\":\"https:\/\/proclass.com.br\/home\/2019\/08\/pro-tools-a-flexibilidade-esta-no-detalhe\/#article\",\"isPartOf\":{\"@id\":\"https:\/\/proclass.com.br\/home\/2019\/08\/pro-tools-a-flexibilidade-esta-no-detalhe\/\"},\"author\":{\"name\":\"ProClass Treinamentos\",\"@id\":\"https:\/\/proclass.com.br\/home\/#\/schema\/person\/f89e1eb93d5d32c0bb465c52f87f5a00\"},\"headline\":\"Pro Tools: a flexibilidade est\u00e1 no detalhe\",\"datePublished\":\"2019-08-07T16:56:20+00:00\",\"dateModified\":\"2019-08-07T16:56:35+00:00\",\"mainEntityOfPage\":{\"@id\":\"https:\/\/proclass.com.br\/home\/2019\/08\/pro-tools-a-flexibilidade-esta-no-detalhe\/\"},\"wordCount\":1278,\"publisher\":{\"@id\":\"https:\/\/proclass.com.br\/home\/#organization\"},\"image\":{\"@id\":\"https:\/\/proclass.com.br\/home\/2019\/08\/pro-tools-a-flexibilidade-esta-no-detalhe\/#primaryimage\"},\"thumbnailUrl\":\"https:\/\/proclass.com.br\/home\/wp-content\/uploads\/2019\/08\/Fig.-6-Multi-Mono-Plug-in.jpg\",\"articleSection\":[\"Artigos\",\"Pro Tools\"],\"inLanguage\":\"pt-BR\"},{\"@type\":\"WebPage\",\"@id\":\"https:\/\/proclass.com.br\/home\/2019\/08\/pro-tools-a-flexibilidade-esta-no-detalhe\/\",\"url\":\"https:\/\/proclass.com.br\/home\/2019\/08\/pro-tools-a-flexibilidade-esta-no-detalhe\/\",\"name\":\"Pro Tools: a flexibilidade est\u00e1 no detalhe - PROCLASS\",\"isPartOf\":{\"@id\":\"https:\/\/proclass.com.br\/home\/#website\"},\"primaryImageOfPage\":{\"@id\":\"https:\/\/proclass.com.br\/home\/2019\/08\/pro-tools-a-flexibilidade-esta-no-detalhe\/#primaryimage\"},\"image\":{\"@id\":\"https:\/\/proclass.com.br\/home\/2019\/08\/pro-tools-a-flexibilidade-esta-no-detalhe\/#primaryimage\"},\"thumbnailUrl\":\"https:\/\/proclass.com.br\/home\/wp-content\/uploads\/2019\/08\/Fig.-6-Multi-Mono-Plug-in.jpg\",\"datePublished\":\"2019-08-07T16:56:20+00:00\",\"dateModified\":\"2019-08-07T16:56:35+00:00\",\"breadcrumb\":{\"@id\":\"https:\/\/proclass.com.br\/home\/2019\/08\/pro-tools-a-flexibilidade-esta-no-detalhe\/#breadcrumb\"},\"inLanguage\":\"pt-BR\",\"potentialAction\":[{\"@type\":\"ReadAction\",\"target\":[\"https:\/\/proclass.com.br\/home\/2019\/08\/pro-tools-a-flexibilidade-esta-no-detalhe\/\"]}]},{\"@type\":\"ImageObject\",\"inLanguage\":\"pt-BR\",\"@id\":\"https:\/\/proclass.com.br\/home\/2019\/08\/pro-tools-a-flexibilidade-esta-no-detalhe\/#primaryimage\",\"url\":\"https:\/\/proclass.com.br\/home\/wp-content\/uploads\/2019\/08\/Fig.-6-Multi-Mono-Plug-in.jpg\",\"contentUrl\":\"https:\/\/proclass.com.br\/home\/wp-content\/uploads\/2019\/08\/Fig.-6-Multi-Mono-Plug-in.jpg\",\"width\":1187,\"height\":514},{\"@type\":\"BreadcrumbList\",\"@id\":\"https:\/\/proclass.com.br\/home\/2019\/08\/pro-tools-a-flexibilidade-esta-no-detalhe\/#breadcrumb\",\"itemListElement\":[{\"@type\":\"ListItem\",\"position\":1,\"name\":\"In\u00edcio\",\"item\":\"https:\/\/proclass.com.br\/home\/\"},{\"@type\":\"ListItem\",\"position\":2,\"name\":\"Pro Tools: a flexibilidade est\u00e1 no detalhe\"}]},{\"@type\":\"WebSite\",\"@id\":\"https:\/\/proclass.com.br\/home\/#website\",\"url\":\"https:\/\/proclass.com.br\/home\/\",\"name\":\"PROCLASS\",\"description\":\"CURSOS E TREINAMENTOS\",\"publisher\":{\"@id\":\"https:\/\/proclass.com.br\/home\/#organization\"},\"potentialAction\":[{\"@type\":\"SearchAction\",\"target\":{\"@type\":\"EntryPoint\",\"urlTemplate\":\"https:\/\/proclass.com.br\/home\/?s={search_term_string}\"},\"query-input\":{\"@type\":\"PropertyValueSpecification\",\"valueRequired\":true,\"valueName\":\"search_term_string\"}}],\"inLanguage\":\"pt-BR\"},{\"@type\":\"Organization\",\"@id\":\"https:\/\/proclass.com.br\/home\/#organization\",\"name\":\"PROCLASS\",\"url\":\"https:\/\/proclass.com.br\/home\/\",\"logo\":{\"@type\":\"ImageObject\",\"inLanguage\":\"pt-BR\",\"@id\":\"https:\/\/proclass.com.br\/home\/#\/schema\/logo\/image\/\",\"url\":\"https:\/\/proclass.com.br\/home\/wp-content\/uploads\/2023\/06\/CABECALHO-black_PROCLASS-2023.png\",\"contentUrl\":\"https:\/\/proclass.com.br\/home\/wp-content\/uploads\/2023\/06\/CABECALHO-black_PROCLASS-2023.png\",\"width\":2563,\"height\":911,\"caption\":\"PROCLASS\"},\"image\":{\"@id\":\"https:\/\/proclass.com.br\/home\/#\/schema\/logo\/image\/\"}},{\"@type\":\"Person\",\"@id\":\"https:\/\/proclass.com.br\/home\/#\/schema\/person\/f89e1eb93d5d32c0bb465c52f87f5a00\",\"name\":\"ProClass Treinamentos\",\"image\":{\"@type\":\"ImageObject\",\"inLanguage\":\"pt-BR\",\"@id\":\"https:\/\/proclass.com.br\/home\/#\/schema\/person\/image\/\",\"url\":\"https:\/\/secure.gravatar.com\/avatar\/3878d7a575c7ac355d2c778d5de04af08b7c5a7d9f19b2889f26cc7d80a6a832?s=96&d=blank&r=g\",\"contentUrl\":\"https:\/\/secure.gravatar.com\/avatar\/3878d7a575c7ac355d2c778d5de04af08b7c5a7d9f19b2889f26cc7d80a6a832?s=96&d=blank&r=g\",\"caption\":\"ProClass Treinamentos\"},\"url\":\"https:\/\/proclass.com.br\/home\/author\/proclass\/\"}]}<\/script>\n<!-- \/ Yoast SEO plugin. -->","yoast_head_json":{"title":"Pro Tools: a flexibilidade est\u00e1 no detalhe - PROCLASS","robots":{"index":"index","follow":"follow","max-snippet":"max-snippet:-1","max-image-preview":"max-image-preview:large","max-video-preview":"max-video-preview:-1"},"canonical":"https:\/\/proclass.com.br\/home\/2019\/08\/pro-tools-a-flexibilidade-esta-no-detalhe\/","og_locale":"pt_BR","og_type":"article","og_title":"Pro Tools: a flexibilidade est\u00e1 no detalhe - PROCLASS","og_description":"Artigo publicado na Backstage.&nbsp;Para conhecer mais sobre a revista,&nbsp;clique aqui. Para saber mais sobre treinamentos e certifica\u00e7\u00f5es oficiais em Waves, Pro Tools, Sibelius ou outros treinamentos em \u00e1udio,&nbsp;clique aqui. Recursos similares merecem olhar mais atento Quando falamos de mixagem, a primeira coisa que vem \u00e0 cabe\u00e7a \u00e9 \u201cinserir plug-ins\u201d. Ledo engano, pois a mixagem \u00e9Continue reading &rarr;","og_url":"https:\/\/proclass.com.br\/home\/2019\/08\/pro-tools-a-flexibilidade-esta-no-detalhe\/","og_site_name":"PROCLASS","article_published_time":"2019-08-07T16:56:20+00:00","article_modified_time":"2019-08-07T16:56:35+00:00","og_image":[{"width":1187,"height":514,"url":"https:\/\/proclass.com.br\/home\/wp-content\/uploads\/2019\/08\/Fig.-6-Multi-Mono-Plug-in.jpg","type":"image\/jpeg"}],"author":"ProClass Treinamentos","twitter_card":"summary_large_image","twitter_misc":{"Escrito por":"ProClass Treinamentos","Est. tempo de leitura":"6 minutos"},"schema":{"@context":"https:\/\/schema.org","@graph":[{"@type":"Article","@id":"https:\/\/proclass.com.br\/home\/2019\/08\/pro-tools-a-flexibilidade-esta-no-detalhe\/#article","isPartOf":{"@id":"https:\/\/proclass.com.br\/home\/2019\/08\/pro-tools-a-flexibilidade-esta-no-detalhe\/"},"author":{"name":"ProClass Treinamentos","@id":"https:\/\/proclass.com.br\/home\/#\/schema\/person\/f89e1eb93d5d32c0bb465c52f87f5a00"},"headline":"Pro Tools: a flexibilidade est\u00e1 no detalhe","datePublished":"2019-08-07T16:56:20+00:00","dateModified":"2019-08-07T16:56:35+00:00","mainEntityOfPage":{"@id":"https:\/\/proclass.com.br\/home\/2019\/08\/pro-tools-a-flexibilidade-esta-no-detalhe\/"},"wordCount":1278,"publisher":{"@id":"https:\/\/proclass.com.br\/home\/#organization"},"image":{"@id":"https:\/\/proclass.com.br\/home\/2019\/08\/pro-tools-a-flexibilidade-esta-no-detalhe\/#primaryimage"},"thumbnailUrl":"https:\/\/proclass.com.br\/home\/wp-content\/uploads\/2019\/08\/Fig.-6-Multi-Mono-Plug-in.jpg","articleSection":["Artigos","Pro Tools"],"inLanguage":"pt-BR"},{"@type":"WebPage","@id":"https:\/\/proclass.com.br\/home\/2019\/08\/pro-tools-a-flexibilidade-esta-no-detalhe\/","url":"https:\/\/proclass.com.br\/home\/2019\/08\/pro-tools-a-flexibilidade-esta-no-detalhe\/","name":"Pro Tools: a flexibilidade est\u00e1 no detalhe - PROCLASS","isPartOf":{"@id":"https:\/\/proclass.com.br\/home\/#website"},"primaryImageOfPage":{"@id":"https:\/\/proclass.com.br\/home\/2019\/08\/pro-tools-a-flexibilidade-esta-no-detalhe\/#primaryimage"},"image":{"@id":"https:\/\/proclass.com.br\/home\/2019\/08\/pro-tools-a-flexibilidade-esta-no-detalhe\/#primaryimage"},"thumbnailUrl":"https:\/\/proclass.com.br\/home\/wp-content\/uploads\/2019\/08\/Fig.-6-Multi-Mono-Plug-in.jpg","datePublished":"2019-08-07T16:56:20+00:00","dateModified":"2019-08-07T16:56:35+00:00","breadcrumb":{"@id":"https:\/\/proclass.com.br\/home\/2019\/08\/pro-tools-a-flexibilidade-esta-no-detalhe\/#breadcrumb"},"inLanguage":"pt-BR","potentialAction":[{"@type":"ReadAction","target":["https:\/\/proclass.com.br\/home\/2019\/08\/pro-tools-a-flexibilidade-esta-no-detalhe\/"]}]},{"@type":"ImageObject","inLanguage":"pt-BR","@id":"https:\/\/proclass.com.br\/home\/2019\/08\/pro-tools-a-flexibilidade-esta-no-detalhe\/#primaryimage","url":"https:\/\/proclass.com.br\/home\/wp-content\/uploads\/2019\/08\/Fig.-6-Multi-Mono-Plug-in.jpg","contentUrl":"https:\/\/proclass.com.br\/home\/wp-content\/uploads\/2019\/08\/Fig.-6-Multi-Mono-Plug-in.jpg","width":1187,"height":514},{"@type":"BreadcrumbList","@id":"https:\/\/proclass.com.br\/home\/2019\/08\/pro-tools-a-flexibilidade-esta-no-detalhe\/#breadcrumb","itemListElement":[{"@type":"ListItem","position":1,"name":"In\u00edcio","item":"https:\/\/proclass.com.br\/home\/"},{"@type":"ListItem","position":2,"name":"Pro Tools: a flexibilidade est\u00e1 no detalhe"}]},{"@type":"WebSite","@id":"https:\/\/proclass.com.br\/home\/#website","url":"https:\/\/proclass.com.br\/home\/","name":"PROCLASS","description":"CURSOS E TREINAMENTOS","publisher":{"@id":"https:\/\/proclass.com.br\/home\/#organization"},"potentialAction":[{"@type":"SearchAction","target":{"@type":"EntryPoint","urlTemplate":"https:\/\/proclass.com.br\/home\/?s={search_term_string}"},"query-input":{"@type":"PropertyValueSpecification","valueRequired":true,"valueName":"search_term_string"}}],"inLanguage":"pt-BR"},{"@type":"Organization","@id":"https:\/\/proclass.com.br\/home\/#organization","name":"PROCLASS","url":"https:\/\/proclass.com.br\/home\/","logo":{"@type":"ImageObject","inLanguage":"pt-BR","@id":"https:\/\/proclass.com.br\/home\/#\/schema\/logo\/image\/","url":"https:\/\/proclass.com.br\/home\/wp-content\/uploads\/2023\/06\/CABECALHO-black_PROCLASS-2023.png","contentUrl":"https:\/\/proclass.com.br\/home\/wp-content\/uploads\/2023\/06\/CABECALHO-black_PROCLASS-2023.png","width":2563,"height":911,"caption":"PROCLASS"},"image":{"@id":"https:\/\/proclass.com.br\/home\/#\/schema\/logo\/image\/"}},{"@type":"Person","@id":"https:\/\/proclass.com.br\/home\/#\/schema\/person\/f89e1eb93d5d32c0bb465c52f87f5a00","name":"ProClass Treinamentos","image":{"@type":"ImageObject","inLanguage":"pt-BR","@id":"https:\/\/proclass.com.br\/home\/#\/schema\/person\/image\/","url":"https:\/\/secure.gravatar.com\/avatar\/3878d7a575c7ac355d2c778d5de04af08b7c5a7d9f19b2889f26cc7d80a6a832?s=96&d=blank&r=g","contentUrl":"https:\/\/secure.gravatar.com\/avatar\/3878d7a575c7ac355d2c778d5de04af08b7c5a7d9f19b2889f26cc7d80a6a832?s=96&d=blank&r=g","caption":"ProClass Treinamentos"},"url":"https:\/\/proclass.com.br\/home\/author\/proclass\/"}]}},"_links":{"self":[{"href":"https:\/\/proclass.com.br\/home\/wp-json\/wp\/v2\/posts\/11683","targetHints":{"allow":["GET"]}}],"collection":[{"href":"https:\/\/proclass.com.br\/home\/wp-json\/wp\/v2\/posts"}],"about":[{"href":"https:\/\/proclass.com.br\/home\/wp-json\/wp\/v2\/types\/post"}],"author":[{"embeddable":true,"href":"https:\/\/proclass.com.br\/home\/wp-json\/wp\/v2\/users\/4"}],"replies":[{"embeddable":true,"href":"https:\/\/proclass.com.br\/home\/wp-json\/wp\/v2\/comments?post=11683"}],"version-history":[{"count":0,"href":"https:\/\/proclass.com.br\/home\/wp-json\/wp\/v2\/posts\/11683\/revisions"}],"wp:featuredmedia":[{"embeddable":true,"href":"https:\/\/proclass.com.br\/home\/wp-json\/wp\/v2\/media\/11689"}],"wp:attachment":[{"href":"https:\/\/proclass.com.br\/home\/wp-json\/wp\/v2\/media?parent=11683"}],"wp:term":[{"taxonomy":"category","embeddable":true,"href":"https:\/\/proclass.com.br\/home\/wp-json\/wp\/v2\/categories?post=11683"},{"taxonomy":"post_tag","embeddable":true,"href":"https:\/\/proclass.com.br\/home\/wp-json\/wp\/v2\/tags?post=11683"}],"curies":[{"name":"wp","href":"https:\/\/api.w.org\/{rel}","templated":true}]}}