{"id":11670,"date":"2019-08-07T13:43:10","date_gmt":"2019-08-07T16:43:10","guid":{"rendered":"https:\/\/proclass.com.br\/home\/?p=11670"},"modified":"2019-08-07T13:43:27","modified_gmt":"2019-08-07T16:43:27","slug":"seja-seu-proprio-suporte-tecnico-de-pro-tools","status":"publish","type":"post","link":"https:\/\/proclass.com.br\/home\/2019\/08\/seja-seu-proprio-suporte-tecnico-de-pro-tools\/","title":{"rendered":"Seja seu pr\u00f3prio suporte t\u00e9cnico de Pro Tools"},"content":{"rendered":"<p><a href=\"http:\/\/proclass.com.br\/home\/wp-content\/uploads\/2015\/03\/logo_backstage.png\"><img decoding=\"async\" class=\"aligncenter wp-image-4341\" src=\"http:\/\/proclass.com.br\/home\/wp-content\/uploads\/2015\/03\/logo_backstage.png\" sizes=\"(max-width: 364px) 100vw, 364px\" srcset=\"https:\/\/proclass.com.br\/home\/wp-content\/uploads\/2015\/03\/logo_backstage.png 432w, https:\/\/proclass.com.br\/home\/wp-content\/uploads\/2015\/03\/logo_backstage-300x75.png 300w, https:\/\/proclass.com.br\/home\/wp-content\/uploads\/2015\/03\/logo_backstage-100x25.png 100w\" alt=\"logo_backstage\" width=\"364\" height=\"91\"><\/a><\/p>\n<p>Artigo publicado na Backstage.&nbsp;Para conhecer mais sobre a revista,&nbsp;<a href=\"http:\/\/backstage.com.br\/\" target=\"_blank\" rel=\"noopener noreferrer\">clique aqui.<\/a><\/p>\n<p>Para saber mais sobre treinamentos e certifica\u00e7\u00f5es oficiais em Waves, Pro Tools, Sibelius ou outros treinamentos em \u00e1udio,&nbsp;<a href=\"http:\/\/proclass.com.br\/home\/certificacoes\/waves\/waves-certification-program\/\" target=\"_blank\" rel=\"noopener noreferrer\">clique aqui<\/a>.<\/p>\n<p class=\"p1\"><b><i>Principais problemas e onde encontrar solu\u00e7\u00f5es<\/i><\/b><\/p>\n<p class=\"p2\">Em um mundo ideal, todo usu\u00e1rio de Pro Tools teria acesso a um especialista de suporte t\u00e9cnico, ou at\u00e9 mais de um, com diferentes n\u00edveis de conhecimento.<\/p>\n<p class=\"p2\">Como n\u00e3o \u00e9 a realidade na maioria dos lugares, todo profissional deve ser capaz de ao menos reconhecer e diagnosticar problemas, ainda que n\u00e3o seja capaz de solucion\u00e1-los.<\/p>\n<p class=\"p2\">E n\u00e3o h\u00e1 como negar que um profissional que tamb\u00e9m tenha condi\u00e7\u00f5es de solucionar ou ao menos saber onde pesquisar solu\u00e7\u00f5es, vai sair na frente neste disputado mercado.<\/p>\n<p class=\"p2\">Ent\u00e3o neste artigo, vamos partir para o lado mais t\u00e9cnico e ajuda-los a entender melhor o sistema, bem como criar uma lista de tarefas a fazer antes de buscar aux\u00edlio profissional de suporte t\u00e9cnico.<\/p>\n<p class=\"p1\"><b><i>Verificando compatibilidade<\/i><\/b><\/p>\n<p class=\"p2\">Ter uma vers\u00e3o de Pro Tools coerente com o sistema operacional \u00e9 essencial para tentar decifrar problemas, e \u00e9 importante entender que existe uma grande diferen\u00e7a entre \u201cfuncionar\u201d e \u201cser suportado\u201d.<\/p>\n<p class=\"p2\">Exemplo: o Pro Tools 12 pode at\u00e9 funcionar com o Windows XP, mas n\u00e3o quer dizer que a Avid suporte essa configura\u00e7\u00e3o oficialmente.<\/p>\n<p class=\"p2\">Quando a Avid diz que \u201cn\u00e3o \u00e9 suportado\u201d, significa que ela n\u00e3o fez nenhum teste neste sistema, e n\u00e3o garante que v\u00e1 funcionar bem. Voc\u00ea pode at\u00e9 tentar por conta pr\u00f3pria, e pode at\u00e9 trabalhar anos em uma configura\u00e7\u00e3o n\u00e3o-suportada pela Avid. Mas em caso de problemas, se voc\u00ea procurar a Avid eles v\u00e3o dizer \u201clamento, nunca testamos esta configura\u00e7\u00e3o. N\u00e3o tenho como ajuda-lo.\u201d<\/p>\n<p class=\"p2\">Ent\u00e3o a primeira dica \u00e9 seguir o link http:\/\/avid.com\/compato e confirmar se a vers\u00e3o do Pro Tools que voc\u00ea est\u00e1 usando, \u00e9 oficialmente suportado pelo fabricante (fig. 1).<\/p>\n<div id=\"attachment_11671\" style=\"width: 854px\" class=\"wp-caption aligncenter\"><img fetchpriority=\"high\" decoding=\"async\" aria-describedby=\"caption-attachment-11671\" class=\"wp-image-11671 size-full\" src=\"https:\/\/proclass.com.br\/home\/wp-content\/uploads\/2019\/08\/Fig.-1-Sistemas-Compati\u0301veis.png\" alt=\"\" width=\"844\" height=\"704\" srcset=\"https:\/\/proclass.com.br\/home\/wp-content\/uploads\/2019\/08\/Fig.-1-Sistemas-Compati\u0301veis.png 844w, https:\/\/proclass.com.br\/home\/wp-content\/uploads\/2019\/08\/Fig.-1-Sistemas-Compati\u0301veis-300x250.png 300w, https:\/\/proclass.com.br\/home\/wp-content\/uploads\/2019\/08\/Fig.-1-Sistemas-Compati\u0301veis-768x641.png 768w\" sizes=\"(max-width: 844px) 100vw, 844px\" \/><p id=\"caption-attachment-11671\" class=\"wp-caption-text\">Fig. 1 &#8211; Sistemas Compati\u0301veis<\/p><\/div>\n<p class=\"p2\">Ent\u00e3o s\u00e3o tr\u00eas itens que precisam ser verificados: primeiramente, seu sistema operacional, que deve ser compat\u00edvel com sua vers\u00e3o de Pro Tools.<\/p>\n<p class=\"p2\">Se estiver tudo certo, o terceiro item \u00e9 a interface de som. Acesse o site do fabricante, e confirme se o driver est\u00e1 atualizado, e que seja compat\u00edvel tanto com o Pro Tools, quanto seu sistema operacional.<\/p>\n<p class=\"p1\"><b><i>Mantenha-se em sincronia com o fabricante<\/i><\/b><\/p>\n<p class=\"p2\">Em todas as p\u00e1ginas de suporte da Avid, \u00e9 poss\u00edvel se tornar uma \u201cassinante\u201d e receber notifica\u00e7\u00f5es de atualiza\u00e7\u00e3o. Por exemplo, se l\u00e1 em 2050, o Pro Tools 30 for lan\u00e7ado, voc\u00ea poder\u00e1 ser notificado assim que ele for oficialmente compat\u00edvel com o Windows 45 (fig. 2).<\/p>\n<div id=\"attachment_11672\" style=\"width: 1034px\" class=\"wp-caption aligncenter\"><img decoding=\"async\" aria-describedby=\"caption-attachment-11672\" class=\"wp-image-11672 size-large\" src=\"https:\/\/proclass.com.br\/home\/wp-content\/uploads\/2019\/08\/Fig.-2-Inscreva-se-para-se-manter-atualizado-1024x703.png\" alt=\"\" width=\"1024\" height=\"703\" srcset=\"https:\/\/proclass.com.br\/home\/wp-content\/uploads\/2019\/08\/Fig.-2-Inscreva-se-para-se-manter-atualizado-1024x703.png 1024w, https:\/\/proclass.com.br\/home\/wp-content\/uploads\/2019\/08\/Fig.-2-Inscreva-se-para-se-manter-atualizado-300x206.png 300w, https:\/\/proclass.com.br\/home\/wp-content\/uploads\/2019\/08\/Fig.-2-Inscreva-se-para-se-manter-atualizado-768x527.png 768w, https:\/\/proclass.com.br\/home\/wp-content\/uploads\/2019\/08\/Fig.-2-Inscreva-se-para-se-manter-atualizado.png 1081w\" sizes=\"(max-width: 1024px) 100vw, 1024px\" \/><p id=\"caption-attachment-11672\" class=\"wp-caption-text\">Fig. 2 &#8211; Inscreva-se para se manter atualizado<\/p><\/div>\n<p class=\"p1\"><b><i>Plug-ins &#8211; Primeiro item na lista de testes<\/i><\/b><\/p>\n<p class=\"p2\">Ent\u00e3o agora supondo que seu sistema seja 100% compat\u00edvel com o Pro Tools, vamos come\u00e7ar a tentar reduzir elementos que podem comprometer o desempenho.<\/p>\n<p class=\"p2\">Precisamos ent\u00e3o testar o sistema sem nenhum plug-in instalado e ver se o problema continua ou desaparece. Para fazer isso \u00e9 simples: vamos acessar a pasta de plug-ins AAX, retirar todos os plug-ins (armazene nas pasta \u201cPlug-Ins (Unused)\u201d temporariamente por exemplo), e testar o sistema (fig. 3).<\/p>\n<div id=\"attachment_11673\" style=\"width: 733px\" class=\"wp-caption aligncenter\"><img loading=\"lazy\" decoding=\"async\" aria-describedby=\"caption-attachment-11673\" class=\"wp-image-11673 size-full\" src=\"https:\/\/proclass.com.br\/home\/wp-content\/uploads\/2019\/08\/Fig.-3-Pasta-de-Plug-ins-do-Pro-Tools.png\" alt=\"\" width=\"723\" height=\"471\" srcset=\"https:\/\/proclass.com.br\/home\/wp-content\/uploads\/2019\/08\/Fig.-3-Pasta-de-Plug-ins-do-Pro-Tools.png 723w, https:\/\/proclass.com.br\/home\/wp-content\/uploads\/2019\/08\/Fig.-3-Pasta-de-Plug-ins-do-Pro-Tools-300x195.png 300w\" sizes=\"(max-width: 723px) 100vw, 723px\" \/><p id=\"caption-attachment-11673\" class=\"wp-caption-text\">Fig. 3 &#8211; Pasta de Plug-ins do Pro Tools<\/p><\/div>\n<p class=\"p2\">Abaixo, segue o endere\u00e7o destas pastas, tanto no windows quanto no mac:<\/p>\n<p class=\"p2\"><b>Mac<\/b><\/p>\n<p class=\"p2\">Macintosh HD\/Library\/Application Support\/Avid\/Audio\/Plug-Ins<\/p>\n<p class=\"p2\"><b>Windows<\/b><\/p>\n<p class=\"p2\">C:\\Program Files\\Common Files\\Avid\\Audio\\Plug-Ins<\/p>\n<p class=\"p2\">Se o problema for sanado, j\u00e1 sabemos que \u00e9 algum plug-in que est\u00e1 provocando instabilidade. Ent\u00e3o agora \u00e9 uma quest\u00e3o de ir recolocando os plug-ins nas pastas, um a um, e testar. At\u00e9 encontrar o causador do problema.<\/p>\n<p class=\"p2\">A dica \u00e9 come\u00e7ar pelos que voc\u00ea tem mais suspeita. Provavelmente foi um dos \u00faltimos que voc\u00ea instalou ou atualizou. Por outro lado, os originais da Avid que vem com Pro Tools, certamente pode deixar por \u00faltimo.<\/p>\n<p class=\"p1\"><b><i>Pro Tools Preferences &#8211; os arquivos mais inst\u00e1veis do Pro Tools<\/i><\/b><\/p>\n<p class=\"p2\">Dentro da instala\u00e7\u00e3o do Pro Tools, existem os arquivos que armazenam as prefer\u00eancias do sistema, que muitas vezes acabam corropendo e trazendo todo tipo de instabilidade ao sistema.<\/p>\n<p class=\"p2\">Por desconhecimento, ao se deparar com arquivos de prefer\u00eancias corrompidos, o usu\u00e1rio acaba resolvendo de forma muito radical do que o necess\u00e1rio, que \u00e9 formatar o computador e zerar tudo.<\/p>\n<p class=\"p2\">Ao inv\u00e9s disso, \u00e9 poss\u00edvel simplesmente deletar os arquivos de prefer\u00eancias, pois ao reiniciar o Pro Tools, os arquivos ser\u00e3o recriados. Faz o mesmo efeito, mas \u00e9 muito absurdamente mais pr\u00e1tico. Abaixo, est\u00e3o as pastas onde est\u00e3o localizadas as preferencias do Pro Tools. Basta deletar todos os arquivos dentro da pasta, reiniciar o computador e por \u00faltimo, reiniciar o Pro Tools:<\/p>\n<p class=\"p2\">Mac<\/p>\n<p class=\"p2\">~\/Library\/Preferences\/Avid\/Pro Tools<\/p>\n<p class=\"p2\">Windows<\/p>\n<p class=\"p2\">C:\/Users\/Nome do Usuario\/AppData\/Roaming\/Avid\/Pro Tools<\/p>\n<p class=\"p1\"><b><i>Workspace Databases<\/i><\/b><\/p>\n<p class=\"p2\">Similar as preferencias, estes s\u00e3o arquivos de banco de dados que est\u00e3o sempre sendo alterados, e de tempos em tempos, perdem alguma informa\u00e7\u00e3o ou se corrompem, trazendo problemas na busca de arquivos com o Workspace, formas de onda incorretas e muito mais.<\/p>\n<p class=\"p2\">A abordagem \u00e9 a mesma. Encontrar os arquivos no sistema operacional, deletar, reiniciar o computador e reiniciar o Pro Tools para que os arquivos sejam recriados novamente de forma saud\u00e1vel.<\/p>\n<p class=\"p2\">Mac<\/p>\n<p class=\"p2\">\/Users\/Shared\/Pro Tools<\/p>\n<p class=\"p2\">Windows<\/p>\n<p class=\"p2\">C:\/Users\/Public\/Pro Tools<\/p>\n<p class=\"p2\">Os arquivos s\u00e3o o Workspace.wksp e WaveCache.wfm<\/p>\n<p class=\"p1\"><b><i>Criando um usu\u00e1rio novo<\/i><\/b><\/p>\n<p class=\"p2\">Seja Windows ou Mac, cada usu\u00e1rio armazena preferencias de sistema individualizadas para cada aplicativo, e em um sistema com m\u00faltiplos softwares instalados, fica muito dif\u00edcil de decifrar o que pode estar causando instabilidade.<\/p>\n<p class=\"p2\">Ent\u00e3o antes de partir para a \u201cSaga da formata\u00e7\u00e3o do sistema\u201d, voc\u00ea pode simplesmente criar um novo usu\u00e1rio no windows ou Mac para fazer seus testes.<\/p>\n<p class=\"p2\">Ao criar um usu\u00e1rio novo, todas as prefer\u00eancias de todos os aplicativos instalados no seu computador estar\u00e3o zeradas, e voc\u00ea pode manter tudo zerado se simplesmente n\u00e3o abrir nenhum aplicativo fora o Pro Tools.<\/p>\n<p class=\"p1\"><b><i>O que fazer se o Pro Tools nem abre<\/i><\/b><\/p>\n<p class=\"p2\">Existem dois problemas conhecidos neste caso. Primeiro e mais comum, o sistema n\u00e3o abre porque n\u00e3o consegue registrar algum plug-in. Isso se resolve f\u00e1cil, pois na tela de inicializa\u00e7\u00e3o voc\u00ea pode ler na tela o plug-in conflitante (fig. 4). Neste caso, basta acessar a pasta de plug-ins como informado acima, e retirar o plug-in.<\/p>\n<div id=\"attachment_11674\" style=\"width: 560px\" class=\"wp-caption aligncenter\"><img loading=\"lazy\" decoding=\"async\" aria-describedby=\"caption-attachment-11674\" class=\"wp-image-11674 size-full\" src=\"https:\/\/proclass.com.br\/home\/wp-content\/uploads\/2019\/08\/fig.-4-Pro-Tools-travado-por-nao-carregar-um-plug-in.jpeg\" alt=\"\" width=\"550\" height=\"366\" srcset=\"https:\/\/proclass.com.br\/home\/wp-content\/uploads\/2019\/08\/fig.-4-Pro-Tools-travado-por-nao-carregar-um-plug-in.jpeg 550w, https:\/\/proclass.com.br\/home\/wp-content\/uploads\/2019\/08\/fig.-4-Pro-Tools-travado-por-nao-carregar-um-plug-in-300x200.jpeg 300w, https:\/\/proclass.com.br\/home\/wp-content\/uploads\/2019\/08\/fig.-4-Pro-Tools-travado-por-nao-carregar-um-plug-in-272x182.jpeg 272w\" sizes=\"(max-width: 550px) 100vw, 550px\" \/><p id=\"caption-attachment-11674\" class=\"wp-caption-text\">fig. 4 &#8211; Pro Tools travado por nao carregar um plug-in<\/p><\/div>\n<p class=\"p2\">O segundo caso \u00e9 referente a interface de \u00e1udio. Alguma configura\u00e7\u00e3o pode estar coibindo o sistema de iniciar. Para resolver isso, inicie o Pro Tools com a letra \u201cn\u201d pressionada. Este recurso vai apresentar ao usu\u00e1rio a caixa de di\u00e1logo do Playback Engine logo de primeira (fig. 5), antes mesmo de iniciar o Pro Tools.<\/p>\n<div id=\"attachment_11675\" style=\"width: 582px\" class=\"wp-caption aligncenter\"><img loading=\"lazy\" decoding=\"async\" aria-describedby=\"caption-attachment-11675\" class=\"wp-image-11675 size-full\" src=\"https:\/\/proclass.com.br\/home\/wp-content\/uploads\/2019\/08\/Fig.-5-Playback-Engine-logo-na-abertura-do-Pro-Tools.png\" alt=\"\" width=\"572\" height=\"600\" srcset=\"https:\/\/proclass.com.br\/home\/wp-content\/uploads\/2019\/08\/Fig.-5-Playback-Engine-logo-na-abertura-do-Pro-Tools.png 572w, https:\/\/proclass.com.br\/home\/wp-content\/uploads\/2019\/08\/Fig.-5-Playback-Engine-logo-na-abertura-do-Pro-Tools-286x300.png 286w\" sizes=\"(max-width: 572px) 100vw, 572px\" \/><p id=\"caption-attachment-11675\" class=\"wp-caption-text\">Fig. 5 &#8211; Playback Engine logo na abertura do Pro Tools<\/p><\/div>\n<p class=\"p2\">Por este mecanismo, \u00e9 poss\u00edvel alterar a interface de som e ajustar o H\/W Buffer Size para um valor maior por exemplo, que pode ser a causa da dificuldade do sistema em iniciar.<\/p>\n<p class=\"p1\"><b><i>Considera\u00e7\u00f5es finais<\/i><\/b><\/p>\n<p class=\"p2\">Como dito no in\u00edcio, estas dicas certamente n\u00e3o substituem toda a capacidade e forma\u00e7\u00e3o de um especialista em suporte t\u00e9cnico, por\u00e9m, v\u00e3o ajuda-los na comunica\u00e7\u00e3o e intera\u00e7\u00e3o com estes profissionais.<\/p>\n<p class=\"p2\">Quando voc\u00ea est\u00e1 sem internet, tenho certeza que antes de ligar para sua operadora, voc\u00ea sempre desliga e liga o modem para ver se uma simples inicializa\u00e7\u00e3o resolve.<\/p>\n<p class=\"p2\">Com o Pro Tools n\u00e3o deveria ser diferente. Testar bem o sistema e tentar fazer o melhor diagn\u00f3stico poss\u00edvel antes de pegar o telefone e procurar suporte especializado \u00e9 fundamental, pois facilita n\u00e3o s\u00f3 seu atendimento, como tamb\u00e9m a velocidade em que a solu\u00e7\u00e3o poder\u00e1 ser executada.<\/p>\n<p class=\"p2\">Abra\u00e7os e at\u00e9 a pr\u00f3xima!<\/p>\n<p><i><a href=\"http:\/\/proclass.com.br\/home\/wp-content\/uploads\/2012\/08\/cris3x4-blog-proclass.jpg\"><img loading=\"lazy\" decoding=\"async\" class=\"alignleft wp-image-1057 size-full\" src=\"http:\/\/proclass.com.br\/home\/wp-content\/uploads\/2012\/08\/cris3x4-blog-proclass.jpg\" alt=\"cris3x4 blog proclass\" width=\"74\" height=\"99\"><\/a>Cristiano Moura \u00e9 produtor musical e instrutor certificado da Avid. Atualmente leciona cursos oficiais em Pro Tools, Waves, Sibelius e os treinamentos em mixagem na ProClass. Por meio da ProClass, oferece consultoria, treinamentos customizados em todo o Brasil.<\/i><\/p>\n","protected":false},"excerpt":{"rendered":"<p>Artigo publicado na Backstage.&nbsp;Para conhecer mais sobre a revista,&nbsp;clique aqui. Para saber mais sobre treinamentos e certifica\u00e7\u00f5es oficiais em Waves, Pro Tools, Sibelius ou outros treinamentos em \u00e1udio,&nbsp;clique aqui. Principais problemas e onde encontrar solu\u00e7\u00f5es Em um mundo ideal, todo usu\u00e1rio de Pro Tools teria acesso a um especialista de suporte t\u00e9cnico, ou at\u00e9 maisContinue reading &rarr;<\/p>\n","protected":false},"author":4,"featured_media":11675,"comment_status":"closed","ping_status":"closed","sticky":false,"template":"","format":"standard","meta":{"footnotes":""},"categories":[17,1000],"tags":[],"class_list":["post-11670","post","type-post","status-publish","format-standard","has-post-thumbnail","hentry","category-artigos","category-pro-tools-2","has-thumb"],"yoast_head":"<!-- This site is optimized with the Yoast SEO plugin v26.9 - https:\/\/yoast.com\/product\/yoast-seo-wordpress\/ -->\n<title>Seja seu pr\u00f3prio suporte t\u00e9cnico de Pro Tools - PROCLASS<\/title>\n<meta name=\"robots\" content=\"index, follow, max-snippet:-1, max-image-preview:large, max-video-preview:-1\" \/>\n<link rel=\"canonical\" href=\"https:\/\/proclass.com.br\/home\/2019\/08\/seja-seu-proprio-suporte-tecnico-de-pro-tools\/\" \/>\n<meta property=\"og:locale\" content=\"pt_BR\" \/>\n<meta property=\"og:type\" content=\"article\" \/>\n<meta property=\"og:title\" content=\"Seja seu pr\u00f3prio suporte t\u00e9cnico de Pro Tools - PROCLASS\" \/>\n<meta property=\"og:description\" content=\"Artigo publicado na Backstage.&nbsp;Para conhecer mais sobre a revista,&nbsp;clique aqui. Para saber mais sobre treinamentos e certifica\u00e7\u00f5es oficiais em Waves, Pro Tools, Sibelius ou outros treinamentos em \u00e1udio,&nbsp;clique aqui. Principais problemas e onde encontrar solu\u00e7\u00f5es Em um mundo ideal, todo usu\u00e1rio de Pro Tools teria acesso a um especialista de suporte t\u00e9cnico, ou at\u00e9 maisContinue reading &rarr;\" \/>\n<meta property=\"og:url\" content=\"https:\/\/proclass.com.br\/home\/2019\/08\/seja-seu-proprio-suporte-tecnico-de-pro-tools\/\" \/>\n<meta property=\"og:site_name\" content=\"PROCLASS\" \/>\n<meta property=\"article:published_time\" content=\"2019-08-07T16:43:10+00:00\" \/>\n<meta property=\"article:modified_time\" content=\"2019-08-07T16:43:27+00:00\" \/>\n<meta property=\"og:image\" content=\"https:\/\/proclass.com.br\/home\/wp-content\/uploads\/2019\/08\/Fig.-5-Playback-Engine-logo-na-abertura-do-Pro-Tools.png\" \/>\n\t<meta property=\"og:image:width\" content=\"572\" \/>\n\t<meta property=\"og:image:height\" content=\"600\" \/>\n\t<meta property=\"og:image:type\" content=\"image\/png\" \/>\n<meta name=\"author\" content=\"ProClass Treinamentos\" \/>\n<meta name=\"twitter:card\" content=\"summary_large_image\" \/>\n<meta name=\"twitter:label1\" content=\"Escrito por\" \/>\n\t<meta name=\"twitter:data1\" content=\"ProClass Treinamentos\" \/>\n\t<meta name=\"twitter:label2\" content=\"Est. tempo de leitura\" \/>\n\t<meta name=\"twitter:data2\" content=\"7 minutos\" \/>\n<script type=\"application\/ld+json\" class=\"yoast-schema-graph\">{\"@context\":\"https:\/\/schema.org\",\"@graph\":[{\"@type\":\"Article\",\"@id\":\"https:\/\/proclass.com.br\/home\/2019\/08\/seja-seu-proprio-suporte-tecnico-de-pro-tools\/#article\",\"isPartOf\":{\"@id\":\"https:\/\/proclass.com.br\/home\/2019\/08\/seja-seu-proprio-suporte-tecnico-de-pro-tools\/\"},\"author\":{\"name\":\"ProClass Treinamentos\",\"@id\":\"https:\/\/proclass.com.br\/home\/#\/schema\/person\/f89e1eb93d5d32c0bb465c52f87f5a00\"},\"headline\":\"Seja seu pr\u00f3prio suporte t\u00e9cnico de Pro Tools\",\"datePublished\":\"2019-08-07T16:43:10+00:00\",\"dateModified\":\"2019-08-07T16:43:27+00:00\",\"mainEntityOfPage\":{\"@id\":\"https:\/\/proclass.com.br\/home\/2019\/08\/seja-seu-proprio-suporte-tecnico-de-pro-tools\/\"},\"wordCount\":1406,\"publisher\":{\"@id\":\"https:\/\/proclass.com.br\/home\/#organization\"},\"image\":{\"@id\":\"https:\/\/proclass.com.br\/home\/2019\/08\/seja-seu-proprio-suporte-tecnico-de-pro-tools\/#primaryimage\"},\"thumbnailUrl\":\"https:\/\/proclass.com.br\/home\/wp-content\/uploads\/2019\/08\/Fig.-5-Playback-Engine-logo-na-abertura-do-Pro-Tools.png\",\"articleSection\":[\"Artigos\",\"Pro Tools\"],\"inLanguage\":\"pt-BR\"},{\"@type\":\"WebPage\",\"@id\":\"https:\/\/proclass.com.br\/home\/2019\/08\/seja-seu-proprio-suporte-tecnico-de-pro-tools\/\",\"url\":\"https:\/\/proclass.com.br\/home\/2019\/08\/seja-seu-proprio-suporte-tecnico-de-pro-tools\/\",\"name\":\"Seja seu pr\u00f3prio suporte t\u00e9cnico de Pro Tools - PROCLASS\",\"isPartOf\":{\"@id\":\"https:\/\/proclass.com.br\/home\/#website\"},\"primaryImageOfPage\":{\"@id\":\"https:\/\/proclass.com.br\/home\/2019\/08\/seja-seu-proprio-suporte-tecnico-de-pro-tools\/#primaryimage\"},\"image\":{\"@id\":\"https:\/\/proclass.com.br\/home\/2019\/08\/seja-seu-proprio-suporte-tecnico-de-pro-tools\/#primaryimage\"},\"thumbnailUrl\":\"https:\/\/proclass.com.br\/home\/wp-content\/uploads\/2019\/08\/Fig.-5-Playback-Engine-logo-na-abertura-do-Pro-Tools.png\",\"datePublished\":\"2019-08-07T16:43:10+00:00\",\"dateModified\":\"2019-08-07T16:43:27+00:00\",\"breadcrumb\":{\"@id\":\"https:\/\/proclass.com.br\/home\/2019\/08\/seja-seu-proprio-suporte-tecnico-de-pro-tools\/#breadcrumb\"},\"inLanguage\":\"pt-BR\",\"potentialAction\":[{\"@type\":\"ReadAction\",\"target\":[\"https:\/\/proclass.com.br\/home\/2019\/08\/seja-seu-proprio-suporte-tecnico-de-pro-tools\/\"]}]},{\"@type\":\"ImageObject\",\"inLanguage\":\"pt-BR\",\"@id\":\"https:\/\/proclass.com.br\/home\/2019\/08\/seja-seu-proprio-suporte-tecnico-de-pro-tools\/#primaryimage\",\"url\":\"https:\/\/proclass.com.br\/home\/wp-content\/uploads\/2019\/08\/Fig.-5-Playback-Engine-logo-na-abertura-do-Pro-Tools.png\",\"contentUrl\":\"https:\/\/proclass.com.br\/home\/wp-content\/uploads\/2019\/08\/Fig.-5-Playback-Engine-logo-na-abertura-do-Pro-Tools.png\",\"width\":572,\"height\":600},{\"@type\":\"BreadcrumbList\",\"@id\":\"https:\/\/proclass.com.br\/home\/2019\/08\/seja-seu-proprio-suporte-tecnico-de-pro-tools\/#breadcrumb\",\"itemListElement\":[{\"@type\":\"ListItem\",\"position\":1,\"name\":\"In\u00edcio\",\"item\":\"https:\/\/proclass.com.br\/home\/\"},{\"@type\":\"ListItem\",\"position\":2,\"name\":\"Seja seu pr\u00f3prio suporte t\u00e9cnico de Pro Tools\"}]},{\"@type\":\"WebSite\",\"@id\":\"https:\/\/proclass.com.br\/home\/#website\",\"url\":\"https:\/\/proclass.com.br\/home\/\",\"name\":\"PROCLASS\",\"description\":\"CURSOS E TREINAMENTOS\",\"publisher\":{\"@id\":\"https:\/\/proclass.com.br\/home\/#organization\"},\"potentialAction\":[{\"@type\":\"SearchAction\",\"target\":{\"@type\":\"EntryPoint\",\"urlTemplate\":\"https:\/\/proclass.com.br\/home\/?s={search_term_string}\"},\"query-input\":{\"@type\":\"PropertyValueSpecification\",\"valueRequired\":true,\"valueName\":\"search_term_string\"}}],\"inLanguage\":\"pt-BR\"},{\"@type\":\"Organization\",\"@id\":\"https:\/\/proclass.com.br\/home\/#organization\",\"name\":\"PROCLASS\",\"url\":\"https:\/\/proclass.com.br\/home\/\",\"logo\":{\"@type\":\"ImageObject\",\"inLanguage\":\"pt-BR\",\"@id\":\"https:\/\/proclass.com.br\/home\/#\/schema\/logo\/image\/\",\"url\":\"https:\/\/proclass.com.br\/home\/wp-content\/uploads\/2023\/06\/CABECALHO-black_PROCLASS-2023.png\",\"contentUrl\":\"https:\/\/proclass.com.br\/home\/wp-content\/uploads\/2023\/06\/CABECALHO-black_PROCLASS-2023.png\",\"width\":2563,\"height\":911,\"caption\":\"PROCLASS\"},\"image\":{\"@id\":\"https:\/\/proclass.com.br\/home\/#\/schema\/logo\/image\/\"}},{\"@type\":\"Person\",\"@id\":\"https:\/\/proclass.com.br\/home\/#\/schema\/person\/f89e1eb93d5d32c0bb465c52f87f5a00\",\"name\":\"ProClass Treinamentos\",\"image\":{\"@type\":\"ImageObject\",\"inLanguage\":\"pt-BR\",\"@id\":\"https:\/\/proclass.com.br\/home\/#\/schema\/person\/image\/\",\"url\":\"https:\/\/secure.gravatar.com\/avatar\/3878d7a575c7ac355d2c778d5de04af08b7c5a7d9f19b2889f26cc7d80a6a832?s=96&d=blank&r=g\",\"contentUrl\":\"https:\/\/secure.gravatar.com\/avatar\/3878d7a575c7ac355d2c778d5de04af08b7c5a7d9f19b2889f26cc7d80a6a832?s=96&d=blank&r=g\",\"caption\":\"ProClass Treinamentos\"},\"url\":\"https:\/\/proclass.com.br\/home\/author\/proclass\/\"}]}<\/script>\n<!-- \/ Yoast SEO plugin. -->","yoast_head_json":{"title":"Seja seu pr\u00f3prio suporte t\u00e9cnico de Pro Tools - PROCLASS","robots":{"index":"index","follow":"follow","max-snippet":"max-snippet:-1","max-image-preview":"max-image-preview:large","max-video-preview":"max-video-preview:-1"},"canonical":"https:\/\/proclass.com.br\/home\/2019\/08\/seja-seu-proprio-suporte-tecnico-de-pro-tools\/","og_locale":"pt_BR","og_type":"article","og_title":"Seja seu pr\u00f3prio suporte t\u00e9cnico de Pro Tools - PROCLASS","og_description":"Artigo publicado na Backstage.&nbsp;Para conhecer mais sobre a revista,&nbsp;clique aqui. Para saber mais sobre treinamentos e certifica\u00e7\u00f5es oficiais em Waves, Pro Tools, Sibelius ou outros treinamentos em \u00e1udio,&nbsp;clique aqui. Principais problemas e onde encontrar solu\u00e7\u00f5es Em um mundo ideal, todo usu\u00e1rio de Pro Tools teria acesso a um especialista de suporte t\u00e9cnico, ou at\u00e9 maisContinue reading &rarr;","og_url":"https:\/\/proclass.com.br\/home\/2019\/08\/seja-seu-proprio-suporte-tecnico-de-pro-tools\/","og_site_name":"PROCLASS","article_published_time":"2019-08-07T16:43:10+00:00","article_modified_time":"2019-08-07T16:43:27+00:00","og_image":[{"width":572,"height":600,"url":"https:\/\/proclass.com.br\/home\/wp-content\/uploads\/2019\/08\/Fig.-5-Playback-Engine-logo-na-abertura-do-Pro-Tools.png","type":"image\/png"}],"author":"ProClass Treinamentos","twitter_card":"summary_large_image","twitter_misc":{"Escrito por":"ProClass Treinamentos","Est. tempo de leitura":"7 minutos"},"schema":{"@context":"https:\/\/schema.org","@graph":[{"@type":"Article","@id":"https:\/\/proclass.com.br\/home\/2019\/08\/seja-seu-proprio-suporte-tecnico-de-pro-tools\/#article","isPartOf":{"@id":"https:\/\/proclass.com.br\/home\/2019\/08\/seja-seu-proprio-suporte-tecnico-de-pro-tools\/"},"author":{"name":"ProClass Treinamentos","@id":"https:\/\/proclass.com.br\/home\/#\/schema\/person\/f89e1eb93d5d32c0bb465c52f87f5a00"},"headline":"Seja seu pr\u00f3prio suporte t\u00e9cnico de Pro Tools","datePublished":"2019-08-07T16:43:10+00:00","dateModified":"2019-08-07T16:43:27+00:00","mainEntityOfPage":{"@id":"https:\/\/proclass.com.br\/home\/2019\/08\/seja-seu-proprio-suporte-tecnico-de-pro-tools\/"},"wordCount":1406,"publisher":{"@id":"https:\/\/proclass.com.br\/home\/#organization"},"image":{"@id":"https:\/\/proclass.com.br\/home\/2019\/08\/seja-seu-proprio-suporte-tecnico-de-pro-tools\/#primaryimage"},"thumbnailUrl":"https:\/\/proclass.com.br\/home\/wp-content\/uploads\/2019\/08\/Fig.-5-Playback-Engine-logo-na-abertura-do-Pro-Tools.png","articleSection":["Artigos","Pro Tools"],"inLanguage":"pt-BR"},{"@type":"WebPage","@id":"https:\/\/proclass.com.br\/home\/2019\/08\/seja-seu-proprio-suporte-tecnico-de-pro-tools\/","url":"https:\/\/proclass.com.br\/home\/2019\/08\/seja-seu-proprio-suporte-tecnico-de-pro-tools\/","name":"Seja seu pr\u00f3prio suporte t\u00e9cnico de Pro Tools - PROCLASS","isPartOf":{"@id":"https:\/\/proclass.com.br\/home\/#website"},"primaryImageOfPage":{"@id":"https:\/\/proclass.com.br\/home\/2019\/08\/seja-seu-proprio-suporte-tecnico-de-pro-tools\/#primaryimage"},"image":{"@id":"https:\/\/proclass.com.br\/home\/2019\/08\/seja-seu-proprio-suporte-tecnico-de-pro-tools\/#primaryimage"},"thumbnailUrl":"https:\/\/proclass.com.br\/home\/wp-content\/uploads\/2019\/08\/Fig.-5-Playback-Engine-logo-na-abertura-do-Pro-Tools.png","datePublished":"2019-08-07T16:43:10+00:00","dateModified":"2019-08-07T16:43:27+00:00","breadcrumb":{"@id":"https:\/\/proclass.com.br\/home\/2019\/08\/seja-seu-proprio-suporte-tecnico-de-pro-tools\/#breadcrumb"},"inLanguage":"pt-BR","potentialAction":[{"@type":"ReadAction","target":["https:\/\/proclass.com.br\/home\/2019\/08\/seja-seu-proprio-suporte-tecnico-de-pro-tools\/"]}]},{"@type":"ImageObject","inLanguage":"pt-BR","@id":"https:\/\/proclass.com.br\/home\/2019\/08\/seja-seu-proprio-suporte-tecnico-de-pro-tools\/#primaryimage","url":"https:\/\/proclass.com.br\/home\/wp-content\/uploads\/2019\/08\/Fig.-5-Playback-Engine-logo-na-abertura-do-Pro-Tools.png","contentUrl":"https:\/\/proclass.com.br\/home\/wp-content\/uploads\/2019\/08\/Fig.-5-Playback-Engine-logo-na-abertura-do-Pro-Tools.png","width":572,"height":600},{"@type":"BreadcrumbList","@id":"https:\/\/proclass.com.br\/home\/2019\/08\/seja-seu-proprio-suporte-tecnico-de-pro-tools\/#breadcrumb","itemListElement":[{"@type":"ListItem","position":1,"name":"In\u00edcio","item":"https:\/\/proclass.com.br\/home\/"},{"@type":"ListItem","position":2,"name":"Seja seu pr\u00f3prio suporte t\u00e9cnico de Pro Tools"}]},{"@type":"WebSite","@id":"https:\/\/proclass.com.br\/home\/#website","url":"https:\/\/proclass.com.br\/home\/","name":"PROCLASS","description":"CURSOS E TREINAMENTOS","publisher":{"@id":"https:\/\/proclass.com.br\/home\/#organization"},"potentialAction":[{"@type":"SearchAction","target":{"@type":"EntryPoint","urlTemplate":"https:\/\/proclass.com.br\/home\/?s={search_term_string}"},"query-input":{"@type":"PropertyValueSpecification","valueRequired":true,"valueName":"search_term_string"}}],"inLanguage":"pt-BR"},{"@type":"Organization","@id":"https:\/\/proclass.com.br\/home\/#organization","name":"PROCLASS","url":"https:\/\/proclass.com.br\/home\/","logo":{"@type":"ImageObject","inLanguage":"pt-BR","@id":"https:\/\/proclass.com.br\/home\/#\/schema\/logo\/image\/","url":"https:\/\/proclass.com.br\/home\/wp-content\/uploads\/2023\/06\/CABECALHO-black_PROCLASS-2023.png","contentUrl":"https:\/\/proclass.com.br\/home\/wp-content\/uploads\/2023\/06\/CABECALHO-black_PROCLASS-2023.png","width":2563,"height":911,"caption":"PROCLASS"},"image":{"@id":"https:\/\/proclass.com.br\/home\/#\/schema\/logo\/image\/"}},{"@type":"Person","@id":"https:\/\/proclass.com.br\/home\/#\/schema\/person\/f89e1eb93d5d32c0bb465c52f87f5a00","name":"ProClass Treinamentos","image":{"@type":"ImageObject","inLanguage":"pt-BR","@id":"https:\/\/proclass.com.br\/home\/#\/schema\/person\/image\/","url":"https:\/\/secure.gravatar.com\/avatar\/3878d7a575c7ac355d2c778d5de04af08b7c5a7d9f19b2889f26cc7d80a6a832?s=96&d=blank&r=g","contentUrl":"https:\/\/secure.gravatar.com\/avatar\/3878d7a575c7ac355d2c778d5de04af08b7c5a7d9f19b2889f26cc7d80a6a832?s=96&d=blank&r=g","caption":"ProClass Treinamentos"},"url":"https:\/\/proclass.com.br\/home\/author\/proclass\/"}]}},"_links":{"self":[{"href":"https:\/\/proclass.com.br\/home\/wp-json\/wp\/v2\/posts\/11670","targetHints":{"allow":["GET"]}}],"collection":[{"href":"https:\/\/proclass.com.br\/home\/wp-json\/wp\/v2\/posts"}],"about":[{"href":"https:\/\/proclass.com.br\/home\/wp-json\/wp\/v2\/types\/post"}],"author":[{"embeddable":true,"href":"https:\/\/proclass.com.br\/home\/wp-json\/wp\/v2\/users\/4"}],"replies":[{"embeddable":true,"href":"https:\/\/proclass.com.br\/home\/wp-json\/wp\/v2\/comments?post=11670"}],"version-history":[{"count":0,"href":"https:\/\/proclass.com.br\/home\/wp-json\/wp\/v2\/posts\/11670\/revisions"}],"wp:featuredmedia":[{"embeddable":true,"href":"https:\/\/proclass.com.br\/home\/wp-json\/wp\/v2\/media\/11675"}],"wp:attachment":[{"href":"https:\/\/proclass.com.br\/home\/wp-json\/wp\/v2\/media?parent=11670"}],"wp:term":[{"taxonomy":"category","embeddable":true,"href":"https:\/\/proclass.com.br\/home\/wp-json\/wp\/v2\/categories?post=11670"},{"taxonomy":"post_tag","embeddable":true,"href":"https:\/\/proclass.com.br\/home\/wp-json\/wp\/v2\/tags?post=11670"}],"curies":[{"name":"wp","href":"https:\/\/api.w.org\/{rel}","templated":true}]}}