{"id":1162,"date":"2012-06-13T16:32:08","date_gmt":"2012-06-13T19:32:08","guid":{"rendered":"http:\/\/proclass.com.br\/home\/?p=1162"},"modified":"2012-08-26T16:42:55","modified_gmt":"2012-08-26T19:42:55","slug":"nova-sala-de-treinamentos-proclass","status":"publish","type":"post","link":"https:\/\/proclass.com.br\/home\/2012\/06\/nova-sala-de-treinamentos-proclass\/","title":{"rendered":"Nova sala de treinamentos ProClass"},"content":{"rendered":"<p style=\"text-align: justify;\"><strong><span style=\"font-size: large;\">Conhe\u00e7a a nova sala de treinamentos da ProClass<\/span><\/strong><\/p>\n<p style=\"text-align: justify;\"><span style=\"font-size: small;\"><strong>Conceito: <\/strong>Apesar de ser uma sala projetada para treinamentos em softwares de v\u00eddeos como <a href=\"http:\/\/proclass.com.br\/home\/cursos\/final-cut-pro\/\">Final Cut Pro<\/a> e <a href=\"http:\/\/proclass.com.br\/home\/cursos\/avid-media-composer\/\">Avid Media Composer<\/a>, tamb\u00e9m est\u00e1 preparada com interfaces de \u00e1udio, fones e licen\u00e7as para treinamentos de <a href=\"http:\/\/proclass.com.br\/home\/cursos\/pro-tools\/\">Pro Tools<\/a>, <a href=\"http:\/\/proclass.com.br\/home\/cursos\/logic-pro\/\">Logic Pro<\/a>, <a href=\"http:\/\/proclass.com.br\/home\/cursos\/mixagem-programa-modular\/\">Mixagem<\/a>, <a href=\"http:\/\/proclass.com.br\/home\/cursos\/sibelius\/\">Sibelius <\/a>e <a href=\"http:\/\/proclass.com.br\/home\/certificacoes\/waves\/\">Waves<\/a>.<!--more--><\/span><\/p>\n<table style=\"width: 100%;\" border=\"0\" align=\"center\">\n<tbody>\n<tr>\n<td><strong><span style=\"font-size: medium;\"><img fetchpriority=\"high\" decoding=\"async\" class=\"wp-image-1163 aligncenter\" src=\"http:\/\/proclass.com.br\/home\/wp-content\/uploads\/2012\/08\/newpc01.jpg\" alt=\"\" width=\"300\" height=\"200\" \/><\/span><\/strong><\/td>\n<\/tr>\n<tr>\n<td>\n<p style=\"text-align: justify;\"><strong><span style=\"font-size: medium;\">Computadores:<\/span><\/strong><\/p>\n<p style=\"text-align: justify;\">A sala \u00e9 toda equipada com iMacs de 21\u2033, que s\u00e3o capazes de manipular, com alto desempenho, projetos de v\u00eddeo e \u00e1udio, al\u00e9m de apresentarem uma imagem muito superior \u00e0s telas de monitores convencionais.<\/p>\n<\/td>\n<\/tr>\n<tr>\n<td><img decoding=\"async\" class=\"wp-image-1164 aligncenter\" src=\"http:\/\/proclass.com.br\/home\/wp-content\/uploads\/2012\/08\/newpc02.jpg\" alt=\"\" width=\"200\" height=\"300\" \/><\/td>\n<\/tr>\n<tr>\n<td>\n<p style=\"text-align: justify;\"><strong><span style=\"font-size: medium;\">Interatividade:<\/span><\/strong><\/p>\n<p style=\"text-align: justify;\">A interatividade tem papel fundamental na metodologia da ProClass. Como nas outras salas, alunos podem n\u00e3o apenas visualizar, mas tamb\u00e9m interagir remotamente com a m\u00e1quina do instrutor e da mesma maneira o instrutor poder\u00e1 controlar as m\u00e1quinas dos alunos. Isso promove uma experi\u00eancia \u00edmpar na corre\u00e7\u00e3o de exerc\u00edcios e participa\u00e7\u00e3o dos alunos nas explica\u00e7\u00f5es.<\/p>\n<\/td>\n<\/tr>\n<\/tbody>\n<\/table>\n","protected":false},"excerpt":{"rendered":"<p>Conhe\u00e7a a nova sala de treinamentos da ProClass Conceito: Apesar de ser uma sala projetada para treinamentos em softwares de v\u00eddeos como Final Cut Pro e Avid Media Composer, tamb\u00e9m est\u00e1 preparada com interfaces de \u00e1udio, fones e licen\u00e7as para treinamentos de Pro Tools, Logic Pro, Mixagem, Sibelius e Waves.<\/p>\n","protected":false},"author":4,"featured_media":0,"comment_status":"open","ping_status":"open","sticky":false,"template":"","format":"standard","meta":{"footnotes":""},"categories":[13],"tags":[87,351,60,329,355,356,35,354,33,29],"class_list":["post-1162","post","type-post","status-publish","format-standard","hentry","category-noticias","tag-autom","tag-desempenho","tag-experi","tag-final-cut","tag-imacs","tag-outras","tag-pro-tools","tag-projetos","tag-sibelius","tag-tamb","no-thumb"],"yoast_head":"<!-- This site is optimized with the Yoast SEO plugin v26.9 - https:\/\/yoast.com\/product\/yoast-seo-wordpress\/ -->\n<title>Nova sala de treinamentos ProClass - PROCLASS<\/title>\n<meta name=\"robots\" content=\"index, follow, max-snippet:-1, max-image-preview:large, max-video-preview:-1\" \/>\n<link rel=\"canonical\" href=\"https:\/\/proclass.com.br\/home\/2012\/06\/nova-sala-de-treinamentos-proclass\/\" \/>\n<meta property=\"og:locale\" content=\"pt_BR\" \/>\n<meta property=\"og:type\" content=\"article\" \/>\n<meta property=\"og:title\" content=\"Nova sala de treinamentos ProClass - PROCLASS\" \/>\n<meta property=\"og:description\" content=\"Conhe\u00e7a a nova sala de treinamentos da ProClass Conceito: Apesar de ser uma sala projetada para treinamentos em softwares de v\u00eddeos como Final Cut Pro e Avid Media Composer, tamb\u00e9m est\u00e1 preparada com interfaces de \u00e1udio, fones e licen\u00e7as para treinamentos de Pro Tools, Logic Pro, Mixagem, Sibelius e Waves.\" \/>\n<meta property=\"og:url\" content=\"https:\/\/proclass.com.br\/home\/2012\/06\/nova-sala-de-treinamentos-proclass\/\" \/>\n<meta property=\"og:site_name\" content=\"PROCLASS\" \/>\n<meta property=\"article:published_time\" content=\"2012-06-13T19:32:08+00:00\" \/>\n<meta property=\"article:modified_time\" content=\"2012-08-26T19:42:55+00:00\" \/>\n<meta property=\"og:image\" content=\"https:\/\/proclass.com.br\/home\/wp-content\/uploads\/2012\/08\/newpc01.jpg\" \/>\n\t<meta property=\"og:image:width\" content=\"300\" \/>\n\t<meta property=\"og:image:height\" content=\"200\" \/>\n\t<meta property=\"og:image:type\" content=\"image\/jpeg\" \/>\n<meta name=\"author\" content=\"ProClass Treinamentos\" \/>\n<meta name=\"twitter:card\" content=\"summary_large_image\" \/>\n<meta name=\"twitter:label1\" content=\"Escrito por\" \/>\n\t<meta name=\"twitter:data1\" content=\"ProClass Treinamentos\" \/>\n\t<meta name=\"twitter:label2\" content=\"Est. tempo de leitura\" \/>\n\t<meta name=\"twitter:data2\" content=\"1 minuto\" \/>\n<script type=\"application\/ld+json\" class=\"yoast-schema-graph\">{\"@context\":\"https:\/\/schema.org\",\"@graph\":[{\"@type\":\"Article\",\"@id\":\"https:\/\/proclass.com.br\/home\/2012\/06\/nova-sala-de-treinamentos-proclass\/#article\",\"isPartOf\":{\"@id\":\"https:\/\/proclass.com.br\/home\/2012\/06\/nova-sala-de-treinamentos-proclass\/\"},\"author\":{\"name\":\"ProClass Treinamentos\",\"@id\":\"https:\/\/proclass.com.br\/home\/#\/schema\/person\/f89e1eb93d5d32c0bb465c52f87f5a00\"},\"headline\":\"Nova sala de treinamentos ProClass\",\"datePublished\":\"2012-06-13T19:32:08+00:00\",\"dateModified\":\"2012-08-26T19:42:55+00:00\",\"mainEntityOfPage\":{\"@id\":\"https:\/\/proclass.com.br\/home\/2012\/06\/nova-sala-de-treinamentos-proclass\/\"},\"wordCount\":159,\"commentCount\":0,\"publisher\":{\"@id\":\"https:\/\/proclass.com.br\/home\/#organization\"},\"image\":{\"@id\":\"https:\/\/proclass.com.br\/home\/2012\/06\/nova-sala-de-treinamentos-proclass\/#primaryimage\"},\"thumbnailUrl\":\"http:\/\/proclass.com.br\/home\/wp-content\/uploads\/2012\/08\/newpc01.jpg\",\"keywords\":[\"autom\",\"desempenho\",\"experi\",\"final cut\",\"imacs\",\"outras\",\"pro tools\",\"projetos\",\"sibelius\",\"tamb\"],\"articleSection\":[\"Not\u00edcias\"],\"inLanguage\":\"pt-BR\",\"potentialAction\":[{\"@type\":\"CommentAction\",\"name\":\"Comment\",\"target\":[\"https:\/\/proclass.com.br\/home\/2012\/06\/nova-sala-de-treinamentos-proclass\/#respond\"]}]},{\"@type\":\"WebPage\",\"@id\":\"https:\/\/proclass.com.br\/home\/2012\/06\/nova-sala-de-treinamentos-proclass\/\",\"url\":\"https:\/\/proclass.com.br\/home\/2012\/06\/nova-sala-de-treinamentos-proclass\/\",\"name\":\"Nova sala de treinamentos ProClass - PROCLASS\",\"isPartOf\":{\"@id\":\"https:\/\/proclass.com.br\/home\/#website\"},\"primaryImageOfPage\":{\"@id\":\"https:\/\/proclass.com.br\/home\/2012\/06\/nova-sala-de-treinamentos-proclass\/#primaryimage\"},\"image\":{\"@id\":\"https:\/\/proclass.com.br\/home\/2012\/06\/nova-sala-de-treinamentos-proclass\/#primaryimage\"},\"thumbnailUrl\":\"http:\/\/proclass.com.br\/home\/wp-content\/uploads\/2012\/08\/newpc01.jpg\",\"datePublished\":\"2012-06-13T19:32:08+00:00\",\"dateModified\":\"2012-08-26T19:42:55+00:00\",\"breadcrumb\":{\"@id\":\"https:\/\/proclass.com.br\/home\/2012\/06\/nova-sala-de-treinamentos-proclass\/#breadcrumb\"},\"inLanguage\":\"pt-BR\",\"potentialAction\":[{\"@type\":\"ReadAction\",\"target\":[\"https:\/\/proclass.com.br\/home\/2012\/06\/nova-sala-de-treinamentos-proclass\/\"]}]},{\"@type\":\"ImageObject\",\"inLanguage\":\"pt-BR\",\"@id\":\"https:\/\/proclass.com.br\/home\/2012\/06\/nova-sala-de-treinamentos-proclass\/#primaryimage\",\"url\":\"https:\/\/proclass.com.br\/home\/wp-content\/uploads\/2012\/08\/newpc01.jpg\",\"contentUrl\":\"https:\/\/proclass.com.br\/home\/wp-content\/uploads\/2012\/08\/newpc01.jpg\",\"width\":\"300\",\"height\":\"200\"},{\"@type\":\"BreadcrumbList\",\"@id\":\"https:\/\/proclass.com.br\/home\/2012\/06\/nova-sala-de-treinamentos-proclass\/#breadcrumb\",\"itemListElement\":[{\"@type\":\"ListItem\",\"position\":1,\"name\":\"In\u00edcio\",\"item\":\"https:\/\/proclass.com.br\/home\/\"},{\"@type\":\"ListItem\",\"position\":2,\"name\":\"Nova sala de treinamentos ProClass\"}]},{\"@type\":\"WebSite\",\"@id\":\"https:\/\/proclass.com.br\/home\/#website\",\"url\":\"https:\/\/proclass.com.br\/home\/\",\"name\":\"PROCLASS\",\"description\":\"CURSOS E TREINAMENTOS\",\"publisher\":{\"@id\":\"https:\/\/proclass.com.br\/home\/#organization\"},\"potentialAction\":[{\"@type\":\"SearchAction\",\"target\":{\"@type\":\"EntryPoint\",\"urlTemplate\":\"https:\/\/proclass.com.br\/home\/?s={search_term_string}\"},\"query-input\":{\"@type\":\"PropertyValueSpecification\",\"valueRequired\":true,\"valueName\":\"search_term_string\"}}],\"inLanguage\":\"pt-BR\"},{\"@type\":\"Organization\",\"@id\":\"https:\/\/proclass.com.br\/home\/#organization\",\"name\":\"PROCLASS\",\"url\":\"https:\/\/proclass.com.br\/home\/\",\"logo\":{\"@type\":\"ImageObject\",\"inLanguage\":\"pt-BR\",\"@id\":\"https:\/\/proclass.com.br\/home\/#\/schema\/logo\/image\/\",\"url\":\"https:\/\/proclass.com.br\/home\/wp-content\/uploads\/2023\/06\/CABECALHO-black_PROCLASS-2023.png\",\"contentUrl\":\"https:\/\/proclass.com.br\/home\/wp-content\/uploads\/2023\/06\/CABECALHO-black_PROCLASS-2023.png\",\"width\":2563,\"height\":911,\"caption\":\"PROCLASS\"},\"image\":{\"@id\":\"https:\/\/proclass.com.br\/home\/#\/schema\/logo\/image\/\"}},{\"@type\":\"Person\",\"@id\":\"https:\/\/proclass.com.br\/home\/#\/schema\/person\/f89e1eb93d5d32c0bb465c52f87f5a00\",\"name\":\"ProClass Treinamentos\",\"image\":{\"@type\":\"ImageObject\",\"inLanguage\":\"pt-BR\",\"@id\":\"https:\/\/proclass.com.br\/home\/#\/schema\/person\/image\/\",\"url\":\"https:\/\/secure.gravatar.com\/avatar\/3878d7a575c7ac355d2c778d5de04af08b7c5a7d9f19b2889f26cc7d80a6a832?s=96&d=blank&r=g\",\"contentUrl\":\"https:\/\/secure.gravatar.com\/avatar\/3878d7a575c7ac355d2c778d5de04af08b7c5a7d9f19b2889f26cc7d80a6a832?s=96&d=blank&r=g\",\"caption\":\"ProClass Treinamentos\"},\"url\":\"https:\/\/proclass.com.br\/home\/author\/proclass\/\"}]}<\/script>\n<!-- \/ Yoast SEO plugin. -->","yoast_head_json":{"title":"Nova sala de treinamentos ProClass - PROCLASS","robots":{"index":"index","follow":"follow","max-snippet":"max-snippet:-1","max-image-preview":"max-image-preview:large","max-video-preview":"max-video-preview:-1"},"canonical":"https:\/\/proclass.com.br\/home\/2012\/06\/nova-sala-de-treinamentos-proclass\/","og_locale":"pt_BR","og_type":"article","og_title":"Nova sala de treinamentos ProClass - PROCLASS","og_description":"Conhe\u00e7a a nova sala de treinamentos da ProClass Conceito: Apesar de ser uma sala projetada para treinamentos em softwares de v\u00eddeos como Final Cut Pro e Avid Media Composer, tamb\u00e9m est\u00e1 preparada com interfaces de \u00e1udio, fones e licen\u00e7as para treinamentos de Pro Tools, Logic Pro, Mixagem, Sibelius e Waves.","og_url":"https:\/\/proclass.com.br\/home\/2012\/06\/nova-sala-de-treinamentos-proclass\/","og_site_name":"PROCLASS","article_published_time":"2012-06-13T19:32:08+00:00","article_modified_time":"2012-08-26T19:42:55+00:00","og_image":[{"width":300,"height":200,"url":"https:\/\/proclass.com.br\/home\/wp-content\/uploads\/2012\/08\/newpc01.jpg","type":"image\/jpeg"}],"author":"ProClass Treinamentos","twitter_card":"summary_large_image","twitter_misc":{"Escrito por":"ProClass Treinamentos","Est. tempo de leitura":"1 minuto"},"schema":{"@context":"https:\/\/schema.org","@graph":[{"@type":"Article","@id":"https:\/\/proclass.com.br\/home\/2012\/06\/nova-sala-de-treinamentos-proclass\/#article","isPartOf":{"@id":"https:\/\/proclass.com.br\/home\/2012\/06\/nova-sala-de-treinamentos-proclass\/"},"author":{"name":"ProClass Treinamentos","@id":"https:\/\/proclass.com.br\/home\/#\/schema\/person\/f89e1eb93d5d32c0bb465c52f87f5a00"},"headline":"Nova sala de treinamentos ProClass","datePublished":"2012-06-13T19:32:08+00:00","dateModified":"2012-08-26T19:42:55+00:00","mainEntityOfPage":{"@id":"https:\/\/proclass.com.br\/home\/2012\/06\/nova-sala-de-treinamentos-proclass\/"},"wordCount":159,"commentCount":0,"publisher":{"@id":"https:\/\/proclass.com.br\/home\/#organization"},"image":{"@id":"https:\/\/proclass.com.br\/home\/2012\/06\/nova-sala-de-treinamentos-proclass\/#primaryimage"},"thumbnailUrl":"http:\/\/proclass.com.br\/home\/wp-content\/uploads\/2012\/08\/newpc01.jpg","keywords":["autom","desempenho","experi","final cut","imacs","outras","pro tools","projetos","sibelius","tamb"],"articleSection":["Not\u00edcias"],"inLanguage":"pt-BR","potentialAction":[{"@type":"CommentAction","name":"Comment","target":["https:\/\/proclass.com.br\/home\/2012\/06\/nova-sala-de-treinamentos-proclass\/#respond"]}]},{"@type":"WebPage","@id":"https:\/\/proclass.com.br\/home\/2012\/06\/nova-sala-de-treinamentos-proclass\/","url":"https:\/\/proclass.com.br\/home\/2012\/06\/nova-sala-de-treinamentos-proclass\/","name":"Nova sala de treinamentos ProClass - PROCLASS","isPartOf":{"@id":"https:\/\/proclass.com.br\/home\/#website"},"primaryImageOfPage":{"@id":"https:\/\/proclass.com.br\/home\/2012\/06\/nova-sala-de-treinamentos-proclass\/#primaryimage"},"image":{"@id":"https:\/\/proclass.com.br\/home\/2012\/06\/nova-sala-de-treinamentos-proclass\/#primaryimage"},"thumbnailUrl":"http:\/\/proclass.com.br\/home\/wp-content\/uploads\/2012\/08\/newpc01.jpg","datePublished":"2012-06-13T19:32:08+00:00","dateModified":"2012-08-26T19:42:55+00:00","breadcrumb":{"@id":"https:\/\/proclass.com.br\/home\/2012\/06\/nova-sala-de-treinamentos-proclass\/#breadcrumb"},"inLanguage":"pt-BR","potentialAction":[{"@type":"ReadAction","target":["https:\/\/proclass.com.br\/home\/2012\/06\/nova-sala-de-treinamentos-proclass\/"]}]},{"@type":"ImageObject","inLanguage":"pt-BR","@id":"https:\/\/proclass.com.br\/home\/2012\/06\/nova-sala-de-treinamentos-proclass\/#primaryimage","url":"https:\/\/proclass.com.br\/home\/wp-content\/uploads\/2012\/08\/newpc01.jpg","contentUrl":"https:\/\/proclass.com.br\/home\/wp-content\/uploads\/2012\/08\/newpc01.jpg","width":"300","height":"200"},{"@type":"BreadcrumbList","@id":"https:\/\/proclass.com.br\/home\/2012\/06\/nova-sala-de-treinamentos-proclass\/#breadcrumb","itemListElement":[{"@type":"ListItem","position":1,"name":"In\u00edcio","item":"https:\/\/proclass.com.br\/home\/"},{"@type":"ListItem","position":2,"name":"Nova sala de treinamentos ProClass"}]},{"@type":"WebSite","@id":"https:\/\/proclass.com.br\/home\/#website","url":"https:\/\/proclass.com.br\/home\/","name":"PROCLASS","description":"CURSOS E TREINAMENTOS","publisher":{"@id":"https:\/\/proclass.com.br\/home\/#organization"},"potentialAction":[{"@type":"SearchAction","target":{"@type":"EntryPoint","urlTemplate":"https:\/\/proclass.com.br\/home\/?s={search_term_string}"},"query-input":{"@type":"PropertyValueSpecification","valueRequired":true,"valueName":"search_term_string"}}],"inLanguage":"pt-BR"},{"@type":"Organization","@id":"https:\/\/proclass.com.br\/home\/#organization","name":"PROCLASS","url":"https:\/\/proclass.com.br\/home\/","logo":{"@type":"ImageObject","inLanguage":"pt-BR","@id":"https:\/\/proclass.com.br\/home\/#\/schema\/logo\/image\/","url":"https:\/\/proclass.com.br\/home\/wp-content\/uploads\/2023\/06\/CABECALHO-black_PROCLASS-2023.png","contentUrl":"https:\/\/proclass.com.br\/home\/wp-content\/uploads\/2023\/06\/CABECALHO-black_PROCLASS-2023.png","width":2563,"height":911,"caption":"PROCLASS"},"image":{"@id":"https:\/\/proclass.com.br\/home\/#\/schema\/logo\/image\/"}},{"@type":"Person","@id":"https:\/\/proclass.com.br\/home\/#\/schema\/person\/f89e1eb93d5d32c0bb465c52f87f5a00","name":"ProClass Treinamentos","image":{"@type":"ImageObject","inLanguage":"pt-BR","@id":"https:\/\/proclass.com.br\/home\/#\/schema\/person\/image\/","url":"https:\/\/secure.gravatar.com\/avatar\/3878d7a575c7ac355d2c778d5de04af08b7c5a7d9f19b2889f26cc7d80a6a832?s=96&d=blank&r=g","contentUrl":"https:\/\/secure.gravatar.com\/avatar\/3878d7a575c7ac355d2c778d5de04af08b7c5a7d9f19b2889f26cc7d80a6a832?s=96&d=blank&r=g","caption":"ProClass Treinamentos"},"url":"https:\/\/proclass.com.br\/home\/author\/proclass\/"}]}},"_links":{"self":[{"href":"https:\/\/proclass.com.br\/home\/wp-json\/wp\/v2\/posts\/1162","targetHints":{"allow":["GET"]}}],"collection":[{"href":"https:\/\/proclass.com.br\/home\/wp-json\/wp\/v2\/posts"}],"about":[{"href":"https:\/\/proclass.com.br\/home\/wp-json\/wp\/v2\/types\/post"}],"author":[{"embeddable":true,"href":"https:\/\/proclass.com.br\/home\/wp-json\/wp\/v2\/users\/4"}],"replies":[{"embeddable":true,"href":"https:\/\/proclass.com.br\/home\/wp-json\/wp\/v2\/comments?post=1162"}],"version-history":[{"count":0,"href":"https:\/\/proclass.com.br\/home\/wp-json\/wp\/v2\/posts\/1162\/revisions"}],"wp:attachment":[{"href":"https:\/\/proclass.com.br\/home\/wp-json\/wp\/v2\/media?parent=1162"}],"wp:term":[{"taxonomy":"category","embeddable":true,"href":"https:\/\/proclass.com.br\/home\/wp-json\/wp\/v2\/categories?post=1162"},{"taxonomy":"post_tag","embeddable":true,"href":"https:\/\/proclass.com.br\/home\/wp-json\/wp\/v2\/tags?post=1162"}],"curies":[{"name":"wp","href":"https:\/\/api.w.org\/{rel}","templated":true}]}}