{"id":1146,"date":"2012-06-19T16:17:03","date_gmt":"2012-06-19T19:17:03","guid":{"rendered":"http:\/\/proclass.com.br\/home\/?p=1146"},"modified":"2012-08-26T16:19:45","modified_gmt":"2012-08-26T19:19:45","slug":"impressoes-da-aes-brasil-2012","status":"publish","type":"post","link":"https:\/\/proclass.com.br\/home\/2012\/06\/impressoes-da-aes-brasil-2012\/","title":{"rendered":"Impress\u00f5es da AES Brasil 2012"},"content":{"rendered":"<p style=\"text-align: justify;\"><span style=\"font-size: medium;\">Acompanhe no v\u00eddeo abaixo, uma entrevista feita pela \u00c1udio, M\u00fasica e Tecnologia com Rodrigo Meirelles , s\u00f3cio-diretor da ProClass sobre sobre participa\u00e7\u00e3o como palestrante e suas impress\u00f5es da AES Brasil 2012 em que foi um dos palestrantes.<!--more--><\/span><\/p>\n<p style=\"text-align: center;\">[yframe url=&#8217;http:\/\/www.youtube.com\/watch?v=tYaIxuLgbBQ&#8217;]<\/p>\n<p style=\"text-align: center;\"><img decoding=\"async\" class=\"alignnone size-full wp-image-1148\" title=\"audiovtec\" src=\"http:\/\/proclass.com.br\/home\/wp-content\/uploads\/2012\/08\/audiovtec.jpg\" alt=\"\" width=\"300\" height=\"80\" \/><\/p>\n","protected":false},"excerpt":{"rendered":"<p>Acompanhe no v\u00eddeo abaixo, uma entrevista feita pela \u00c1udio, M\u00fasica e Tecnologia com Rodrigo Meirelles , s\u00f3cio-diretor da ProClass sobre sobre participa\u00e7\u00e3o como palestrante e suas impress\u00f5es da AES Brasil 2012 em que foi um dos palestrantes.<\/p>\n","protected":false},"author":4,"featured_media":1147,"comment_status":"open","ping_status":"open","sticky":false,"template":"","format":"standard","meta":{"footnotes":""},"categories":[1],"tags":[87,37,208,346,347],"class_list":["post-1146","post","type-post","status-publish","format-standard","has-post-thumbnail","hentry","category-novidades","tag-autom","tag-pela","tag-rodrigo","tag-uma-entrevista","tag-youtube","has-thumb"],"yoast_head":"<!-- This site is optimized with the Yoast SEO plugin v26.9 - https:\/\/yoast.com\/product\/yoast-seo-wordpress\/ -->\n<title>Impress\u00f5es da AES Brasil 2012 - PROCLASS<\/title>\n<meta name=\"robots\" content=\"index, follow, max-snippet:-1, max-image-preview:large, max-video-preview:-1\" \/>\n<link rel=\"canonical\" href=\"https:\/\/proclass.com.br\/home\/2012\/06\/impressoes-da-aes-brasil-2012\/\" \/>\n<meta property=\"og:locale\" content=\"pt_BR\" \/>\n<meta property=\"og:type\" content=\"article\" \/>\n<meta property=\"og:title\" content=\"Impress\u00f5es da AES Brasil 2012 - PROCLASS\" \/>\n<meta property=\"og:description\" content=\"Acompanhe no v\u00eddeo abaixo, uma entrevista feita pela \u00c1udio, M\u00fasica e Tecnologia com Rodrigo Meirelles , s\u00f3cio-diretor da ProClass sobre sobre participa\u00e7\u00e3o como palestrante e suas impress\u00f5es da AES Brasil 2012 em que foi um dos palestrantes.\" \/>\n<meta property=\"og:url\" content=\"https:\/\/proclass.com.br\/home\/2012\/06\/impressoes-da-aes-brasil-2012\/\" \/>\n<meta property=\"og:site_name\" content=\"PROCLASS\" \/>\n<meta property=\"article:published_time\" content=\"2012-06-19T19:17:03+00:00\" \/>\n<meta property=\"article:modified_time\" content=\"2012-08-26T19:19:45+00:00\" \/>\n<meta property=\"og:image\" content=\"https:\/\/proclass.com.br\/home\/wp-content\/uploads\/2012\/08\/Screen-Shot-2012-06-19-at-18.49.05-240x163.png\" \/>\n\t<meta property=\"og:image:width\" content=\"240\" \/>\n\t<meta property=\"og:image:height\" content=\"163\" \/>\n\t<meta property=\"og:image:type\" content=\"image\/png\" \/>\n<meta name=\"author\" content=\"ProClass Treinamentos\" \/>\n<meta name=\"twitter:card\" content=\"summary_large_image\" \/>\n<meta name=\"twitter:label1\" content=\"Escrito por\" \/>\n\t<meta name=\"twitter:data1\" content=\"ProClass Treinamentos\" \/>\n<script type=\"application\/ld+json\" class=\"yoast-schema-graph\">{\"@context\":\"https:\/\/schema.org\",\"@graph\":[{\"@type\":\"Article\",\"@id\":\"https:\/\/proclass.com.br\/home\/2012\/06\/impressoes-da-aes-brasil-2012\/#article\",\"isPartOf\":{\"@id\":\"https:\/\/proclass.com.br\/home\/2012\/06\/impressoes-da-aes-brasil-2012\/\"},\"author\":{\"name\":\"ProClass Treinamentos\",\"@id\":\"https:\/\/proclass.com.br\/home\/#\/schema\/person\/f89e1eb93d5d32c0bb465c52f87f5a00\"},\"headline\":\"Impress\u00f5es da AES Brasil 2012\",\"datePublished\":\"2012-06-19T19:17:03+00:00\",\"dateModified\":\"2012-08-26T19:19:45+00:00\",\"mainEntityOfPage\":{\"@id\":\"https:\/\/proclass.com.br\/home\/2012\/06\/impressoes-da-aes-brasil-2012\/\"},\"wordCount\":54,\"commentCount\":0,\"publisher\":{\"@id\":\"https:\/\/proclass.com.br\/home\/#organization\"},\"image\":{\"@id\":\"https:\/\/proclass.com.br\/home\/2012\/06\/impressoes-da-aes-brasil-2012\/#primaryimage\"},\"thumbnailUrl\":\"https:\/\/proclass.com.br\/home\/wp-content\/uploads\/2012\/08\/Screen-Shot-2012-06-19-at-18.49.05-240x163.png\",\"keywords\":[\"autom\",\"pela\",\"rodrigo\",\"uma entrevista\",\"youtube\"],\"articleSection\":[\"Novidades\"],\"inLanguage\":\"pt-BR\",\"potentialAction\":[{\"@type\":\"CommentAction\",\"name\":\"Comment\",\"target\":[\"https:\/\/proclass.com.br\/home\/2012\/06\/impressoes-da-aes-brasil-2012\/#respond\"]}]},{\"@type\":\"WebPage\",\"@id\":\"https:\/\/proclass.com.br\/home\/2012\/06\/impressoes-da-aes-brasil-2012\/\",\"url\":\"https:\/\/proclass.com.br\/home\/2012\/06\/impressoes-da-aes-brasil-2012\/\",\"name\":\"Impress\u00f5es da AES Brasil 2012 - PROCLASS\",\"isPartOf\":{\"@id\":\"https:\/\/proclass.com.br\/home\/#website\"},\"primaryImageOfPage\":{\"@id\":\"https:\/\/proclass.com.br\/home\/2012\/06\/impressoes-da-aes-brasil-2012\/#primaryimage\"},\"image\":{\"@id\":\"https:\/\/proclass.com.br\/home\/2012\/06\/impressoes-da-aes-brasil-2012\/#primaryimage\"},\"thumbnailUrl\":\"https:\/\/proclass.com.br\/home\/wp-content\/uploads\/2012\/08\/Screen-Shot-2012-06-19-at-18.49.05-240x163.png\",\"datePublished\":\"2012-06-19T19:17:03+00:00\",\"dateModified\":\"2012-08-26T19:19:45+00:00\",\"breadcrumb\":{\"@id\":\"https:\/\/proclass.com.br\/home\/2012\/06\/impressoes-da-aes-brasil-2012\/#breadcrumb\"},\"inLanguage\":\"pt-BR\",\"potentialAction\":[{\"@type\":\"ReadAction\",\"target\":[\"https:\/\/proclass.com.br\/home\/2012\/06\/impressoes-da-aes-brasil-2012\/\"]}]},{\"@type\":\"ImageObject\",\"inLanguage\":\"pt-BR\",\"@id\":\"https:\/\/proclass.com.br\/home\/2012\/06\/impressoes-da-aes-brasil-2012\/#primaryimage\",\"url\":\"https:\/\/proclass.com.br\/home\/wp-content\/uploads\/2012\/08\/Screen-Shot-2012-06-19-at-18.49.05-240x163.png\",\"contentUrl\":\"https:\/\/proclass.com.br\/home\/wp-content\/uploads\/2012\/08\/Screen-Shot-2012-06-19-at-18.49.05-240x163.png\",\"width\":\"240\",\"height\":\"163\"},{\"@type\":\"BreadcrumbList\",\"@id\":\"https:\/\/proclass.com.br\/home\/2012\/06\/impressoes-da-aes-brasil-2012\/#breadcrumb\",\"itemListElement\":[{\"@type\":\"ListItem\",\"position\":1,\"name\":\"In\u00edcio\",\"item\":\"https:\/\/proclass.com.br\/home\/\"},{\"@type\":\"ListItem\",\"position\":2,\"name\":\"Impress\u00f5es da AES Brasil 2012\"}]},{\"@type\":\"WebSite\",\"@id\":\"https:\/\/proclass.com.br\/home\/#website\",\"url\":\"https:\/\/proclass.com.br\/home\/\",\"name\":\"PROCLASS\",\"description\":\"CURSOS E TREINAMENTOS\",\"publisher\":{\"@id\":\"https:\/\/proclass.com.br\/home\/#organization\"},\"potentialAction\":[{\"@type\":\"SearchAction\",\"target\":{\"@type\":\"EntryPoint\",\"urlTemplate\":\"https:\/\/proclass.com.br\/home\/?s={search_term_string}\"},\"query-input\":{\"@type\":\"PropertyValueSpecification\",\"valueRequired\":true,\"valueName\":\"search_term_string\"}}],\"inLanguage\":\"pt-BR\"},{\"@type\":\"Organization\",\"@id\":\"https:\/\/proclass.com.br\/home\/#organization\",\"name\":\"PROCLASS\",\"url\":\"https:\/\/proclass.com.br\/home\/\",\"logo\":{\"@type\":\"ImageObject\",\"inLanguage\":\"pt-BR\",\"@id\":\"https:\/\/proclass.com.br\/home\/#\/schema\/logo\/image\/\",\"url\":\"https:\/\/proclass.com.br\/home\/wp-content\/uploads\/2023\/06\/CABECALHO-black_PROCLASS-2023.png\",\"contentUrl\":\"https:\/\/proclass.com.br\/home\/wp-content\/uploads\/2023\/06\/CABECALHO-black_PROCLASS-2023.png\",\"width\":2563,\"height\":911,\"caption\":\"PROCLASS\"},\"image\":{\"@id\":\"https:\/\/proclass.com.br\/home\/#\/schema\/logo\/image\/\"}},{\"@type\":\"Person\",\"@id\":\"https:\/\/proclass.com.br\/home\/#\/schema\/person\/f89e1eb93d5d32c0bb465c52f87f5a00\",\"name\":\"ProClass Treinamentos\",\"image\":{\"@type\":\"ImageObject\",\"inLanguage\":\"pt-BR\",\"@id\":\"https:\/\/proclass.com.br\/home\/#\/schema\/person\/image\/\",\"url\":\"https:\/\/secure.gravatar.com\/avatar\/3878d7a575c7ac355d2c778d5de04af08b7c5a7d9f19b2889f26cc7d80a6a832?s=96&d=blank&r=g\",\"contentUrl\":\"https:\/\/secure.gravatar.com\/avatar\/3878d7a575c7ac355d2c778d5de04af08b7c5a7d9f19b2889f26cc7d80a6a832?s=96&d=blank&r=g\",\"caption\":\"ProClass Treinamentos\"},\"url\":\"https:\/\/proclass.com.br\/home\/author\/proclass\/\"}]}<\/script>\n<!-- \/ Yoast SEO plugin. -->","yoast_head_json":{"title":"Impress\u00f5es da AES Brasil 2012 - PROCLASS","robots":{"index":"index","follow":"follow","max-snippet":"max-snippet:-1","max-image-preview":"max-image-preview:large","max-video-preview":"max-video-preview:-1"},"canonical":"https:\/\/proclass.com.br\/home\/2012\/06\/impressoes-da-aes-brasil-2012\/","og_locale":"pt_BR","og_type":"article","og_title":"Impress\u00f5es da AES Brasil 2012 - PROCLASS","og_description":"Acompanhe no v\u00eddeo abaixo, uma entrevista feita pela \u00c1udio, M\u00fasica e Tecnologia com Rodrigo Meirelles , s\u00f3cio-diretor da ProClass sobre sobre participa\u00e7\u00e3o como palestrante e suas impress\u00f5es da AES Brasil 2012 em que foi um dos palestrantes.","og_url":"https:\/\/proclass.com.br\/home\/2012\/06\/impressoes-da-aes-brasil-2012\/","og_site_name":"PROCLASS","article_published_time":"2012-06-19T19:17:03+00:00","article_modified_time":"2012-08-26T19:19:45+00:00","og_image":[{"width":240,"height":163,"url":"https:\/\/proclass.com.br\/home\/wp-content\/uploads\/2012\/08\/Screen-Shot-2012-06-19-at-18.49.05-240x163.png","type":"image\/png"}],"author":"ProClass Treinamentos","twitter_card":"summary_large_image","twitter_misc":{"Escrito por":"ProClass Treinamentos"},"schema":{"@context":"https:\/\/schema.org","@graph":[{"@type":"Article","@id":"https:\/\/proclass.com.br\/home\/2012\/06\/impressoes-da-aes-brasil-2012\/#article","isPartOf":{"@id":"https:\/\/proclass.com.br\/home\/2012\/06\/impressoes-da-aes-brasil-2012\/"},"author":{"name":"ProClass Treinamentos","@id":"https:\/\/proclass.com.br\/home\/#\/schema\/person\/f89e1eb93d5d32c0bb465c52f87f5a00"},"headline":"Impress\u00f5es da AES Brasil 2012","datePublished":"2012-06-19T19:17:03+00:00","dateModified":"2012-08-26T19:19:45+00:00","mainEntityOfPage":{"@id":"https:\/\/proclass.com.br\/home\/2012\/06\/impressoes-da-aes-brasil-2012\/"},"wordCount":54,"commentCount":0,"publisher":{"@id":"https:\/\/proclass.com.br\/home\/#organization"},"image":{"@id":"https:\/\/proclass.com.br\/home\/2012\/06\/impressoes-da-aes-brasil-2012\/#primaryimage"},"thumbnailUrl":"https:\/\/proclass.com.br\/home\/wp-content\/uploads\/2012\/08\/Screen-Shot-2012-06-19-at-18.49.05-240x163.png","keywords":["autom","pela","rodrigo","uma entrevista","youtube"],"articleSection":["Novidades"],"inLanguage":"pt-BR","potentialAction":[{"@type":"CommentAction","name":"Comment","target":["https:\/\/proclass.com.br\/home\/2012\/06\/impressoes-da-aes-brasil-2012\/#respond"]}]},{"@type":"WebPage","@id":"https:\/\/proclass.com.br\/home\/2012\/06\/impressoes-da-aes-brasil-2012\/","url":"https:\/\/proclass.com.br\/home\/2012\/06\/impressoes-da-aes-brasil-2012\/","name":"Impress\u00f5es da AES Brasil 2012 - PROCLASS","isPartOf":{"@id":"https:\/\/proclass.com.br\/home\/#website"},"primaryImageOfPage":{"@id":"https:\/\/proclass.com.br\/home\/2012\/06\/impressoes-da-aes-brasil-2012\/#primaryimage"},"image":{"@id":"https:\/\/proclass.com.br\/home\/2012\/06\/impressoes-da-aes-brasil-2012\/#primaryimage"},"thumbnailUrl":"https:\/\/proclass.com.br\/home\/wp-content\/uploads\/2012\/08\/Screen-Shot-2012-06-19-at-18.49.05-240x163.png","datePublished":"2012-06-19T19:17:03+00:00","dateModified":"2012-08-26T19:19:45+00:00","breadcrumb":{"@id":"https:\/\/proclass.com.br\/home\/2012\/06\/impressoes-da-aes-brasil-2012\/#breadcrumb"},"inLanguage":"pt-BR","potentialAction":[{"@type":"ReadAction","target":["https:\/\/proclass.com.br\/home\/2012\/06\/impressoes-da-aes-brasil-2012\/"]}]},{"@type":"ImageObject","inLanguage":"pt-BR","@id":"https:\/\/proclass.com.br\/home\/2012\/06\/impressoes-da-aes-brasil-2012\/#primaryimage","url":"https:\/\/proclass.com.br\/home\/wp-content\/uploads\/2012\/08\/Screen-Shot-2012-06-19-at-18.49.05-240x163.png","contentUrl":"https:\/\/proclass.com.br\/home\/wp-content\/uploads\/2012\/08\/Screen-Shot-2012-06-19-at-18.49.05-240x163.png","width":"240","height":"163"},{"@type":"BreadcrumbList","@id":"https:\/\/proclass.com.br\/home\/2012\/06\/impressoes-da-aes-brasil-2012\/#breadcrumb","itemListElement":[{"@type":"ListItem","position":1,"name":"In\u00edcio","item":"https:\/\/proclass.com.br\/home\/"},{"@type":"ListItem","position":2,"name":"Impress\u00f5es da AES Brasil 2012"}]},{"@type":"WebSite","@id":"https:\/\/proclass.com.br\/home\/#website","url":"https:\/\/proclass.com.br\/home\/","name":"PROCLASS","description":"CURSOS E TREINAMENTOS","publisher":{"@id":"https:\/\/proclass.com.br\/home\/#organization"},"potentialAction":[{"@type":"SearchAction","target":{"@type":"EntryPoint","urlTemplate":"https:\/\/proclass.com.br\/home\/?s={search_term_string}"},"query-input":{"@type":"PropertyValueSpecification","valueRequired":true,"valueName":"search_term_string"}}],"inLanguage":"pt-BR"},{"@type":"Organization","@id":"https:\/\/proclass.com.br\/home\/#organization","name":"PROCLASS","url":"https:\/\/proclass.com.br\/home\/","logo":{"@type":"ImageObject","inLanguage":"pt-BR","@id":"https:\/\/proclass.com.br\/home\/#\/schema\/logo\/image\/","url":"https:\/\/proclass.com.br\/home\/wp-content\/uploads\/2023\/06\/CABECALHO-black_PROCLASS-2023.png","contentUrl":"https:\/\/proclass.com.br\/home\/wp-content\/uploads\/2023\/06\/CABECALHO-black_PROCLASS-2023.png","width":2563,"height":911,"caption":"PROCLASS"},"image":{"@id":"https:\/\/proclass.com.br\/home\/#\/schema\/logo\/image\/"}},{"@type":"Person","@id":"https:\/\/proclass.com.br\/home\/#\/schema\/person\/f89e1eb93d5d32c0bb465c52f87f5a00","name":"ProClass Treinamentos","image":{"@type":"ImageObject","inLanguage":"pt-BR","@id":"https:\/\/proclass.com.br\/home\/#\/schema\/person\/image\/","url":"https:\/\/secure.gravatar.com\/avatar\/3878d7a575c7ac355d2c778d5de04af08b7c5a7d9f19b2889f26cc7d80a6a832?s=96&d=blank&r=g","contentUrl":"https:\/\/secure.gravatar.com\/avatar\/3878d7a575c7ac355d2c778d5de04af08b7c5a7d9f19b2889f26cc7d80a6a832?s=96&d=blank&r=g","caption":"ProClass Treinamentos"},"url":"https:\/\/proclass.com.br\/home\/author\/proclass\/"}]}},"_links":{"self":[{"href":"https:\/\/proclass.com.br\/home\/wp-json\/wp\/v2\/posts\/1146","targetHints":{"allow":["GET"]}}],"collection":[{"href":"https:\/\/proclass.com.br\/home\/wp-json\/wp\/v2\/posts"}],"about":[{"href":"https:\/\/proclass.com.br\/home\/wp-json\/wp\/v2\/types\/post"}],"author":[{"embeddable":true,"href":"https:\/\/proclass.com.br\/home\/wp-json\/wp\/v2\/users\/4"}],"replies":[{"embeddable":true,"href":"https:\/\/proclass.com.br\/home\/wp-json\/wp\/v2\/comments?post=1146"}],"version-history":[{"count":0,"href":"https:\/\/proclass.com.br\/home\/wp-json\/wp\/v2\/posts\/1146\/revisions"}],"wp:featuredmedia":[{"embeddable":true,"href":"https:\/\/proclass.com.br\/home\/wp-json\/wp\/v2\/media\/1147"}],"wp:attachment":[{"href":"https:\/\/proclass.com.br\/home\/wp-json\/wp\/v2\/media?parent=1146"}],"wp:term":[{"taxonomy":"category","embeddable":true,"href":"https:\/\/proclass.com.br\/home\/wp-json\/wp\/v2\/categories?post=1146"},{"taxonomy":"post_tag","embeddable":true,"href":"https:\/\/proclass.com.br\/home\/wp-json\/wp\/v2\/tags?post=1146"}],"curies":[{"name":"wp","href":"https:\/\/api.w.org\/{rel}","templated":true}]}}