{"id":1142,"date":"2012-06-20T16:13:57","date_gmt":"2012-06-20T19:13:57","guid":{"rendered":"http:\/\/proclass.com.br\/home\/?p=1142"},"modified":"2012-08-26T16:16:54","modified_gmt":"2012-08-26T19:16:54","slug":"avid-apresenta-webinar-sobre-a-producao-de-the-avengers","status":"publish","type":"post","link":"https:\/\/proclass.com.br\/home\/2012\/06\/avid-apresenta-webinar-sobre-a-producao-de-the-avengers\/","title":{"rendered":"Avid apresenta webinar sobre a produ\u00e7\u00e3o de The Avengers."},"content":{"rendered":"<p style=\"text-align: justify;\">Acompanhe detalhes deste grande sucesso dos cinemas,<strong> inclu\u00edndo workflow de cria\u00e7\u00e3o, loca\u00e7\u00f5es, edi\u00e7\u00f5es em est\u00fadio e a incr\u00edvel integra\u00e7\u00e3o do \u00e1udio com o video com a equipe de p\u00f3s-produ\u00e7\u00e3o<\/strong>. E mais, tenha a oportunidade de ter suas perguntas respondidas num chat ao vivo pelo time.\u00a0<!--more-->O novo filme da Marvel, <em>The Avengers,\u00a0<\/em>tem levado milh\u00f5es aos cinemas com uma grande historia, efeitos visuais incr\u00edveis e um som de tirar o f\u00f4lego. <strong>Junte-se a equipe de edi\u00e7\u00e3o &#8211;\u00a0Jeff Ford, Robin Buday e Matt Schmidt \u2013 nesta quinta-feira, dia 28, \u00e0s 17 horas (hor\u00e1rio de Bras\u00edlia)<\/strong> e veja como tudo foi filmado com uma c\u00e2mera ARRI ALEXA e ent\u00e3o editado com o Media Composer<sup>\u00ae<\/sup>\u00a0e o Pro Tools<sup>\u00ae<\/sup>\u00a0usando o Avid<sup>\u00ae<\/sup>\u00a0shared storage.<\/p>\n<p style=\"text-align: justify;\"><a href=\"http:\/\/www.studiodaily.com\/webinars\/avid\/register.php?cmpid=70140000000U0J5&amp;elq_mid=6073&amp;elq_cid=3962455\" target=\"_blank\">Saiba como se inscrever aqui.<\/a><\/p>\n<p><img fetchpriority=\"high\" decoding=\"async\" class=\"size-full wp-image-1143 aligncenter\" title=\"theavengersavid\" src=\"http:\/\/proclass.com.br\/home\/wp-content\/uploads\/2012\/08\/theavengersavid.jpg\" alt=\"\" width=\"650\" height=\"427\" srcset=\"https:\/\/proclass.com.br\/home\/wp-content\/uploads\/2012\/08\/theavengersavid.jpg 650w, https:\/\/proclass.com.br\/home\/wp-content\/uploads\/2012\/08\/theavengersavid-300x197.jpg 300w\" sizes=\"(max-width: 650px) 100vw, 650px\" \/><\/p>\n","protected":false},"excerpt":{"rendered":"<p>Acompanhe detalhes deste grande sucesso dos cinemas, inclu\u00edndo workflow de cria\u00e7\u00e3o, loca\u00e7\u00f5es, edi\u00e7\u00f5es em est\u00fadio e a incr\u00edvel integra\u00e7\u00e3o do \u00e1udio com o video com a equipe de p\u00f3s-produ\u00e7\u00e3o. E mais, tenha a oportunidade de ter suas perguntas respondidas num chat ao vivo pelo time.\u00a0<\/p>\n","protected":false},"author":4,"featured_media":1144,"comment_status":"open","ping_status":"open","sticky":false,"template":"","format":"standard","meta":{"footnotes":""},"categories":[13],"tags":[87,345,247,342,336,340,35,141,343,344],"class_list":["post-1142","post","type-post","status-publish","format-standard","has-post-thumbnail","hentry","category-noticias","tag-autom","tag-avengers","tag-deste","tag-incr","tag-milh","tag-nesta-quinta","tag-pro-tools","tag-produ","tag-quinta-feira","tag-webinar","has-thumb"],"yoast_head":"<!-- This site is optimized with the Yoast SEO plugin v26.9 - https:\/\/yoast.com\/product\/yoast-seo-wordpress\/ -->\n<title>Avid apresenta webinar sobre a produ\u00e7\u00e3o de The Avengers. - PROCLASS<\/title>\n<meta name=\"robots\" content=\"index, follow, max-snippet:-1, max-image-preview:large, max-video-preview:-1\" \/>\n<link rel=\"canonical\" href=\"https:\/\/proclass.com.br\/home\/2012\/06\/avid-apresenta-webinar-sobre-a-producao-de-the-avengers\/\" \/>\n<meta property=\"og:locale\" content=\"pt_BR\" \/>\n<meta property=\"og:type\" content=\"article\" \/>\n<meta property=\"og:title\" content=\"Avid apresenta webinar sobre a produ\u00e7\u00e3o de The Avengers. - PROCLASS\" \/>\n<meta property=\"og:description\" content=\"Acompanhe detalhes deste grande sucesso dos cinemas, inclu\u00edndo workflow de cria\u00e7\u00e3o, loca\u00e7\u00f5es, edi\u00e7\u00f5es em est\u00fadio e a incr\u00edvel integra\u00e7\u00e3o do \u00e1udio com o video com a equipe de p\u00f3s-produ\u00e7\u00e3o. E mais, tenha a oportunidade de ter suas perguntas respondidas num chat ao vivo pelo time.\u00a0\" \/>\n<meta property=\"og:url\" content=\"https:\/\/proclass.com.br\/home\/2012\/06\/avid-apresenta-webinar-sobre-a-producao-de-the-avengers\/\" \/>\n<meta property=\"og:site_name\" content=\"PROCLASS\" \/>\n<meta property=\"article:published_time\" content=\"2012-06-20T19:13:57+00:00\" \/>\n<meta property=\"article:modified_time\" content=\"2012-08-26T19:16:54+00:00\" \/>\n<meta property=\"og:image\" content=\"https:\/\/proclass.com.br\/home\/wp-content\/uploads\/2012\/08\/theavengersavidfeat.jpg\" \/>\n\t<meta property=\"og:image:width\" content=\"240\" \/>\n\t<meta property=\"og:image:height\" content=\"163\" \/>\n\t<meta property=\"og:image:type\" content=\"image\/jpeg\" \/>\n<meta name=\"author\" content=\"ProClass Treinamentos\" \/>\n<meta name=\"twitter:card\" content=\"summary_large_image\" \/>\n<meta name=\"twitter:label1\" content=\"Escrito por\" \/>\n\t<meta name=\"twitter:data1\" content=\"ProClass Treinamentos\" \/>\n\t<meta name=\"twitter:label2\" content=\"Est. tempo de leitura\" \/>\n\t<meta name=\"twitter:data2\" content=\"1 minuto\" \/>\n<script type=\"application\/ld+json\" class=\"yoast-schema-graph\">{\"@context\":\"https:\/\/schema.org\",\"@graph\":[{\"@type\":\"Article\",\"@id\":\"https:\/\/proclass.com.br\/home\/2012\/06\/avid-apresenta-webinar-sobre-a-producao-de-the-avengers\/#article\",\"isPartOf\":{\"@id\":\"https:\/\/proclass.com.br\/home\/2012\/06\/avid-apresenta-webinar-sobre-a-producao-de-the-avengers\/\"},\"author\":{\"name\":\"ProClass Treinamentos\",\"@id\":\"https:\/\/proclass.com.br\/home\/#\/schema\/person\/f89e1eb93d5d32c0bb465c52f87f5a00\"},\"headline\":\"Avid apresenta webinar sobre a produ\u00e7\u00e3o de The Avengers.\",\"datePublished\":\"2012-06-20T19:13:57+00:00\",\"dateModified\":\"2012-08-26T19:16:54+00:00\",\"mainEntityOfPage\":{\"@id\":\"https:\/\/proclass.com.br\/home\/2012\/06\/avid-apresenta-webinar-sobre-a-producao-de-the-avengers\/\"},\"wordCount\":151,\"commentCount\":0,\"publisher\":{\"@id\":\"https:\/\/proclass.com.br\/home\/#organization\"},\"image\":{\"@id\":\"https:\/\/proclass.com.br\/home\/2012\/06\/avid-apresenta-webinar-sobre-a-producao-de-the-avengers\/#primaryimage\"},\"thumbnailUrl\":\"https:\/\/proclass.com.br\/home\/wp-content\/uploads\/2012\/08\/theavengersavidfeat.jpg\",\"keywords\":[\"autom\",\"avengers\",\"deste\",\"incr\",\"milh\",\"nesta quinta\",\"pro tools\",\"produ\",\"quinta feira\",\"webinar\"],\"articleSection\":[\"Not\u00edcias\"],\"inLanguage\":\"pt-BR\",\"potentialAction\":[{\"@type\":\"CommentAction\",\"name\":\"Comment\",\"target\":[\"https:\/\/proclass.com.br\/home\/2012\/06\/avid-apresenta-webinar-sobre-a-producao-de-the-avengers\/#respond\"]}]},{\"@type\":\"WebPage\",\"@id\":\"https:\/\/proclass.com.br\/home\/2012\/06\/avid-apresenta-webinar-sobre-a-producao-de-the-avengers\/\",\"url\":\"https:\/\/proclass.com.br\/home\/2012\/06\/avid-apresenta-webinar-sobre-a-producao-de-the-avengers\/\",\"name\":\"Avid apresenta webinar sobre a produ\u00e7\u00e3o de The Avengers. - PROCLASS\",\"isPartOf\":{\"@id\":\"https:\/\/proclass.com.br\/home\/#website\"},\"primaryImageOfPage\":{\"@id\":\"https:\/\/proclass.com.br\/home\/2012\/06\/avid-apresenta-webinar-sobre-a-producao-de-the-avengers\/#primaryimage\"},\"image\":{\"@id\":\"https:\/\/proclass.com.br\/home\/2012\/06\/avid-apresenta-webinar-sobre-a-producao-de-the-avengers\/#primaryimage\"},\"thumbnailUrl\":\"https:\/\/proclass.com.br\/home\/wp-content\/uploads\/2012\/08\/theavengersavidfeat.jpg\",\"datePublished\":\"2012-06-20T19:13:57+00:00\",\"dateModified\":\"2012-08-26T19:16:54+00:00\",\"breadcrumb\":{\"@id\":\"https:\/\/proclass.com.br\/home\/2012\/06\/avid-apresenta-webinar-sobre-a-producao-de-the-avengers\/#breadcrumb\"},\"inLanguage\":\"pt-BR\",\"potentialAction\":[{\"@type\":\"ReadAction\",\"target\":[\"https:\/\/proclass.com.br\/home\/2012\/06\/avid-apresenta-webinar-sobre-a-producao-de-the-avengers\/\"]}]},{\"@type\":\"ImageObject\",\"inLanguage\":\"pt-BR\",\"@id\":\"https:\/\/proclass.com.br\/home\/2012\/06\/avid-apresenta-webinar-sobre-a-producao-de-the-avengers\/#primaryimage\",\"url\":\"https:\/\/proclass.com.br\/home\/wp-content\/uploads\/2012\/08\/theavengersavidfeat.jpg\",\"contentUrl\":\"https:\/\/proclass.com.br\/home\/wp-content\/uploads\/2012\/08\/theavengersavidfeat.jpg\",\"width\":\"240\",\"height\":\"163\"},{\"@type\":\"BreadcrumbList\",\"@id\":\"https:\/\/proclass.com.br\/home\/2012\/06\/avid-apresenta-webinar-sobre-a-producao-de-the-avengers\/#breadcrumb\",\"itemListElement\":[{\"@type\":\"ListItem\",\"position\":1,\"name\":\"In\u00edcio\",\"item\":\"https:\/\/proclass.com.br\/home\/\"},{\"@type\":\"ListItem\",\"position\":2,\"name\":\"Avid apresenta webinar sobre a produ\u00e7\u00e3o de The Avengers.\"}]},{\"@type\":\"WebSite\",\"@id\":\"https:\/\/proclass.com.br\/home\/#website\",\"url\":\"https:\/\/proclass.com.br\/home\/\",\"name\":\"PROCLASS\",\"description\":\"CURSOS E TREINAMENTOS\",\"publisher\":{\"@id\":\"https:\/\/proclass.com.br\/home\/#organization\"},\"potentialAction\":[{\"@type\":\"SearchAction\",\"target\":{\"@type\":\"EntryPoint\",\"urlTemplate\":\"https:\/\/proclass.com.br\/home\/?s={search_term_string}\"},\"query-input\":{\"@type\":\"PropertyValueSpecification\",\"valueRequired\":true,\"valueName\":\"search_term_string\"}}],\"inLanguage\":\"pt-BR\"},{\"@type\":\"Organization\",\"@id\":\"https:\/\/proclass.com.br\/home\/#organization\",\"name\":\"PROCLASS\",\"url\":\"https:\/\/proclass.com.br\/home\/\",\"logo\":{\"@type\":\"ImageObject\",\"inLanguage\":\"pt-BR\",\"@id\":\"https:\/\/proclass.com.br\/home\/#\/schema\/logo\/image\/\",\"url\":\"https:\/\/proclass.com.br\/home\/wp-content\/uploads\/2023\/06\/CABECALHO-black_PROCLASS-2023.png\",\"contentUrl\":\"https:\/\/proclass.com.br\/home\/wp-content\/uploads\/2023\/06\/CABECALHO-black_PROCLASS-2023.png\",\"width\":2563,\"height\":911,\"caption\":\"PROCLASS\"},\"image\":{\"@id\":\"https:\/\/proclass.com.br\/home\/#\/schema\/logo\/image\/\"}},{\"@type\":\"Person\",\"@id\":\"https:\/\/proclass.com.br\/home\/#\/schema\/person\/f89e1eb93d5d32c0bb465c52f87f5a00\",\"name\":\"ProClass Treinamentos\",\"image\":{\"@type\":\"ImageObject\",\"inLanguage\":\"pt-BR\",\"@id\":\"https:\/\/proclass.com.br\/home\/#\/schema\/person\/image\/\",\"url\":\"https:\/\/secure.gravatar.com\/avatar\/3878d7a575c7ac355d2c778d5de04af08b7c5a7d9f19b2889f26cc7d80a6a832?s=96&d=blank&r=g\",\"contentUrl\":\"https:\/\/secure.gravatar.com\/avatar\/3878d7a575c7ac355d2c778d5de04af08b7c5a7d9f19b2889f26cc7d80a6a832?s=96&d=blank&r=g\",\"caption\":\"ProClass Treinamentos\"},\"url\":\"https:\/\/proclass.com.br\/home\/author\/proclass\/\"}]}<\/script>\n<!-- \/ Yoast SEO plugin. -->","yoast_head_json":{"title":"Avid apresenta webinar sobre a produ\u00e7\u00e3o de The Avengers. - PROCLASS","robots":{"index":"index","follow":"follow","max-snippet":"max-snippet:-1","max-image-preview":"max-image-preview:large","max-video-preview":"max-video-preview:-1"},"canonical":"https:\/\/proclass.com.br\/home\/2012\/06\/avid-apresenta-webinar-sobre-a-producao-de-the-avengers\/","og_locale":"pt_BR","og_type":"article","og_title":"Avid apresenta webinar sobre a produ\u00e7\u00e3o de The Avengers. - PROCLASS","og_description":"Acompanhe detalhes deste grande sucesso dos cinemas, inclu\u00edndo workflow de cria\u00e7\u00e3o, loca\u00e7\u00f5es, edi\u00e7\u00f5es em est\u00fadio e a incr\u00edvel integra\u00e7\u00e3o do \u00e1udio com o video com a equipe de p\u00f3s-produ\u00e7\u00e3o. E mais, tenha a oportunidade de ter suas perguntas respondidas num chat ao vivo pelo time.\u00a0","og_url":"https:\/\/proclass.com.br\/home\/2012\/06\/avid-apresenta-webinar-sobre-a-producao-de-the-avengers\/","og_site_name":"PROCLASS","article_published_time":"2012-06-20T19:13:57+00:00","article_modified_time":"2012-08-26T19:16:54+00:00","og_image":[{"width":240,"height":163,"url":"https:\/\/proclass.com.br\/home\/wp-content\/uploads\/2012\/08\/theavengersavidfeat.jpg","type":"image\/jpeg"}],"author":"ProClass Treinamentos","twitter_card":"summary_large_image","twitter_misc":{"Escrito por":"ProClass Treinamentos","Est. tempo de leitura":"1 minuto"},"schema":{"@context":"https:\/\/schema.org","@graph":[{"@type":"Article","@id":"https:\/\/proclass.com.br\/home\/2012\/06\/avid-apresenta-webinar-sobre-a-producao-de-the-avengers\/#article","isPartOf":{"@id":"https:\/\/proclass.com.br\/home\/2012\/06\/avid-apresenta-webinar-sobre-a-producao-de-the-avengers\/"},"author":{"name":"ProClass Treinamentos","@id":"https:\/\/proclass.com.br\/home\/#\/schema\/person\/f89e1eb93d5d32c0bb465c52f87f5a00"},"headline":"Avid apresenta webinar sobre a produ\u00e7\u00e3o de The Avengers.","datePublished":"2012-06-20T19:13:57+00:00","dateModified":"2012-08-26T19:16:54+00:00","mainEntityOfPage":{"@id":"https:\/\/proclass.com.br\/home\/2012\/06\/avid-apresenta-webinar-sobre-a-producao-de-the-avengers\/"},"wordCount":151,"commentCount":0,"publisher":{"@id":"https:\/\/proclass.com.br\/home\/#organization"},"image":{"@id":"https:\/\/proclass.com.br\/home\/2012\/06\/avid-apresenta-webinar-sobre-a-producao-de-the-avengers\/#primaryimage"},"thumbnailUrl":"https:\/\/proclass.com.br\/home\/wp-content\/uploads\/2012\/08\/theavengersavidfeat.jpg","keywords":["autom","avengers","deste","incr","milh","nesta quinta","pro tools","produ","quinta feira","webinar"],"articleSection":["Not\u00edcias"],"inLanguage":"pt-BR","potentialAction":[{"@type":"CommentAction","name":"Comment","target":["https:\/\/proclass.com.br\/home\/2012\/06\/avid-apresenta-webinar-sobre-a-producao-de-the-avengers\/#respond"]}]},{"@type":"WebPage","@id":"https:\/\/proclass.com.br\/home\/2012\/06\/avid-apresenta-webinar-sobre-a-producao-de-the-avengers\/","url":"https:\/\/proclass.com.br\/home\/2012\/06\/avid-apresenta-webinar-sobre-a-producao-de-the-avengers\/","name":"Avid apresenta webinar sobre a produ\u00e7\u00e3o de The Avengers. - PROCLASS","isPartOf":{"@id":"https:\/\/proclass.com.br\/home\/#website"},"primaryImageOfPage":{"@id":"https:\/\/proclass.com.br\/home\/2012\/06\/avid-apresenta-webinar-sobre-a-producao-de-the-avengers\/#primaryimage"},"image":{"@id":"https:\/\/proclass.com.br\/home\/2012\/06\/avid-apresenta-webinar-sobre-a-producao-de-the-avengers\/#primaryimage"},"thumbnailUrl":"https:\/\/proclass.com.br\/home\/wp-content\/uploads\/2012\/08\/theavengersavidfeat.jpg","datePublished":"2012-06-20T19:13:57+00:00","dateModified":"2012-08-26T19:16:54+00:00","breadcrumb":{"@id":"https:\/\/proclass.com.br\/home\/2012\/06\/avid-apresenta-webinar-sobre-a-producao-de-the-avengers\/#breadcrumb"},"inLanguage":"pt-BR","potentialAction":[{"@type":"ReadAction","target":["https:\/\/proclass.com.br\/home\/2012\/06\/avid-apresenta-webinar-sobre-a-producao-de-the-avengers\/"]}]},{"@type":"ImageObject","inLanguage":"pt-BR","@id":"https:\/\/proclass.com.br\/home\/2012\/06\/avid-apresenta-webinar-sobre-a-producao-de-the-avengers\/#primaryimage","url":"https:\/\/proclass.com.br\/home\/wp-content\/uploads\/2012\/08\/theavengersavidfeat.jpg","contentUrl":"https:\/\/proclass.com.br\/home\/wp-content\/uploads\/2012\/08\/theavengersavidfeat.jpg","width":"240","height":"163"},{"@type":"BreadcrumbList","@id":"https:\/\/proclass.com.br\/home\/2012\/06\/avid-apresenta-webinar-sobre-a-producao-de-the-avengers\/#breadcrumb","itemListElement":[{"@type":"ListItem","position":1,"name":"In\u00edcio","item":"https:\/\/proclass.com.br\/home\/"},{"@type":"ListItem","position":2,"name":"Avid apresenta webinar sobre a produ\u00e7\u00e3o de The Avengers."}]},{"@type":"WebSite","@id":"https:\/\/proclass.com.br\/home\/#website","url":"https:\/\/proclass.com.br\/home\/","name":"PROCLASS","description":"CURSOS E TREINAMENTOS","publisher":{"@id":"https:\/\/proclass.com.br\/home\/#organization"},"potentialAction":[{"@type":"SearchAction","target":{"@type":"EntryPoint","urlTemplate":"https:\/\/proclass.com.br\/home\/?s={search_term_string}"},"query-input":{"@type":"PropertyValueSpecification","valueRequired":true,"valueName":"search_term_string"}}],"inLanguage":"pt-BR"},{"@type":"Organization","@id":"https:\/\/proclass.com.br\/home\/#organization","name":"PROCLASS","url":"https:\/\/proclass.com.br\/home\/","logo":{"@type":"ImageObject","inLanguage":"pt-BR","@id":"https:\/\/proclass.com.br\/home\/#\/schema\/logo\/image\/","url":"https:\/\/proclass.com.br\/home\/wp-content\/uploads\/2023\/06\/CABECALHO-black_PROCLASS-2023.png","contentUrl":"https:\/\/proclass.com.br\/home\/wp-content\/uploads\/2023\/06\/CABECALHO-black_PROCLASS-2023.png","width":2563,"height":911,"caption":"PROCLASS"},"image":{"@id":"https:\/\/proclass.com.br\/home\/#\/schema\/logo\/image\/"}},{"@type":"Person","@id":"https:\/\/proclass.com.br\/home\/#\/schema\/person\/f89e1eb93d5d32c0bb465c52f87f5a00","name":"ProClass Treinamentos","image":{"@type":"ImageObject","inLanguage":"pt-BR","@id":"https:\/\/proclass.com.br\/home\/#\/schema\/person\/image\/","url":"https:\/\/secure.gravatar.com\/avatar\/3878d7a575c7ac355d2c778d5de04af08b7c5a7d9f19b2889f26cc7d80a6a832?s=96&d=blank&r=g","contentUrl":"https:\/\/secure.gravatar.com\/avatar\/3878d7a575c7ac355d2c778d5de04af08b7c5a7d9f19b2889f26cc7d80a6a832?s=96&d=blank&r=g","caption":"ProClass Treinamentos"},"url":"https:\/\/proclass.com.br\/home\/author\/proclass\/"}]}},"_links":{"self":[{"href":"https:\/\/proclass.com.br\/home\/wp-json\/wp\/v2\/posts\/1142","targetHints":{"allow":["GET"]}}],"collection":[{"href":"https:\/\/proclass.com.br\/home\/wp-json\/wp\/v2\/posts"}],"about":[{"href":"https:\/\/proclass.com.br\/home\/wp-json\/wp\/v2\/types\/post"}],"author":[{"embeddable":true,"href":"https:\/\/proclass.com.br\/home\/wp-json\/wp\/v2\/users\/4"}],"replies":[{"embeddable":true,"href":"https:\/\/proclass.com.br\/home\/wp-json\/wp\/v2\/comments?post=1142"}],"version-history":[{"count":0,"href":"https:\/\/proclass.com.br\/home\/wp-json\/wp\/v2\/posts\/1142\/revisions"}],"wp:featuredmedia":[{"embeddable":true,"href":"https:\/\/proclass.com.br\/home\/wp-json\/wp\/v2\/media\/1144"}],"wp:attachment":[{"href":"https:\/\/proclass.com.br\/home\/wp-json\/wp\/v2\/media?parent=1142"}],"wp:term":[{"taxonomy":"category","embeddable":true,"href":"https:\/\/proclass.com.br\/home\/wp-json\/wp\/v2\/categories?post=1142"},{"taxonomy":"post_tag","embeddable":true,"href":"https:\/\/proclass.com.br\/home\/wp-json\/wp\/v2\/tags?post=1142"}],"curies":[{"name":"wp","href":"https:\/\/api.w.org\/{rel}","templated":true}]}}