{"id":1059,"date":"2011-12-05T00:53:37","date_gmt":"2011-12-05T03:53:37","guid":{"rendered":"http:\/\/proclass.com.br\/home\/?p=1059"},"modified":"2012-08-24T00:55:12","modified_gmt":"2012-08-24T03:55:12","slug":"senheiser-realiza-treinamentos-gratuitos-no-rj-e-sp","status":"publish","type":"post","link":"https:\/\/proclass.com.br\/home\/2011\/12\/senheiser-realiza-treinamentos-gratuitos-no-rj-e-sp\/","title":{"rendered":"Senheiser realiza treinamentos gratuitos no RJ e SP"},"content":{"rendered":"<p style=\"text-align: justify;\">Uma oportunidade interessante de estar perto dos desenvolvedores da <a href=\"http:\/\/www.sennheiser.com\/\">Senheiser<\/a>.<\/p>\n<div style=\"text-align: justify;\">Eles estar\u00e3o por aqui oferecendo dois dias de palestras no Brasil, com entrada franca.Para mais informa\u00e7\u00f5es sobre datas e local, siga o link abaixo para a n\u00f3ticia completa no blog <a href=\"http:\/\/oglobo.globo.com\/blogs\/overdubbing\/\">overdubbing<\/a>.<!--more--><\/div>\n<div><img fetchpriority=\"high\" decoding=\"async\" class=\"size-full wp-image-1060 aligncenter\" title=\"sennheiser_academy\" src=\"http:\/\/proclass.com.br\/home\/wp-content\/uploads\/2012\/08\/sennheiser_academy.jpg\" alt=\"\" width=\"320\" height=\"228\" srcset=\"https:\/\/proclass.com.br\/home\/wp-content\/uploads\/2012\/08\/sennheiser_academy.jpg 320w, https:\/\/proclass.com.br\/home\/wp-content\/uploads\/2012\/08\/sennheiser_academy-300x213.jpg 300w\" sizes=\"(max-width: 320px) 100vw, 320px\" \/><\/div>\n<div style=\"text-align: center;\"><a href=\"http:\/\/oglobo.globo.com\/blogs\/overdubbing\/post.asp?cod_post=346437\">http:\/\/oglobo.globo.com\/blogs\/overdubbing\/post.asp?cod_post=346437<\/a><\/div>\n","protected":false},"excerpt":{"rendered":"<p>Uma oportunidade interessante de estar perto dos desenvolvedores da Senheiser. Eles estar\u00e3o por aqui oferecendo dois dias de palestras no Brasil, com entrada franca.Para mais informa\u00e7\u00f5es sobre datas e local, siga o link abaixo para a n\u00f3ticia completa no blog overdubbing.<\/p>\n","protected":false},"author":4,"featured_media":0,"comment_status":"open","ping_status":"open","sticky":false,"template":"","format":"standard","meta":{"footnotes":""},"categories":[1],"tags":[87,99,295,296],"class_list":["post-1059","post","type-post","status-publish","format-standard","hentry","category-novidades","tag-autom","tag-blog","tag-globo","tag-siga","no-thumb"],"yoast_head":"<!-- This site is optimized with the Yoast SEO plugin v26.9 - https:\/\/yoast.com\/product\/yoast-seo-wordpress\/ -->\n<title>Senheiser realiza treinamentos gratuitos no RJ e SP - PROCLASS<\/title>\n<meta name=\"robots\" content=\"index, follow, max-snippet:-1, max-image-preview:large, max-video-preview:-1\" \/>\n<link rel=\"canonical\" href=\"https:\/\/proclass.com.br\/home\/2011\/12\/senheiser-realiza-treinamentos-gratuitos-no-rj-e-sp\/\" \/>\n<meta property=\"og:locale\" content=\"pt_BR\" \/>\n<meta property=\"og:type\" content=\"article\" \/>\n<meta property=\"og:title\" content=\"Senheiser realiza treinamentos gratuitos no RJ e SP - PROCLASS\" \/>\n<meta property=\"og:description\" content=\"Uma oportunidade interessante de estar perto dos desenvolvedores da Senheiser. Eles estar\u00e3o por aqui oferecendo dois dias de palestras no Brasil, com entrada franca.Para mais informa\u00e7\u00f5es sobre datas e local, siga o link abaixo para a n\u00f3ticia completa no blog overdubbing.\" \/>\n<meta property=\"og:url\" content=\"https:\/\/proclass.com.br\/home\/2011\/12\/senheiser-realiza-treinamentos-gratuitos-no-rj-e-sp\/\" \/>\n<meta property=\"og:site_name\" content=\"PROCLASS\" \/>\n<meta property=\"article:published_time\" content=\"2011-12-05T03:53:37+00:00\" \/>\n<meta property=\"article:modified_time\" content=\"2012-08-24T03:55:12+00:00\" \/>\n<meta property=\"og:image\" content=\"https:\/\/proclass.com.br\/home\/wp-content\/uploads\/2012\/08\/sennheiser_academy.jpg\" \/>\n\t<meta property=\"og:image:width\" content=\"320\" \/>\n\t<meta property=\"og:image:height\" content=\"228\" \/>\n\t<meta property=\"og:image:type\" content=\"image\/jpeg\" \/>\n<meta name=\"author\" content=\"ProClass Treinamentos\" \/>\n<meta name=\"twitter:card\" content=\"summary_large_image\" \/>\n<meta name=\"twitter:label1\" content=\"Escrito por\" \/>\n\t<meta name=\"twitter:data1\" content=\"ProClass Treinamentos\" \/>\n<script type=\"application\/ld+json\" class=\"yoast-schema-graph\">{\"@context\":\"https:\/\/schema.org\",\"@graph\":[{\"@type\":\"Article\",\"@id\":\"https:\/\/proclass.com.br\/home\/2011\/12\/senheiser-realiza-treinamentos-gratuitos-no-rj-e-sp\/#article\",\"isPartOf\":{\"@id\":\"https:\/\/proclass.com.br\/home\/2011\/12\/senheiser-realiza-treinamentos-gratuitos-no-rj-e-sp\/\"},\"author\":{\"name\":\"ProClass Treinamentos\",\"@id\":\"https:\/\/proclass.com.br\/home\/#\/schema\/person\/f89e1eb93d5d32c0bb465c52f87f5a00\"},\"headline\":\"Senheiser realiza treinamentos gratuitos no RJ e SP\",\"datePublished\":\"2011-12-05T03:53:37+00:00\",\"dateModified\":\"2012-08-24T03:55:12+00:00\",\"mainEntityOfPage\":{\"@id\":\"https:\/\/proclass.com.br\/home\/2011\/12\/senheiser-realiza-treinamentos-gratuitos-no-rj-e-sp\/\"},\"wordCount\":63,\"commentCount\":0,\"publisher\":{\"@id\":\"https:\/\/proclass.com.br\/home\/#organization\"},\"image\":{\"@id\":\"https:\/\/proclass.com.br\/home\/2011\/12\/senheiser-realiza-treinamentos-gratuitos-no-rj-e-sp\/#primaryimage\"},\"thumbnailUrl\":\"http:\/\/proclass.com.br\/home\/wp-content\/uploads\/2012\/08\/sennheiser_academy.jpg\",\"keywords\":[\"autom\",\"blog\",\"globo\",\"siga\"],\"articleSection\":[\"Novidades\"],\"inLanguage\":\"pt-BR\",\"potentialAction\":[{\"@type\":\"CommentAction\",\"name\":\"Comment\",\"target\":[\"https:\/\/proclass.com.br\/home\/2011\/12\/senheiser-realiza-treinamentos-gratuitos-no-rj-e-sp\/#respond\"]}]},{\"@type\":\"WebPage\",\"@id\":\"https:\/\/proclass.com.br\/home\/2011\/12\/senheiser-realiza-treinamentos-gratuitos-no-rj-e-sp\/\",\"url\":\"https:\/\/proclass.com.br\/home\/2011\/12\/senheiser-realiza-treinamentos-gratuitos-no-rj-e-sp\/\",\"name\":\"Senheiser realiza treinamentos gratuitos no RJ e SP - PROCLASS\",\"isPartOf\":{\"@id\":\"https:\/\/proclass.com.br\/home\/#website\"},\"primaryImageOfPage\":{\"@id\":\"https:\/\/proclass.com.br\/home\/2011\/12\/senheiser-realiza-treinamentos-gratuitos-no-rj-e-sp\/#primaryimage\"},\"image\":{\"@id\":\"https:\/\/proclass.com.br\/home\/2011\/12\/senheiser-realiza-treinamentos-gratuitos-no-rj-e-sp\/#primaryimage\"},\"thumbnailUrl\":\"http:\/\/proclass.com.br\/home\/wp-content\/uploads\/2012\/08\/sennheiser_academy.jpg\",\"datePublished\":\"2011-12-05T03:53:37+00:00\",\"dateModified\":\"2012-08-24T03:55:12+00:00\",\"breadcrumb\":{\"@id\":\"https:\/\/proclass.com.br\/home\/2011\/12\/senheiser-realiza-treinamentos-gratuitos-no-rj-e-sp\/#breadcrumb\"},\"inLanguage\":\"pt-BR\",\"potentialAction\":[{\"@type\":\"ReadAction\",\"target\":[\"https:\/\/proclass.com.br\/home\/2011\/12\/senheiser-realiza-treinamentos-gratuitos-no-rj-e-sp\/\"]}]},{\"@type\":\"ImageObject\",\"inLanguage\":\"pt-BR\",\"@id\":\"https:\/\/proclass.com.br\/home\/2011\/12\/senheiser-realiza-treinamentos-gratuitos-no-rj-e-sp\/#primaryimage\",\"url\":\"https:\/\/proclass.com.br\/home\/wp-content\/uploads\/2012\/08\/sennheiser_academy.jpg\",\"contentUrl\":\"https:\/\/proclass.com.br\/home\/wp-content\/uploads\/2012\/08\/sennheiser_academy.jpg\",\"width\":\"320\",\"height\":\"228\"},{\"@type\":\"BreadcrumbList\",\"@id\":\"https:\/\/proclass.com.br\/home\/2011\/12\/senheiser-realiza-treinamentos-gratuitos-no-rj-e-sp\/#breadcrumb\",\"itemListElement\":[{\"@type\":\"ListItem\",\"position\":1,\"name\":\"In\u00edcio\",\"item\":\"https:\/\/proclass.com.br\/home\/\"},{\"@type\":\"ListItem\",\"position\":2,\"name\":\"Senheiser realiza treinamentos gratuitos no RJ e SP\"}]},{\"@type\":\"WebSite\",\"@id\":\"https:\/\/proclass.com.br\/home\/#website\",\"url\":\"https:\/\/proclass.com.br\/home\/\",\"name\":\"PROCLASS\",\"description\":\"CURSOS E TREINAMENTOS\",\"publisher\":{\"@id\":\"https:\/\/proclass.com.br\/home\/#organization\"},\"potentialAction\":[{\"@type\":\"SearchAction\",\"target\":{\"@type\":\"EntryPoint\",\"urlTemplate\":\"https:\/\/proclass.com.br\/home\/?s={search_term_string}\"},\"query-input\":{\"@type\":\"PropertyValueSpecification\",\"valueRequired\":true,\"valueName\":\"search_term_string\"}}],\"inLanguage\":\"pt-BR\"},{\"@type\":\"Organization\",\"@id\":\"https:\/\/proclass.com.br\/home\/#organization\",\"name\":\"PROCLASS\",\"url\":\"https:\/\/proclass.com.br\/home\/\",\"logo\":{\"@type\":\"ImageObject\",\"inLanguage\":\"pt-BR\",\"@id\":\"https:\/\/proclass.com.br\/home\/#\/schema\/logo\/image\/\",\"url\":\"https:\/\/proclass.com.br\/home\/wp-content\/uploads\/2023\/06\/CABECALHO-black_PROCLASS-2023.png\",\"contentUrl\":\"https:\/\/proclass.com.br\/home\/wp-content\/uploads\/2023\/06\/CABECALHO-black_PROCLASS-2023.png\",\"width\":2563,\"height\":911,\"caption\":\"PROCLASS\"},\"image\":{\"@id\":\"https:\/\/proclass.com.br\/home\/#\/schema\/logo\/image\/\"}},{\"@type\":\"Person\",\"@id\":\"https:\/\/proclass.com.br\/home\/#\/schema\/person\/f89e1eb93d5d32c0bb465c52f87f5a00\",\"name\":\"ProClass Treinamentos\",\"image\":{\"@type\":\"ImageObject\",\"inLanguage\":\"pt-BR\",\"@id\":\"https:\/\/proclass.com.br\/home\/#\/schema\/person\/image\/\",\"url\":\"https:\/\/secure.gravatar.com\/avatar\/3878d7a575c7ac355d2c778d5de04af08b7c5a7d9f19b2889f26cc7d80a6a832?s=96&d=blank&r=g\",\"contentUrl\":\"https:\/\/secure.gravatar.com\/avatar\/3878d7a575c7ac355d2c778d5de04af08b7c5a7d9f19b2889f26cc7d80a6a832?s=96&d=blank&r=g\",\"caption\":\"ProClass Treinamentos\"},\"url\":\"https:\/\/proclass.com.br\/home\/author\/proclass\/\"}]}<\/script>\n<!-- \/ Yoast SEO plugin. -->","yoast_head_json":{"title":"Senheiser realiza treinamentos gratuitos no RJ e SP - PROCLASS","robots":{"index":"index","follow":"follow","max-snippet":"max-snippet:-1","max-image-preview":"max-image-preview:large","max-video-preview":"max-video-preview:-1"},"canonical":"https:\/\/proclass.com.br\/home\/2011\/12\/senheiser-realiza-treinamentos-gratuitos-no-rj-e-sp\/","og_locale":"pt_BR","og_type":"article","og_title":"Senheiser realiza treinamentos gratuitos no RJ e SP - PROCLASS","og_description":"Uma oportunidade interessante de estar perto dos desenvolvedores da Senheiser. Eles estar\u00e3o por aqui oferecendo dois dias de palestras no Brasil, com entrada franca.Para mais informa\u00e7\u00f5es sobre datas e local, siga o link abaixo para a n\u00f3ticia completa no blog overdubbing.","og_url":"https:\/\/proclass.com.br\/home\/2011\/12\/senheiser-realiza-treinamentos-gratuitos-no-rj-e-sp\/","og_site_name":"PROCLASS","article_published_time":"2011-12-05T03:53:37+00:00","article_modified_time":"2012-08-24T03:55:12+00:00","og_image":[{"width":320,"height":228,"url":"https:\/\/proclass.com.br\/home\/wp-content\/uploads\/2012\/08\/sennheiser_academy.jpg","type":"image\/jpeg"}],"author":"ProClass Treinamentos","twitter_card":"summary_large_image","twitter_misc":{"Escrito por":"ProClass Treinamentos"},"schema":{"@context":"https:\/\/schema.org","@graph":[{"@type":"Article","@id":"https:\/\/proclass.com.br\/home\/2011\/12\/senheiser-realiza-treinamentos-gratuitos-no-rj-e-sp\/#article","isPartOf":{"@id":"https:\/\/proclass.com.br\/home\/2011\/12\/senheiser-realiza-treinamentos-gratuitos-no-rj-e-sp\/"},"author":{"name":"ProClass Treinamentos","@id":"https:\/\/proclass.com.br\/home\/#\/schema\/person\/f89e1eb93d5d32c0bb465c52f87f5a00"},"headline":"Senheiser realiza treinamentos gratuitos no RJ e SP","datePublished":"2011-12-05T03:53:37+00:00","dateModified":"2012-08-24T03:55:12+00:00","mainEntityOfPage":{"@id":"https:\/\/proclass.com.br\/home\/2011\/12\/senheiser-realiza-treinamentos-gratuitos-no-rj-e-sp\/"},"wordCount":63,"commentCount":0,"publisher":{"@id":"https:\/\/proclass.com.br\/home\/#organization"},"image":{"@id":"https:\/\/proclass.com.br\/home\/2011\/12\/senheiser-realiza-treinamentos-gratuitos-no-rj-e-sp\/#primaryimage"},"thumbnailUrl":"http:\/\/proclass.com.br\/home\/wp-content\/uploads\/2012\/08\/sennheiser_academy.jpg","keywords":["autom","blog","globo","siga"],"articleSection":["Novidades"],"inLanguage":"pt-BR","potentialAction":[{"@type":"CommentAction","name":"Comment","target":["https:\/\/proclass.com.br\/home\/2011\/12\/senheiser-realiza-treinamentos-gratuitos-no-rj-e-sp\/#respond"]}]},{"@type":"WebPage","@id":"https:\/\/proclass.com.br\/home\/2011\/12\/senheiser-realiza-treinamentos-gratuitos-no-rj-e-sp\/","url":"https:\/\/proclass.com.br\/home\/2011\/12\/senheiser-realiza-treinamentos-gratuitos-no-rj-e-sp\/","name":"Senheiser realiza treinamentos gratuitos no RJ e SP - PROCLASS","isPartOf":{"@id":"https:\/\/proclass.com.br\/home\/#website"},"primaryImageOfPage":{"@id":"https:\/\/proclass.com.br\/home\/2011\/12\/senheiser-realiza-treinamentos-gratuitos-no-rj-e-sp\/#primaryimage"},"image":{"@id":"https:\/\/proclass.com.br\/home\/2011\/12\/senheiser-realiza-treinamentos-gratuitos-no-rj-e-sp\/#primaryimage"},"thumbnailUrl":"http:\/\/proclass.com.br\/home\/wp-content\/uploads\/2012\/08\/sennheiser_academy.jpg","datePublished":"2011-12-05T03:53:37+00:00","dateModified":"2012-08-24T03:55:12+00:00","breadcrumb":{"@id":"https:\/\/proclass.com.br\/home\/2011\/12\/senheiser-realiza-treinamentos-gratuitos-no-rj-e-sp\/#breadcrumb"},"inLanguage":"pt-BR","potentialAction":[{"@type":"ReadAction","target":["https:\/\/proclass.com.br\/home\/2011\/12\/senheiser-realiza-treinamentos-gratuitos-no-rj-e-sp\/"]}]},{"@type":"ImageObject","inLanguage":"pt-BR","@id":"https:\/\/proclass.com.br\/home\/2011\/12\/senheiser-realiza-treinamentos-gratuitos-no-rj-e-sp\/#primaryimage","url":"https:\/\/proclass.com.br\/home\/wp-content\/uploads\/2012\/08\/sennheiser_academy.jpg","contentUrl":"https:\/\/proclass.com.br\/home\/wp-content\/uploads\/2012\/08\/sennheiser_academy.jpg","width":"320","height":"228"},{"@type":"BreadcrumbList","@id":"https:\/\/proclass.com.br\/home\/2011\/12\/senheiser-realiza-treinamentos-gratuitos-no-rj-e-sp\/#breadcrumb","itemListElement":[{"@type":"ListItem","position":1,"name":"In\u00edcio","item":"https:\/\/proclass.com.br\/home\/"},{"@type":"ListItem","position":2,"name":"Senheiser realiza treinamentos gratuitos no RJ e SP"}]},{"@type":"WebSite","@id":"https:\/\/proclass.com.br\/home\/#website","url":"https:\/\/proclass.com.br\/home\/","name":"PROCLASS","description":"CURSOS E TREINAMENTOS","publisher":{"@id":"https:\/\/proclass.com.br\/home\/#organization"},"potentialAction":[{"@type":"SearchAction","target":{"@type":"EntryPoint","urlTemplate":"https:\/\/proclass.com.br\/home\/?s={search_term_string}"},"query-input":{"@type":"PropertyValueSpecification","valueRequired":true,"valueName":"search_term_string"}}],"inLanguage":"pt-BR"},{"@type":"Organization","@id":"https:\/\/proclass.com.br\/home\/#organization","name":"PROCLASS","url":"https:\/\/proclass.com.br\/home\/","logo":{"@type":"ImageObject","inLanguage":"pt-BR","@id":"https:\/\/proclass.com.br\/home\/#\/schema\/logo\/image\/","url":"https:\/\/proclass.com.br\/home\/wp-content\/uploads\/2023\/06\/CABECALHO-black_PROCLASS-2023.png","contentUrl":"https:\/\/proclass.com.br\/home\/wp-content\/uploads\/2023\/06\/CABECALHO-black_PROCLASS-2023.png","width":2563,"height":911,"caption":"PROCLASS"},"image":{"@id":"https:\/\/proclass.com.br\/home\/#\/schema\/logo\/image\/"}},{"@type":"Person","@id":"https:\/\/proclass.com.br\/home\/#\/schema\/person\/f89e1eb93d5d32c0bb465c52f87f5a00","name":"ProClass Treinamentos","image":{"@type":"ImageObject","inLanguage":"pt-BR","@id":"https:\/\/proclass.com.br\/home\/#\/schema\/person\/image\/","url":"https:\/\/secure.gravatar.com\/avatar\/3878d7a575c7ac355d2c778d5de04af08b7c5a7d9f19b2889f26cc7d80a6a832?s=96&d=blank&r=g","contentUrl":"https:\/\/secure.gravatar.com\/avatar\/3878d7a575c7ac355d2c778d5de04af08b7c5a7d9f19b2889f26cc7d80a6a832?s=96&d=blank&r=g","caption":"ProClass Treinamentos"},"url":"https:\/\/proclass.com.br\/home\/author\/proclass\/"}]}},"_links":{"self":[{"href":"https:\/\/proclass.com.br\/home\/wp-json\/wp\/v2\/posts\/1059","targetHints":{"allow":["GET"]}}],"collection":[{"href":"https:\/\/proclass.com.br\/home\/wp-json\/wp\/v2\/posts"}],"about":[{"href":"https:\/\/proclass.com.br\/home\/wp-json\/wp\/v2\/types\/post"}],"author":[{"embeddable":true,"href":"https:\/\/proclass.com.br\/home\/wp-json\/wp\/v2\/users\/4"}],"replies":[{"embeddable":true,"href":"https:\/\/proclass.com.br\/home\/wp-json\/wp\/v2\/comments?post=1059"}],"version-history":[{"count":0,"href":"https:\/\/proclass.com.br\/home\/wp-json\/wp\/v2\/posts\/1059\/revisions"}],"wp:attachment":[{"href":"https:\/\/proclass.com.br\/home\/wp-json\/wp\/v2\/media?parent=1059"}],"wp:term":[{"taxonomy":"category","embeddable":true,"href":"https:\/\/proclass.com.br\/home\/wp-json\/wp\/v2\/categories?post=1059"},{"taxonomy":"post_tag","embeddable":true,"href":"https:\/\/proclass.com.br\/home\/wp-json\/wp\/v2\/tags?post=1059"}],"curies":[{"name":"wp","href":"https:\/\/api.w.org\/{rel}","templated":true}]}}