{"id":1053,"date":"2011-12-04T00:46:59","date_gmt":"2011-12-04T03:46:59","guid":{"rendered":"http:\/\/proclass.com.br\/home\/?p=1053"},"modified":"2012-08-24T00:53:19","modified_gmt":"2012-08-24T03:53:19","slug":"como-usar-a-entrada-e-saida-interna-do-mac-em-qualquer-versao-do-pro-tools","status":"publish","type":"post","link":"https:\/\/proclass.com.br\/home\/2011\/12\/como-usar-a-entrada-e-saida-interna-do-mac-em-qualquer-versao-do-pro-tools\/","title":{"rendered":"Como usar a entrada e sa\u00edda interna do Mac em qualquer vers\u00e3o do Pro Tools"},"content":{"rendered":"<p>&nbsp;<\/p>\n<div style=\"text-align: justify;\">Com a chegada do <strong>Pro Tools 9<\/strong>, fiquei surpreso com o n\u00famero de pessoas que manifestaram interesse em gravar usando o <strong>microfone interno do Mac<\/strong> usando o novo <strong>Pro Tools Aggregate I\/O.<\/strong><\/div>\n<div style=\"text-align: justify;\">Muitas pessoas comentaram que gostavam do som do mic (realmente \u00e9 excelente!), e obviamente, tamb\u00e9m \u00e9 uma \u00f3tima ferramenta para registrar id\u00e9ias de maneira r\u00e1pida.<!--more--><\/div>\n<div style=\"text-align: justify;\">\n<table style=\"width: 100%;\" border=\"0\" align=\"center\">\n<tbody>\n<tr>\n<td style=\"text-align: center;\"><img decoding=\"async\" class=\"alignnone size-medium wp-image-1054\" title=\"pt-3-aggregate\" src=\"http:\/\/proclass.com.br\/home\/wp-content\/uploads\/2012\/08\/pt-3-aggregate-300x95.png\" alt=\"\" width=\"300\" height=\"95\" srcset=\"https:\/\/proclass.com.br\/home\/wp-content\/uploads\/2012\/08\/pt-3-aggregate-300x95.png 300w, https:\/\/proclass.com.br\/home\/wp-content\/uploads\/2012\/08\/pt-3-aggregate.png 320w\" sizes=\"(max-width: 300px) 100vw, 300px\" \/><\/td>\n<td style=\"text-align: center;\"><a href=\"http:\/\/proclass.com.br\/home\/wp-content\/uploads\/2012\/08\/pipescrj.jpg\"><img decoding=\"async\" class=\"alignnone size-medium wp-image-1055\" title=\"pipescrj\" src=\"http:\/\/proclass.com.br\/home\/wp-content\/uploads\/2012\/08\/pipescrj-300x112.jpg\" alt=\"\" width=\"300\" height=\"112\" srcset=\"https:\/\/proclass.com.br\/home\/wp-content\/uploads\/2012\/08\/pipescrj-300x112.jpg 300w, https:\/\/proclass.com.br\/home\/wp-content\/uploads\/2012\/08\/pipescrj.jpg 320w\" sizes=\"(max-width: 300px) 100vw, 300px\" \/><\/a><\/td>\n<\/tr>\n<tr>\n<td style=\"text-align: center;\" colspan=\"2\"><\/td>\n<\/tr>\n<\/tbody>\n<\/table>\n<\/div>\n<div style=\"text-align: justify;\">Mas deixe-me compartilhar um segredinho com voc\u00eas:<strong> Isto \u00e9 poss\u00edvel em qualquer vers\u00e3o do Pro Tools!<\/strong> Como?<\/div>\n<div style=\"text-align: justify;\">Atrav\u00e9s de um plug-in RTAS que o pessoal da <a href=\"http:\/\/www.studiomelange.pl\/jk\/index.html\">JK Plugs<\/a> criou chamado <strong>JK-Pipe.<\/strong><\/div>\n<div style=\"text-align: center;\"><img fetchpriority=\"high\" decoding=\"async\" class=\"alignnone size-full wp-image-1056\" title=\"sf1\" src=\"http:\/\/proclass.com.br\/home\/wp-content\/uploads\/2012\/08\/sf1.jpg\" alt=\"\" width=\"320\" height=\"306\" srcset=\"https:\/\/proclass.com.br\/home\/wp-content\/uploads\/2012\/08\/sf1.jpg 320w, https:\/\/proclass.com.br\/home\/wp-content\/uploads\/2012\/08\/sf1-300x286.jpg 300w\" sizes=\"(max-width: 320px) 100vw, 320px\" \/><\/div>\n<div style=\"text-align: justify;\"><\/div>\n<div style=\"text-align: justify;\"><strong>Mais um segredinho:<\/strong><\/div>\n<div style=\"text-align: justify;\">\u00c9 freeware. aqui vai o link:<a href=\"http:\/\/www.studiomelange.pl\/jk\/plugins.html\"> http:\/\/www.studiomelange.pl\/jk\/plugins.html<\/a><\/div>\n<div style=\"text-align: justify;\"><strong>B\u00f4nus track: <\/strong>Tamb\u00e9m \u00e9 poss\u00edvel gravar no Pro Tools (ou qualquer outro programa) a sa\u00edda de \u00e1udio interna do seu Mac usando Soundflower (tamb\u00e9m gratuito).<a href=\"http:\/\/cycling74.com\/products\/soundflower\/\">http:\/\/cycling74.com\/products\/soundflower\/<\/a><\/div>\n<table style=\"width: 100%;\" border=\"0\" align=\"center\">\n<tbody>\n<tr>\n<td><img loading=\"lazy\" decoding=\"async\" class=\"alignnone size-full wp-image-1057\" title=\"cris3x4 blog proclass\" src=\"http:\/\/proclass.com.br\/home\/wp-content\/uploads\/2012\/08\/cris3x4-blog-proclass.jpg\" alt=\"\" width=\"74\" height=\"99\" \/><\/td>\n<td><a href=\"http:\/\/cristianomoura.com\">Cristiano Moura<\/a> \u00e9 um <a href=\"http:\/\/www.avid.com\/US\/support\/training\/professionals\/Cristiano_Moura_\">Pro Tools Expert Music Certified Instructor<\/a> e ministra cursos de Pro Tools, Sibelius e Mixagem na <a href=\"http:\/\/proclass.com.br\">ProClass \u2013 RJ<\/a><\/td>\n<\/tr>\n<\/tbody>\n<\/table>\n<p>&nbsp;<\/p>\n","protected":false},"excerpt":{"rendered":"<p>&nbsp; Com a chegada do Pro Tools 9, fiquei surpreso com o n\u00famero de pessoas que manifestaram interesse em gravar usando o microfone interno do Mac usando o novo Pro Tools Aggregate I\/O. Muitas pessoas comentaram que gostavam do som do mic (realmente \u00e9 excelente!), e obviamente, tamb\u00e9m \u00e9 uma \u00f3tima ferramenta para registrar id\u00e9iasContinue reading &rarr;<\/p>\n","protected":false},"author":4,"featured_media":0,"comment_status":"open","ping_status":"open","sticky":false,"template":"","format":"standard","meta":{"footnotes":""},"categories":[1],"tags":[290,87,288,294,289,35,293,33,291,29],"class_list":["post-1053","post","type-post","status-publish","format-standard","hentry","category-novidades","tag-aggregate","tag-autom","tag-ferramenta","tag-music","tag-pessoal","tag-pro-tools","tag-rtas","tag-sibelius","tag-soundflower","tag-tamb","no-thumb"],"yoast_head":"<!-- This site is optimized with the Yoast SEO plugin v26.9 - https:\/\/yoast.com\/product\/yoast-seo-wordpress\/ -->\n<title>Como usar a entrada e sa\u00edda interna do Mac em qualquer vers\u00e3o do Pro Tools - PROCLASS<\/title>\n<meta name=\"robots\" content=\"index, follow, max-snippet:-1, max-image-preview:large, max-video-preview:-1\" \/>\n<link rel=\"canonical\" href=\"https:\/\/proclass.com.br\/home\/2011\/12\/como-usar-a-entrada-e-saida-interna-do-mac-em-qualquer-versao-do-pro-tools\/\" \/>\n<meta property=\"og:locale\" content=\"pt_BR\" \/>\n<meta property=\"og:type\" content=\"article\" \/>\n<meta property=\"og:title\" content=\"Como usar a entrada e sa\u00edda interna do Mac em qualquer vers\u00e3o do Pro Tools - PROCLASS\" \/>\n<meta property=\"og:description\" content=\"&nbsp; Com a chegada do Pro Tools 9, fiquei surpreso com o n\u00famero de pessoas que manifestaram interesse em gravar usando o microfone interno do Mac usando o novo Pro Tools Aggregate I\/O. Muitas pessoas comentaram que gostavam do som do mic (realmente \u00e9 excelente!), e obviamente, tamb\u00e9m \u00e9 uma \u00f3tima ferramenta para registrar id\u00e9iasContinue reading &rarr;\" \/>\n<meta property=\"og:url\" content=\"https:\/\/proclass.com.br\/home\/2011\/12\/como-usar-a-entrada-e-saida-interna-do-mac-em-qualquer-versao-do-pro-tools\/\" \/>\n<meta property=\"og:site_name\" content=\"PROCLASS\" \/>\n<meta property=\"article:published_time\" content=\"2011-12-04T03:46:59+00:00\" \/>\n<meta property=\"article:modified_time\" content=\"2012-08-24T03:53:19+00:00\" \/>\n<meta property=\"og:image\" content=\"https:\/\/proclass.com.br\/home\/wp-content\/uploads\/2012\/08\/pt-3-aggregate.png\" \/>\n\t<meta property=\"og:image:width\" content=\"320\" \/>\n\t<meta property=\"og:image:height\" content=\"102\" \/>\n\t<meta property=\"og:image:type\" content=\"image\/png\" \/>\n<meta name=\"author\" content=\"ProClass Treinamentos\" \/>\n<meta name=\"twitter:card\" content=\"summary_large_image\" \/>\n<meta name=\"twitter:label1\" content=\"Escrito por\" \/>\n\t<meta name=\"twitter:data1\" content=\"ProClass Treinamentos\" \/>\n\t<meta name=\"twitter:label2\" content=\"Est. tempo de leitura\" \/>\n\t<meta name=\"twitter:data2\" content=\"1 minuto\" \/>\n<script type=\"application\/ld+json\" class=\"yoast-schema-graph\">{\"@context\":\"https:\/\/schema.org\",\"@graph\":[{\"@type\":\"Article\",\"@id\":\"https:\/\/proclass.com.br\/home\/2011\/12\/como-usar-a-entrada-e-saida-interna-do-mac-em-qualquer-versao-do-pro-tools\/#article\",\"isPartOf\":{\"@id\":\"https:\/\/proclass.com.br\/home\/2011\/12\/como-usar-a-entrada-e-saida-interna-do-mac-em-qualquer-versao-do-pro-tools\/\"},\"author\":{\"name\":\"ProClass Treinamentos\",\"@id\":\"https:\/\/proclass.com.br\/home\/#\/schema\/person\/f89e1eb93d5d32c0bb465c52f87f5a00\"},\"headline\":\"Como usar a entrada e sa\u00edda interna do Mac em qualquer vers\u00e3o do Pro Tools\",\"datePublished\":\"2011-12-04T03:46:59+00:00\",\"dateModified\":\"2012-08-24T03:53:19+00:00\",\"mainEntityOfPage\":{\"@id\":\"https:\/\/proclass.com.br\/home\/2011\/12\/como-usar-a-entrada-e-saida-interna-do-mac-em-qualquer-versao-do-pro-tools\/\"},\"wordCount\":182,\"commentCount\":0,\"publisher\":{\"@id\":\"https:\/\/proclass.com.br\/home\/#organization\"},\"image\":{\"@id\":\"https:\/\/proclass.com.br\/home\/2011\/12\/como-usar-a-entrada-e-saida-interna-do-mac-em-qualquer-versao-do-pro-tools\/#primaryimage\"},\"thumbnailUrl\":\"http:\/\/proclass.com.br\/home\/wp-content\/uploads\/2012\/08\/pt-3-aggregate-300x95.png\",\"keywords\":[\"aggregate\",\"autom\",\"ferramenta\",\"music\",\"pessoal\",\"pro tools\",\"rtas\",\"sibelius\",\"soundflower\",\"tamb\"],\"articleSection\":[\"Novidades\"],\"inLanguage\":\"pt-BR\",\"potentialAction\":[{\"@type\":\"CommentAction\",\"name\":\"Comment\",\"target\":[\"https:\/\/proclass.com.br\/home\/2011\/12\/como-usar-a-entrada-e-saida-interna-do-mac-em-qualquer-versao-do-pro-tools\/#respond\"]}]},{\"@type\":\"WebPage\",\"@id\":\"https:\/\/proclass.com.br\/home\/2011\/12\/como-usar-a-entrada-e-saida-interna-do-mac-em-qualquer-versao-do-pro-tools\/\",\"url\":\"https:\/\/proclass.com.br\/home\/2011\/12\/como-usar-a-entrada-e-saida-interna-do-mac-em-qualquer-versao-do-pro-tools\/\",\"name\":\"Como usar a entrada e sa\u00edda interna do Mac em qualquer vers\u00e3o do Pro Tools - PROCLASS\",\"isPartOf\":{\"@id\":\"https:\/\/proclass.com.br\/home\/#website\"},\"primaryImageOfPage\":{\"@id\":\"https:\/\/proclass.com.br\/home\/2011\/12\/como-usar-a-entrada-e-saida-interna-do-mac-em-qualquer-versao-do-pro-tools\/#primaryimage\"},\"image\":{\"@id\":\"https:\/\/proclass.com.br\/home\/2011\/12\/como-usar-a-entrada-e-saida-interna-do-mac-em-qualquer-versao-do-pro-tools\/#primaryimage\"},\"thumbnailUrl\":\"http:\/\/proclass.com.br\/home\/wp-content\/uploads\/2012\/08\/pt-3-aggregate-300x95.png\",\"datePublished\":\"2011-12-04T03:46:59+00:00\",\"dateModified\":\"2012-08-24T03:53:19+00:00\",\"breadcrumb\":{\"@id\":\"https:\/\/proclass.com.br\/home\/2011\/12\/como-usar-a-entrada-e-saida-interna-do-mac-em-qualquer-versao-do-pro-tools\/#breadcrumb\"},\"inLanguage\":\"pt-BR\",\"potentialAction\":[{\"@type\":\"ReadAction\",\"target\":[\"https:\/\/proclass.com.br\/home\/2011\/12\/como-usar-a-entrada-e-saida-interna-do-mac-em-qualquer-versao-do-pro-tools\/\"]}]},{\"@type\":\"ImageObject\",\"inLanguage\":\"pt-BR\",\"@id\":\"https:\/\/proclass.com.br\/home\/2011\/12\/como-usar-a-entrada-e-saida-interna-do-mac-em-qualquer-versao-do-pro-tools\/#primaryimage\",\"url\":\"https:\/\/proclass.com.br\/home\/wp-content\/uploads\/2012\/08\/pt-3-aggregate.png\",\"contentUrl\":\"https:\/\/proclass.com.br\/home\/wp-content\/uploads\/2012\/08\/pt-3-aggregate.png\",\"width\":\"320\",\"height\":\"102\"},{\"@type\":\"BreadcrumbList\",\"@id\":\"https:\/\/proclass.com.br\/home\/2011\/12\/como-usar-a-entrada-e-saida-interna-do-mac-em-qualquer-versao-do-pro-tools\/#breadcrumb\",\"itemListElement\":[{\"@type\":\"ListItem\",\"position\":1,\"name\":\"In\u00edcio\",\"item\":\"https:\/\/proclass.com.br\/home\/\"},{\"@type\":\"ListItem\",\"position\":2,\"name\":\"Como usar a entrada e sa\u00edda interna do Mac em qualquer vers\u00e3o do Pro Tools\"}]},{\"@type\":\"WebSite\",\"@id\":\"https:\/\/proclass.com.br\/home\/#website\",\"url\":\"https:\/\/proclass.com.br\/home\/\",\"name\":\"PROCLASS\",\"description\":\"CURSOS E TREINAMENTOS\",\"publisher\":{\"@id\":\"https:\/\/proclass.com.br\/home\/#organization\"},\"potentialAction\":[{\"@type\":\"SearchAction\",\"target\":{\"@type\":\"EntryPoint\",\"urlTemplate\":\"https:\/\/proclass.com.br\/home\/?s={search_term_string}\"},\"query-input\":{\"@type\":\"PropertyValueSpecification\",\"valueRequired\":true,\"valueName\":\"search_term_string\"}}],\"inLanguage\":\"pt-BR\"},{\"@type\":\"Organization\",\"@id\":\"https:\/\/proclass.com.br\/home\/#organization\",\"name\":\"PROCLASS\",\"url\":\"https:\/\/proclass.com.br\/home\/\",\"logo\":{\"@type\":\"ImageObject\",\"inLanguage\":\"pt-BR\",\"@id\":\"https:\/\/proclass.com.br\/home\/#\/schema\/logo\/image\/\",\"url\":\"https:\/\/proclass.com.br\/home\/wp-content\/uploads\/2023\/06\/CABECALHO-black_PROCLASS-2023.png\",\"contentUrl\":\"https:\/\/proclass.com.br\/home\/wp-content\/uploads\/2023\/06\/CABECALHO-black_PROCLASS-2023.png\",\"width\":2563,\"height\":911,\"caption\":\"PROCLASS\"},\"image\":{\"@id\":\"https:\/\/proclass.com.br\/home\/#\/schema\/logo\/image\/\"}},{\"@type\":\"Person\",\"@id\":\"https:\/\/proclass.com.br\/home\/#\/schema\/person\/f89e1eb93d5d32c0bb465c52f87f5a00\",\"name\":\"ProClass Treinamentos\",\"image\":{\"@type\":\"ImageObject\",\"inLanguage\":\"pt-BR\",\"@id\":\"https:\/\/proclass.com.br\/home\/#\/schema\/person\/image\/\",\"url\":\"https:\/\/secure.gravatar.com\/avatar\/3878d7a575c7ac355d2c778d5de04af08b7c5a7d9f19b2889f26cc7d80a6a832?s=96&d=blank&r=g\",\"contentUrl\":\"https:\/\/secure.gravatar.com\/avatar\/3878d7a575c7ac355d2c778d5de04af08b7c5a7d9f19b2889f26cc7d80a6a832?s=96&d=blank&r=g\",\"caption\":\"ProClass Treinamentos\"},\"url\":\"https:\/\/proclass.com.br\/home\/author\/proclass\/\"}]}<\/script>\n<!-- \/ Yoast SEO plugin. -->","yoast_head_json":{"title":"Como usar a entrada e sa\u00edda interna do Mac em qualquer vers\u00e3o do Pro Tools - PROCLASS","robots":{"index":"index","follow":"follow","max-snippet":"max-snippet:-1","max-image-preview":"max-image-preview:large","max-video-preview":"max-video-preview:-1"},"canonical":"https:\/\/proclass.com.br\/home\/2011\/12\/como-usar-a-entrada-e-saida-interna-do-mac-em-qualquer-versao-do-pro-tools\/","og_locale":"pt_BR","og_type":"article","og_title":"Como usar a entrada e sa\u00edda interna do Mac em qualquer vers\u00e3o do Pro Tools - PROCLASS","og_description":"&nbsp; Com a chegada do Pro Tools 9, fiquei surpreso com o n\u00famero de pessoas que manifestaram interesse em gravar usando o microfone interno do Mac usando o novo Pro Tools Aggregate I\/O. Muitas pessoas comentaram que gostavam do som do mic (realmente \u00e9 excelente!), e obviamente, tamb\u00e9m \u00e9 uma \u00f3tima ferramenta para registrar id\u00e9iasContinue reading &rarr;","og_url":"https:\/\/proclass.com.br\/home\/2011\/12\/como-usar-a-entrada-e-saida-interna-do-mac-em-qualquer-versao-do-pro-tools\/","og_site_name":"PROCLASS","article_published_time":"2011-12-04T03:46:59+00:00","article_modified_time":"2012-08-24T03:53:19+00:00","og_image":[{"width":320,"height":102,"url":"https:\/\/proclass.com.br\/home\/wp-content\/uploads\/2012\/08\/pt-3-aggregate.png","type":"image\/png"}],"author":"ProClass Treinamentos","twitter_card":"summary_large_image","twitter_misc":{"Escrito por":"ProClass Treinamentos","Est. tempo de leitura":"1 minuto"},"schema":{"@context":"https:\/\/schema.org","@graph":[{"@type":"Article","@id":"https:\/\/proclass.com.br\/home\/2011\/12\/como-usar-a-entrada-e-saida-interna-do-mac-em-qualquer-versao-do-pro-tools\/#article","isPartOf":{"@id":"https:\/\/proclass.com.br\/home\/2011\/12\/como-usar-a-entrada-e-saida-interna-do-mac-em-qualquer-versao-do-pro-tools\/"},"author":{"name":"ProClass Treinamentos","@id":"https:\/\/proclass.com.br\/home\/#\/schema\/person\/f89e1eb93d5d32c0bb465c52f87f5a00"},"headline":"Como usar a entrada e sa\u00edda interna do Mac em qualquer vers\u00e3o do Pro Tools","datePublished":"2011-12-04T03:46:59+00:00","dateModified":"2012-08-24T03:53:19+00:00","mainEntityOfPage":{"@id":"https:\/\/proclass.com.br\/home\/2011\/12\/como-usar-a-entrada-e-saida-interna-do-mac-em-qualquer-versao-do-pro-tools\/"},"wordCount":182,"commentCount":0,"publisher":{"@id":"https:\/\/proclass.com.br\/home\/#organization"},"image":{"@id":"https:\/\/proclass.com.br\/home\/2011\/12\/como-usar-a-entrada-e-saida-interna-do-mac-em-qualquer-versao-do-pro-tools\/#primaryimage"},"thumbnailUrl":"http:\/\/proclass.com.br\/home\/wp-content\/uploads\/2012\/08\/pt-3-aggregate-300x95.png","keywords":["aggregate","autom","ferramenta","music","pessoal","pro tools","rtas","sibelius","soundflower","tamb"],"articleSection":["Novidades"],"inLanguage":"pt-BR","potentialAction":[{"@type":"CommentAction","name":"Comment","target":["https:\/\/proclass.com.br\/home\/2011\/12\/como-usar-a-entrada-e-saida-interna-do-mac-em-qualquer-versao-do-pro-tools\/#respond"]}]},{"@type":"WebPage","@id":"https:\/\/proclass.com.br\/home\/2011\/12\/como-usar-a-entrada-e-saida-interna-do-mac-em-qualquer-versao-do-pro-tools\/","url":"https:\/\/proclass.com.br\/home\/2011\/12\/como-usar-a-entrada-e-saida-interna-do-mac-em-qualquer-versao-do-pro-tools\/","name":"Como usar a entrada e sa\u00edda interna do Mac em qualquer vers\u00e3o do Pro Tools - PROCLASS","isPartOf":{"@id":"https:\/\/proclass.com.br\/home\/#website"},"primaryImageOfPage":{"@id":"https:\/\/proclass.com.br\/home\/2011\/12\/como-usar-a-entrada-e-saida-interna-do-mac-em-qualquer-versao-do-pro-tools\/#primaryimage"},"image":{"@id":"https:\/\/proclass.com.br\/home\/2011\/12\/como-usar-a-entrada-e-saida-interna-do-mac-em-qualquer-versao-do-pro-tools\/#primaryimage"},"thumbnailUrl":"http:\/\/proclass.com.br\/home\/wp-content\/uploads\/2012\/08\/pt-3-aggregate-300x95.png","datePublished":"2011-12-04T03:46:59+00:00","dateModified":"2012-08-24T03:53:19+00:00","breadcrumb":{"@id":"https:\/\/proclass.com.br\/home\/2011\/12\/como-usar-a-entrada-e-saida-interna-do-mac-em-qualquer-versao-do-pro-tools\/#breadcrumb"},"inLanguage":"pt-BR","potentialAction":[{"@type":"ReadAction","target":["https:\/\/proclass.com.br\/home\/2011\/12\/como-usar-a-entrada-e-saida-interna-do-mac-em-qualquer-versao-do-pro-tools\/"]}]},{"@type":"ImageObject","inLanguage":"pt-BR","@id":"https:\/\/proclass.com.br\/home\/2011\/12\/como-usar-a-entrada-e-saida-interna-do-mac-em-qualquer-versao-do-pro-tools\/#primaryimage","url":"https:\/\/proclass.com.br\/home\/wp-content\/uploads\/2012\/08\/pt-3-aggregate.png","contentUrl":"https:\/\/proclass.com.br\/home\/wp-content\/uploads\/2012\/08\/pt-3-aggregate.png","width":"320","height":"102"},{"@type":"BreadcrumbList","@id":"https:\/\/proclass.com.br\/home\/2011\/12\/como-usar-a-entrada-e-saida-interna-do-mac-em-qualquer-versao-do-pro-tools\/#breadcrumb","itemListElement":[{"@type":"ListItem","position":1,"name":"In\u00edcio","item":"https:\/\/proclass.com.br\/home\/"},{"@type":"ListItem","position":2,"name":"Como usar a entrada e sa\u00edda interna do Mac em qualquer vers\u00e3o do Pro Tools"}]},{"@type":"WebSite","@id":"https:\/\/proclass.com.br\/home\/#website","url":"https:\/\/proclass.com.br\/home\/","name":"PROCLASS","description":"CURSOS E TREINAMENTOS","publisher":{"@id":"https:\/\/proclass.com.br\/home\/#organization"},"potentialAction":[{"@type":"SearchAction","target":{"@type":"EntryPoint","urlTemplate":"https:\/\/proclass.com.br\/home\/?s={search_term_string}"},"query-input":{"@type":"PropertyValueSpecification","valueRequired":true,"valueName":"search_term_string"}}],"inLanguage":"pt-BR"},{"@type":"Organization","@id":"https:\/\/proclass.com.br\/home\/#organization","name":"PROCLASS","url":"https:\/\/proclass.com.br\/home\/","logo":{"@type":"ImageObject","inLanguage":"pt-BR","@id":"https:\/\/proclass.com.br\/home\/#\/schema\/logo\/image\/","url":"https:\/\/proclass.com.br\/home\/wp-content\/uploads\/2023\/06\/CABECALHO-black_PROCLASS-2023.png","contentUrl":"https:\/\/proclass.com.br\/home\/wp-content\/uploads\/2023\/06\/CABECALHO-black_PROCLASS-2023.png","width":2563,"height":911,"caption":"PROCLASS"},"image":{"@id":"https:\/\/proclass.com.br\/home\/#\/schema\/logo\/image\/"}},{"@type":"Person","@id":"https:\/\/proclass.com.br\/home\/#\/schema\/person\/f89e1eb93d5d32c0bb465c52f87f5a00","name":"ProClass Treinamentos","image":{"@type":"ImageObject","inLanguage":"pt-BR","@id":"https:\/\/proclass.com.br\/home\/#\/schema\/person\/image\/","url":"https:\/\/secure.gravatar.com\/avatar\/3878d7a575c7ac355d2c778d5de04af08b7c5a7d9f19b2889f26cc7d80a6a832?s=96&d=blank&r=g","contentUrl":"https:\/\/secure.gravatar.com\/avatar\/3878d7a575c7ac355d2c778d5de04af08b7c5a7d9f19b2889f26cc7d80a6a832?s=96&d=blank&r=g","caption":"ProClass Treinamentos"},"url":"https:\/\/proclass.com.br\/home\/author\/proclass\/"}]}},"_links":{"self":[{"href":"https:\/\/proclass.com.br\/home\/wp-json\/wp\/v2\/posts\/1053","targetHints":{"allow":["GET"]}}],"collection":[{"href":"https:\/\/proclass.com.br\/home\/wp-json\/wp\/v2\/posts"}],"about":[{"href":"https:\/\/proclass.com.br\/home\/wp-json\/wp\/v2\/types\/post"}],"author":[{"embeddable":true,"href":"https:\/\/proclass.com.br\/home\/wp-json\/wp\/v2\/users\/4"}],"replies":[{"embeddable":true,"href":"https:\/\/proclass.com.br\/home\/wp-json\/wp\/v2\/comments?post=1053"}],"version-history":[{"count":0,"href":"https:\/\/proclass.com.br\/home\/wp-json\/wp\/v2\/posts\/1053\/revisions"}],"wp:attachment":[{"href":"https:\/\/proclass.com.br\/home\/wp-json\/wp\/v2\/media?parent=1053"}],"wp:term":[{"taxonomy":"category","embeddable":true,"href":"https:\/\/proclass.com.br\/home\/wp-json\/wp\/v2\/categories?post=1053"},{"taxonomy":"post_tag","embeddable":true,"href":"https:\/\/proclass.com.br\/home\/wp-json\/wp\/v2\/tags?post=1053"}],"curies":[{"name":"wp","href":"https:\/\/api.w.org\/{rel}","templated":true}]}}