{"id":1042,"date":"2011-11-07T00:37:38","date_gmt":"2011-11-07T03:37:38","guid":{"rendered":"http:\/\/proclass.com.br\/home\/?p=1042"},"modified":"2012-08-24T00:46:17","modified_gmt":"2012-08-24T03:46:17","slug":"primeiro-dia-da-aes-2010-san-francisco-usa","status":"publish","type":"post","link":"https:\/\/proclass.com.br\/home\/2011\/11\/primeiro-dia-da-aes-2010-san-francisco-usa\/","title":{"rendered":"Primeiro dia da AES 2010 \u2013 San Francisco, USA"},"content":{"rendered":"<p style=\"text-align: justify;\">Cristiano Moura, o correspondente da ProClass na edi\u00e7\u00e3o de 2010 do congresso da AES (Audio Engineering Society), acaba de nos enviar mais fotos do evento.<br \/>\nA \u00faltima foto \u00e9 o estande da Avid (que, por sinal, \u00e9 o maior da feira). L\u00e1, rolam palestras sobre music creation e post production de 30 em 30 min.<!--more--><\/p>\n<p style=\"text-align: justify;\">E as fotos n\u00e3o negam. Este ano vemos as aten\u00e7\u00f5es voltadas para o mundo anal\u00f3gico. Equipamentos high-end, preamps e microfones tamb\u00e9m estavam bem representados. Na parte de software, sentimos a falta de grandes nomes como Waves, Steinberg, Antares, Celemony, IK Multimedia com seus estandes como nas feiras de m\u00fasica. Destaque para iZotope, Sonnox, Arturia e, \u00e9 claro, Avid.<\/p>\n<table style=\"width: 100%;\" border=\"0\" cellspacing=\"2\" cellpadding=\"2\" align=\"center\">\n<tbody>\n<tr>\n<td style=\"text-align: center;\"><img fetchpriority=\"high\" decoding=\"async\" class=\"wp-image-1043\" title=\"1\" src=\"http:\/\/proclass.com.br\/home\/wp-content\/uploads\/2012\/08\/1.jpg\" alt=\"\" width=\"288\" height=\"216\" srcset=\"https:\/\/proclass.com.br\/home\/wp-content\/uploads\/2012\/08\/1.jpg 320w, https:\/\/proclass.com.br\/home\/wp-content\/uploads\/2012\/08\/1-300x225.jpg 300w\" sizes=\"(max-width: 288px) 100vw, 288px\" \/><\/td>\n<td style=\"text-align: center;\"><img decoding=\"async\" class=\" wp-image-1044\" title=\"2\" src=\"http:\/\/proclass.com.br\/home\/wp-content\/uploads\/2012\/08\/2.jpg\" alt=\"\" width=\"288\" height=\"216\" srcset=\"https:\/\/proclass.com.br\/home\/wp-content\/uploads\/2012\/08\/2.jpg 320w, https:\/\/proclass.com.br\/home\/wp-content\/uploads\/2012\/08\/2-300x225.jpg 300w\" sizes=\"(max-width: 288px) 100vw, 288px\" \/><\/td>\n<\/tr>\n<tr>\n<td style=\"text-align: center;\"><img decoding=\"async\" class=\"alignnone  wp-image-1045\" title=\"3\" src=\"http:\/\/proclass.com.br\/home\/wp-content\/uploads\/2012\/08\/3.jpg\" alt=\"\" width=\"288\" height=\"216\" srcset=\"https:\/\/proclass.com.br\/home\/wp-content\/uploads\/2012\/08\/3.jpg 320w, https:\/\/proclass.com.br\/home\/wp-content\/uploads\/2012\/08\/3-300x225.jpg 300w\" sizes=\"(max-width: 288px) 100vw, 288px\" \/><\/td>\n<td style=\"text-align: center;\"><img loading=\"lazy\" decoding=\"async\" class=\"alignnone  wp-image-1046\" title=\"4\" src=\"http:\/\/proclass.com.br\/home\/wp-content\/uploads\/2012\/08\/4.jpg\" alt=\"\" width=\"288\" height=\"216\" srcset=\"https:\/\/proclass.com.br\/home\/wp-content\/uploads\/2012\/08\/4.jpg 320w, https:\/\/proclass.com.br\/home\/wp-content\/uploads\/2012\/08\/4-300x225.jpg 300w\" sizes=\"(max-width: 288px) 100vw, 288px\" \/><\/td>\n<\/tr>\n<tr>\n<td style=\"text-align: center;\"><img loading=\"lazy\" decoding=\"async\" class=\"alignnone  wp-image-1047\" title=\"5\" src=\"http:\/\/proclass.com.br\/home\/wp-content\/uploads\/2012\/08\/5.jpg\" alt=\"\" width=\"288\" height=\"216\" srcset=\"https:\/\/proclass.com.br\/home\/wp-content\/uploads\/2012\/08\/5.jpg 320w, https:\/\/proclass.com.br\/home\/wp-content\/uploads\/2012\/08\/5-300x225.jpg 300w\" sizes=\"(max-width: 288px) 100vw, 288px\" \/><\/td>\n<td style=\"text-align: center;\"><img loading=\"lazy\" decoding=\"async\" class=\"alignnone  wp-image-1048\" title=\"6\" src=\"http:\/\/proclass.com.br\/home\/wp-content\/uploads\/2012\/08\/6.jpg\" alt=\"\" width=\"288\" height=\"216\" srcset=\"https:\/\/proclass.com.br\/home\/wp-content\/uploads\/2012\/08\/6.jpg 320w, https:\/\/proclass.com.br\/home\/wp-content\/uploads\/2012\/08\/6-300x225.jpg 300w\" sizes=\"(max-width: 288px) 100vw, 288px\" \/><\/td>\n<\/tr>\n<tr>\n<td style=\"text-align: center;\"><img loading=\"lazy\" decoding=\"async\" class=\"alignnone  wp-image-1049\" title=\"7\" src=\"http:\/\/proclass.com.br\/home\/wp-content\/uploads\/2012\/08\/7.jpg\" alt=\"\" width=\"288\" height=\"216\" srcset=\"https:\/\/proclass.com.br\/home\/wp-content\/uploads\/2012\/08\/7.jpg 320w, https:\/\/proclass.com.br\/home\/wp-content\/uploads\/2012\/08\/7-300x225.jpg 300w\" sizes=\"(max-width: 288px) 100vw, 288px\" \/><\/td>\n<td style=\"text-align: center;\"><\/td>\n<\/tr>\n<\/tbody>\n<\/table>\n","protected":false},"excerpt":{"rendered":"<p>Cristiano Moura, o correspondente da ProClass na edi\u00e7\u00e3o de 2010 do congresso da AES (Audio Engineering Society), acaba de nos enviar mais fotos do evento. A \u00faltima foto \u00e9 o estande da Avid (que, por sinal, \u00e9 o maior da feira). L\u00e1, rolam palestras sobre music creation e post production de 30 em 30 min.<\/p>\n","protected":false},"author":4,"featured_media":0,"comment_status":"open","ping_status":"open","sticky":false,"template":"","format":"standard","meta":{"footnotes":""},"categories":[1],"tags":[285,87,284,277,75,281,286,287,83,280],"class_list":["post-1042","post","type-post","status-publish","format-standard","hentry","category-novidades","tag-antares","tag-autom","tag-destaque","tag-engineering-society","tag-ik-multimedia","tag-izotope","tag-preamps","tag-sinal","tag-sonnox","tag-steinberg","no-thumb"],"yoast_head":"<!-- This site is optimized with the Yoast SEO plugin v26.9 - https:\/\/yoast.com\/product\/yoast-seo-wordpress\/ -->\n<title>Primeiro dia da AES 2010 \u2013 San Francisco, USA - PROCLASS<\/title>\n<meta name=\"robots\" content=\"index, follow, max-snippet:-1, max-image-preview:large, max-video-preview:-1\" \/>\n<link rel=\"canonical\" href=\"https:\/\/proclass.com.br\/home\/2011\/11\/primeiro-dia-da-aes-2010-san-francisco-usa\/\" \/>\n<meta property=\"og:locale\" content=\"pt_BR\" \/>\n<meta property=\"og:type\" content=\"article\" \/>\n<meta property=\"og:title\" content=\"Primeiro dia da AES 2010 \u2013 San Francisco, USA - PROCLASS\" \/>\n<meta property=\"og:description\" content=\"Cristiano Moura, o correspondente da ProClass na edi\u00e7\u00e3o de 2010 do congresso da AES (Audio Engineering Society), acaba de nos enviar mais fotos do evento. A \u00faltima foto \u00e9 o estande da Avid (que, por sinal, \u00e9 o maior da feira). L\u00e1, rolam palestras sobre music creation e post production de 30 em 30 min.\" \/>\n<meta property=\"og:url\" content=\"https:\/\/proclass.com.br\/home\/2011\/11\/primeiro-dia-da-aes-2010-san-francisco-usa\/\" \/>\n<meta property=\"og:site_name\" content=\"PROCLASS\" \/>\n<meta property=\"article:published_time\" content=\"2011-11-07T03:37:38+00:00\" \/>\n<meta property=\"article:modified_time\" content=\"2012-08-24T03:46:17+00:00\" \/>\n<meta property=\"og:image\" content=\"https:\/\/proclass.com.br\/home\/wp-content\/uploads\/2012\/08\/1.jpg\" \/>\n\t<meta property=\"og:image:width\" content=\"320\" \/>\n\t<meta property=\"og:image:height\" content=\"240\" \/>\n\t<meta property=\"og:image:type\" content=\"image\/jpeg\" \/>\n<meta name=\"author\" content=\"ProClass Treinamentos\" \/>\n<meta name=\"twitter:card\" content=\"summary_large_image\" \/>\n<meta name=\"twitter:label1\" content=\"Escrito por\" \/>\n\t<meta name=\"twitter:data1\" content=\"ProClass Treinamentos\" \/>\n\t<meta name=\"twitter:label2\" content=\"Est. tempo de leitura\" \/>\n\t<meta name=\"twitter:data2\" content=\"1 minuto\" \/>\n<script type=\"application\/ld+json\" class=\"yoast-schema-graph\">{\"@context\":\"https:\/\/schema.org\",\"@graph\":[{\"@type\":\"Article\",\"@id\":\"https:\/\/proclass.com.br\/home\/2011\/11\/primeiro-dia-da-aes-2010-san-francisco-usa\/#article\",\"isPartOf\":{\"@id\":\"https:\/\/proclass.com.br\/home\/2011\/11\/primeiro-dia-da-aes-2010-san-francisco-usa\/\"},\"author\":{\"name\":\"ProClass Treinamentos\",\"@id\":\"https:\/\/proclass.com.br\/home\/#\/schema\/person\/f89e1eb93d5d32c0bb465c52f87f5a00\"},\"headline\":\"Primeiro dia da AES 2010 \u2013 San Francisco, USA\",\"datePublished\":\"2011-11-07T03:37:38+00:00\",\"dateModified\":\"2012-08-24T03:46:17+00:00\",\"mainEntityOfPage\":{\"@id\":\"https:\/\/proclass.com.br\/home\/2011\/11\/primeiro-dia-da-aes-2010-san-francisco-usa\/\"},\"wordCount\":120,\"commentCount\":0,\"publisher\":{\"@id\":\"https:\/\/proclass.com.br\/home\/#organization\"},\"image\":{\"@id\":\"https:\/\/proclass.com.br\/home\/2011\/11\/primeiro-dia-da-aes-2010-san-francisco-usa\/#primaryimage\"},\"thumbnailUrl\":\"http:\/\/proclass.com.br\/home\/wp-content\/uploads\/2012\/08\/1.jpg\",\"keywords\":[\"antares\",\"autom\",\"destaque\",\"engineering society\",\"ik multimedia\",\"izotope\",\"preamps\",\"sinal\",\"sonnox\",\"steinberg\"],\"articleSection\":[\"Novidades\"],\"inLanguage\":\"pt-BR\",\"potentialAction\":[{\"@type\":\"CommentAction\",\"name\":\"Comment\",\"target\":[\"https:\/\/proclass.com.br\/home\/2011\/11\/primeiro-dia-da-aes-2010-san-francisco-usa\/#respond\"]}]},{\"@type\":\"WebPage\",\"@id\":\"https:\/\/proclass.com.br\/home\/2011\/11\/primeiro-dia-da-aes-2010-san-francisco-usa\/\",\"url\":\"https:\/\/proclass.com.br\/home\/2011\/11\/primeiro-dia-da-aes-2010-san-francisco-usa\/\",\"name\":\"Primeiro dia da AES 2010 \u2013 San Francisco, USA - PROCLASS\",\"isPartOf\":{\"@id\":\"https:\/\/proclass.com.br\/home\/#website\"},\"primaryImageOfPage\":{\"@id\":\"https:\/\/proclass.com.br\/home\/2011\/11\/primeiro-dia-da-aes-2010-san-francisco-usa\/#primaryimage\"},\"image\":{\"@id\":\"https:\/\/proclass.com.br\/home\/2011\/11\/primeiro-dia-da-aes-2010-san-francisco-usa\/#primaryimage\"},\"thumbnailUrl\":\"http:\/\/proclass.com.br\/home\/wp-content\/uploads\/2012\/08\/1.jpg\",\"datePublished\":\"2011-11-07T03:37:38+00:00\",\"dateModified\":\"2012-08-24T03:46:17+00:00\",\"breadcrumb\":{\"@id\":\"https:\/\/proclass.com.br\/home\/2011\/11\/primeiro-dia-da-aes-2010-san-francisco-usa\/#breadcrumb\"},\"inLanguage\":\"pt-BR\",\"potentialAction\":[{\"@type\":\"ReadAction\",\"target\":[\"https:\/\/proclass.com.br\/home\/2011\/11\/primeiro-dia-da-aes-2010-san-francisco-usa\/\"]}]},{\"@type\":\"ImageObject\",\"inLanguage\":\"pt-BR\",\"@id\":\"https:\/\/proclass.com.br\/home\/2011\/11\/primeiro-dia-da-aes-2010-san-francisco-usa\/#primaryimage\",\"url\":\"https:\/\/proclass.com.br\/home\/wp-content\/uploads\/2012\/08\/1.jpg\",\"contentUrl\":\"https:\/\/proclass.com.br\/home\/wp-content\/uploads\/2012\/08\/1.jpg\",\"width\":\"320\",\"height\":\"240\"},{\"@type\":\"BreadcrumbList\",\"@id\":\"https:\/\/proclass.com.br\/home\/2011\/11\/primeiro-dia-da-aes-2010-san-francisco-usa\/#breadcrumb\",\"itemListElement\":[{\"@type\":\"ListItem\",\"position\":1,\"name\":\"In\u00edcio\",\"item\":\"https:\/\/proclass.com.br\/home\/\"},{\"@type\":\"ListItem\",\"position\":2,\"name\":\"Primeiro dia da AES 2010 \u2013 San Francisco, USA\"}]},{\"@type\":\"WebSite\",\"@id\":\"https:\/\/proclass.com.br\/home\/#website\",\"url\":\"https:\/\/proclass.com.br\/home\/\",\"name\":\"PROCLASS\",\"description\":\"CURSOS E TREINAMENTOS\",\"publisher\":{\"@id\":\"https:\/\/proclass.com.br\/home\/#organization\"},\"potentialAction\":[{\"@type\":\"SearchAction\",\"target\":{\"@type\":\"EntryPoint\",\"urlTemplate\":\"https:\/\/proclass.com.br\/home\/?s={search_term_string}\"},\"query-input\":{\"@type\":\"PropertyValueSpecification\",\"valueRequired\":true,\"valueName\":\"search_term_string\"}}],\"inLanguage\":\"pt-BR\"},{\"@type\":\"Organization\",\"@id\":\"https:\/\/proclass.com.br\/home\/#organization\",\"name\":\"PROCLASS\",\"url\":\"https:\/\/proclass.com.br\/home\/\",\"logo\":{\"@type\":\"ImageObject\",\"inLanguage\":\"pt-BR\",\"@id\":\"https:\/\/proclass.com.br\/home\/#\/schema\/logo\/image\/\",\"url\":\"https:\/\/proclass.com.br\/home\/wp-content\/uploads\/2023\/06\/CABECALHO-black_PROCLASS-2023.png\",\"contentUrl\":\"https:\/\/proclass.com.br\/home\/wp-content\/uploads\/2023\/06\/CABECALHO-black_PROCLASS-2023.png\",\"width\":2563,\"height\":911,\"caption\":\"PROCLASS\"},\"image\":{\"@id\":\"https:\/\/proclass.com.br\/home\/#\/schema\/logo\/image\/\"}},{\"@type\":\"Person\",\"@id\":\"https:\/\/proclass.com.br\/home\/#\/schema\/person\/f89e1eb93d5d32c0bb465c52f87f5a00\",\"name\":\"ProClass Treinamentos\",\"image\":{\"@type\":\"ImageObject\",\"inLanguage\":\"pt-BR\",\"@id\":\"https:\/\/proclass.com.br\/home\/#\/schema\/person\/image\/\",\"url\":\"https:\/\/secure.gravatar.com\/avatar\/3878d7a575c7ac355d2c778d5de04af08b7c5a7d9f19b2889f26cc7d80a6a832?s=96&d=blank&r=g\",\"contentUrl\":\"https:\/\/secure.gravatar.com\/avatar\/3878d7a575c7ac355d2c778d5de04af08b7c5a7d9f19b2889f26cc7d80a6a832?s=96&d=blank&r=g\",\"caption\":\"ProClass Treinamentos\"},\"url\":\"https:\/\/proclass.com.br\/home\/author\/proclass\/\"}]}<\/script>\n<!-- \/ Yoast SEO plugin. -->","yoast_head_json":{"title":"Primeiro dia da AES 2010 \u2013 San Francisco, USA - PROCLASS","robots":{"index":"index","follow":"follow","max-snippet":"max-snippet:-1","max-image-preview":"max-image-preview:large","max-video-preview":"max-video-preview:-1"},"canonical":"https:\/\/proclass.com.br\/home\/2011\/11\/primeiro-dia-da-aes-2010-san-francisco-usa\/","og_locale":"pt_BR","og_type":"article","og_title":"Primeiro dia da AES 2010 \u2013 San Francisco, USA - PROCLASS","og_description":"Cristiano Moura, o correspondente da ProClass na edi\u00e7\u00e3o de 2010 do congresso da AES (Audio Engineering Society), acaba de nos enviar mais fotos do evento. A \u00faltima foto \u00e9 o estande da Avid (que, por sinal, \u00e9 o maior da feira). L\u00e1, rolam palestras sobre music creation e post production de 30 em 30 min.","og_url":"https:\/\/proclass.com.br\/home\/2011\/11\/primeiro-dia-da-aes-2010-san-francisco-usa\/","og_site_name":"PROCLASS","article_published_time":"2011-11-07T03:37:38+00:00","article_modified_time":"2012-08-24T03:46:17+00:00","og_image":[{"width":320,"height":240,"url":"https:\/\/proclass.com.br\/home\/wp-content\/uploads\/2012\/08\/1.jpg","type":"image\/jpeg"}],"author":"ProClass Treinamentos","twitter_card":"summary_large_image","twitter_misc":{"Escrito por":"ProClass Treinamentos","Est. tempo de leitura":"1 minuto"},"schema":{"@context":"https:\/\/schema.org","@graph":[{"@type":"Article","@id":"https:\/\/proclass.com.br\/home\/2011\/11\/primeiro-dia-da-aes-2010-san-francisco-usa\/#article","isPartOf":{"@id":"https:\/\/proclass.com.br\/home\/2011\/11\/primeiro-dia-da-aes-2010-san-francisco-usa\/"},"author":{"name":"ProClass Treinamentos","@id":"https:\/\/proclass.com.br\/home\/#\/schema\/person\/f89e1eb93d5d32c0bb465c52f87f5a00"},"headline":"Primeiro dia da AES 2010 \u2013 San Francisco, USA","datePublished":"2011-11-07T03:37:38+00:00","dateModified":"2012-08-24T03:46:17+00:00","mainEntityOfPage":{"@id":"https:\/\/proclass.com.br\/home\/2011\/11\/primeiro-dia-da-aes-2010-san-francisco-usa\/"},"wordCount":120,"commentCount":0,"publisher":{"@id":"https:\/\/proclass.com.br\/home\/#organization"},"image":{"@id":"https:\/\/proclass.com.br\/home\/2011\/11\/primeiro-dia-da-aes-2010-san-francisco-usa\/#primaryimage"},"thumbnailUrl":"http:\/\/proclass.com.br\/home\/wp-content\/uploads\/2012\/08\/1.jpg","keywords":["antares","autom","destaque","engineering society","ik multimedia","izotope","preamps","sinal","sonnox","steinberg"],"articleSection":["Novidades"],"inLanguage":"pt-BR","potentialAction":[{"@type":"CommentAction","name":"Comment","target":["https:\/\/proclass.com.br\/home\/2011\/11\/primeiro-dia-da-aes-2010-san-francisco-usa\/#respond"]}]},{"@type":"WebPage","@id":"https:\/\/proclass.com.br\/home\/2011\/11\/primeiro-dia-da-aes-2010-san-francisco-usa\/","url":"https:\/\/proclass.com.br\/home\/2011\/11\/primeiro-dia-da-aes-2010-san-francisco-usa\/","name":"Primeiro dia da AES 2010 \u2013 San Francisco, USA - PROCLASS","isPartOf":{"@id":"https:\/\/proclass.com.br\/home\/#website"},"primaryImageOfPage":{"@id":"https:\/\/proclass.com.br\/home\/2011\/11\/primeiro-dia-da-aes-2010-san-francisco-usa\/#primaryimage"},"image":{"@id":"https:\/\/proclass.com.br\/home\/2011\/11\/primeiro-dia-da-aes-2010-san-francisco-usa\/#primaryimage"},"thumbnailUrl":"http:\/\/proclass.com.br\/home\/wp-content\/uploads\/2012\/08\/1.jpg","datePublished":"2011-11-07T03:37:38+00:00","dateModified":"2012-08-24T03:46:17+00:00","breadcrumb":{"@id":"https:\/\/proclass.com.br\/home\/2011\/11\/primeiro-dia-da-aes-2010-san-francisco-usa\/#breadcrumb"},"inLanguage":"pt-BR","potentialAction":[{"@type":"ReadAction","target":["https:\/\/proclass.com.br\/home\/2011\/11\/primeiro-dia-da-aes-2010-san-francisco-usa\/"]}]},{"@type":"ImageObject","inLanguage":"pt-BR","@id":"https:\/\/proclass.com.br\/home\/2011\/11\/primeiro-dia-da-aes-2010-san-francisco-usa\/#primaryimage","url":"https:\/\/proclass.com.br\/home\/wp-content\/uploads\/2012\/08\/1.jpg","contentUrl":"https:\/\/proclass.com.br\/home\/wp-content\/uploads\/2012\/08\/1.jpg","width":"320","height":"240"},{"@type":"BreadcrumbList","@id":"https:\/\/proclass.com.br\/home\/2011\/11\/primeiro-dia-da-aes-2010-san-francisco-usa\/#breadcrumb","itemListElement":[{"@type":"ListItem","position":1,"name":"In\u00edcio","item":"https:\/\/proclass.com.br\/home\/"},{"@type":"ListItem","position":2,"name":"Primeiro dia da AES 2010 \u2013 San Francisco, USA"}]},{"@type":"WebSite","@id":"https:\/\/proclass.com.br\/home\/#website","url":"https:\/\/proclass.com.br\/home\/","name":"PROCLASS","description":"CURSOS E TREINAMENTOS","publisher":{"@id":"https:\/\/proclass.com.br\/home\/#organization"},"potentialAction":[{"@type":"SearchAction","target":{"@type":"EntryPoint","urlTemplate":"https:\/\/proclass.com.br\/home\/?s={search_term_string}"},"query-input":{"@type":"PropertyValueSpecification","valueRequired":true,"valueName":"search_term_string"}}],"inLanguage":"pt-BR"},{"@type":"Organization","@id":"https:\/\/proclass.com.br\/home\/#organization","name":"PROCLASS","url":"https:\/\/proclass.com.br\/home\/","logo":{"@type":"ImageObject","inLanguage":"pt-BR","@id":"https:\/\/proclass.com.br\/home\/#\/schema\/logo\/image\/","url":"https:\/\/proclass.com.br\/home\/wp-content\/uploads\/2023\/06\/CABECALHO-black_PROCLASS-2023.png","contentUrl":"https:\/\/proclass.com.br\/home\/wp-content\/uploads\/2023\/06\/CABECALHO-black_PROCLASS-2023.png","width":2563,"height":911,"caption":"PROCLASS"},"image":{"@id":"https:\/\/proclass.com.br\/home\/#\/schema\/logo\/image\/"}},{"@type":"Person","@id":"https:\/\/proclass.com.br\/home\/#\/schema\/person\/f89e1eb93d5d32c0bb465c52f87f5a00","name":"ProClass Treinamentos","image":{"@type":"ImageObject","inLanguage":"pt-BR","@id":"https:\/\/proclass.com.br\/home\/#\/schema\/person\/image\/","url":"https:\/\/secure.gravatar.com\/avatar\/3878d7a575c7ac355d2c778d5de04af08b7c5a7d9f19b2889f26cc7d80a6a832?s=96&d=blank&r=g","contentUrl":"https:\/\/secure.gravatar.com\/avatar\/3878d7a575c7ac355d2c778d5de04af08b7c5a7d9f19b2889f26cc7d80a6a832?s=96&d=blank&r=g","caption":"ProClass Treinamentos"},"url":"https:\/\/proclass.com.br\/home\/author\/proclass\/"}]}},"_links":{"self":[{"href":"https:\/\/proclass.com.br\/home\/wp-json\/wp\/v2\/posts\/1042","targetHints":{"allow":["GET"]}}],"collection":[{"href":"https:\/\/proclass.com.br\/home\/wp-json\/wp\/v2\/posts"}],"about":[{"href":"https:\/\/proclass.com.br\/home\/wp-json\/wp\/v2\/types\/post"}],"author":[{"embeddable":true,"href":"https:\/\/proclass.com.br\/home\/wp-json\/wp\/v2\/users\/4"}],"replies":[{"embeddable":true,"href":"https:\/\/proclass.com.br\/home\/wp-json\/wp\/v2\/comments?post=1042"}],"version-history":[{"count":0,"href":"https:\/\/proclass.com.br\/home\/wp-json\/wp\/v2\/posts\/1042\/revisions"}],"wp:attachment":[{"href":"https:\/\/proclass.com.br\/home\/wp-json\/wp\/v2\/media?parent=1042"}],"wp:term":[{"taxonomy":"category","embeddable":true,"href":"https:\/\/proclass.com.br\/home\/wp-json\/wp\/v2\/categories?post=1042"},{"taxonomy":"post_tag","embeddable":true,"href":"https:\/\/proclass.com.br\/home\/wp-json\/wp\/v2\/tags?post=1042"}],"curies":[{"name":"wp","href":"https:\/\/api.w.org\/{rel}","templated":true}]}}