{"id":1039,"date":"2011-11-07T00:35:30","date_gmt":"2011-11-07T03:35:30","guid":{"rendered":"http:\/\/proclass.com.br\/home\/?p=1039"},"modified":"2012-08-24T00:37:27","modified_gmt":"2012-08-24T03:37:27","slug":"encontro-internacional-de-instrutores-de-pro-tools","status":"publish","type":"post","link":"https:\/\/proclass.com.br\/home\/2011\/11\/encontro-internacional-de-instrutores-de-pro-tools\/","title":{"rendered":"Encontro Internacional de Instrutores de Pro Tools"},"content":{"rendered":"<p style=\"text-align: justify;\">A ProClass est\u00e1 em peso no congresso da AES (Audio Engineering Society) de 2010 que est\u00e1 sendo realizado em San Francisco. Este \u00e9 um congresso anual que conta com a participa\u00e7\u00e3o dos maiores nomes do \u00e1udio (tanto da \u00e1rea acad\u00eamico quanto comercial).<\/p>\n<p style=\"text-align: justify;\">Al\u00e9m das palestras, confer\u00eancias e encontros t\u00e9cnicos, acontecem cursos para atualiza\u00e7\u00e3o dos profissionais nas principais \u00e1reas e \u00faltimas tecnologias do setor.<!--more--><\/p>\n<p style=\"text-align: justify;\">A \u00faltima foto \u00e9 da contraternizacao de instrutores da Avid. Carlos Mariani, Rodrigo Meirelles, Brian White (fez videos sobre Pro Tools para o <a href=\"http:\/\/lynda.com\/\">lynda.com<\/a> e trabalha com BEP) e Cristiano Moura. Al\u00e9m deles, instrutores do mundo inteiro estavam por l\u00e1.<\/p>\n<p style=\"text-align: center;\"><img fetchpriority=\"high\" decoding=\"async\" class=\"alignnone size-full wp-image-1040\" title=\"P1060205-795642\" src=\"http:\/\/proclass.com.br\/home\/wp-content\/uploads\/2012\/08\/P1060205-795642.jpg\" alt=\"\" width=\"320\" height=\"240\" srcset=\"https:\/\/proclass.com.br\/home\/wp-content\/uploads\/2012\/08\/P1060205-795642.jpg 320w, https:\/\/proclass.com.br\/home\/wp-content\/uploads\/2012\/08\/P1060205-795642-300x225.jpg 300w\" sizes=\"(max-width: 320px) 100vw, 320px\" \/><\/p>\n","protected":false},"excerpt":{"rendered":"<p>A ProClass est\u00e1 em peso no congresso da AES (Audio Engineering Society) de 2010 que est\u00e1 sendo realizado em San Francisco. Este \u00e9 um congresso anual que conta com a participa\u00e7\u00e3o dos maiores nomes do \u00e1udio (tanto da \u00e1rea acad\u00eamico quanto comercial). Al\u00e9m das palestras, confer\u00eancias e encontros t\u00e9cnicos, acontecem cursos para atualiza\u00e7\u00e3o dos profissionaisContinue reading &rarr;<\/p>\n","protected":false},"author":4,"featured_media":0,"comment_status":"open","ping_status":"open","sticky":false,"template":"","format":"standard","meta":{"footnotes":""},"categories":[1],"tags":[87,274,273,277,276,278,35,272,208,275],"class_list":["post-1039","post","type-post","status-publish","format-standard","hentry","category-novidades","tag-autom","tag-brian-white","tag-deles","tag-engineering-society","tag-lynda","tag-palestras","tag-pro-tools","tag-profissionais","tag-rodrigo","tag-san-francisco","no-thumb"],"yoast_head":"<!-- This site is optimized with the Yoast SEO plugin v26.9 - https:\/\/yoast.com\/product\/yoast-seo-wordpress\/ -->\n<title>Encontro Internacional de Instrutores de Pro Tools - PROCLASS<\/title>\n<meta name=\"robots\" content=\"index, follow, max-snippet:-1, max-image-preview:large, max-video-preview:-1\" \/>\n<link rel=\"canonical\" href=\"https:\/\/proclass.com.br\/home\/2011\/11\/encontro-internacional-de-instrutores-de-pro-tools\/\" \/>\n<meta property=\"og:locale\" content=\"pt_BR\" \/>\n<meta property=\"og:type\" content=\"article\" \/>\n<meta property=\"og:title\" content=\"Encontro Internacional de Instrutores de Pro Tools - PROCLASS\" \/>\n<meta property=\"og:description\" content=\"A ProClass est\u00e1 em peso no congresso da AES (Audio Engineering Society) de 2010 que est\u00e1 sendo realizado em San Francisco. Este \u00e9 um congresso anual que conta com a participa\u00e7\u00e3o dos maiores nomes do \u00e1udio (tanto da \u00e1rea acad\u00eamico quanto comercial). Al\u00e9m das palestras, confer\u00eancias e encontros t\u00e9cnicos, acontecem cursos para atualiza\u00e7\u00e3o dos profissionaisContinue reading &rarr;\" \/>\n<meta property=\"og:url\" content=\"https:\/\/proclass.com.br\/home\/2011\/11\/encontro-internacional-de-instrutores-de-pro-tools\/\" \/>\n<meta property=\"og:site_name\" content=\"PROCLASS\" \/>\n<meta property=\"article:published_time\" content=\"2011-11-07T03:35:30+00:00\" \/>\n<meta property=\"article:modified_time\" content=\"2012-08-24T03:37:27+00:00\" \/>\n<meta property=\"og:image\" content=\"https:\/\/proclass.com.br\/home\/wp-content\/uploads\/2012\/08\/P1060205-795642.jpg\" \/>\n\t<meta property=\"og:image:width\" content=\"320\" \/>\n\t<meta property=\"og:image:height\" content=\"240\" \/>\n\t<meta property=\"og:image:type\" content=\"image\/jpeg\" \/>\n<meta name=\"author\" content=\"ProClass Treinamentos\" \/>\n<meta name=\"twitter:card\" content=\"summary_large_image\" \/>\n<meta name=\"twitter:label1\" content=\"Escrito por\" \/>\n\t<meta name=\"twitter:data1\" content=\"ProClass Treinamentos\" \/>\n\t<meta name=\"twitter:label2\" content=\"Est. tempo de leitura\" \/>\n\t<meta name=\"twitter:data2\" content=\"1 minuto\" \/>\n<script type=\"application\/ld+json\" class=\"yoast-schema-graph\">{\"@context\":\"https:\/\/schema.org\",\"@graph\":[{\"@type\":\"Article\",\"@id\":\"https:\/\/proclass.com.br\/home\/2011\/11\/encontro-internacional-de-instrutores-de-pro-tools\/#article\",\"isPartOf\":{\"@id\":\"https:\/\/proclass.com.br\/home\/2011\/11\/encontro-internacional-de-instrutores-de-pro-tools\/\"},\"author\":{\"name\":\"ProClass Treinamentos\",\"@id\":\"https:\/\/proclass.com.br\/home\/#\/schema\/person\/f89e1eb93d5d32c0bb465c52f87f5a00\"},\"headline\":\"Encontro Internacional de Instrutores de Pro Tools\",\"datePublished\":\"2011-11-07T03:35:30+00:00\",\"dateModified\":\"2012-08-24T03:37:27+00:00\",\"mainEntityOfPage\":{\"@id\":\"https:\/\/proclass.com.br\/home\/2011\/11\/encontro-internacional-de-instrutores-de-pro-tools\/\"},\"wordCount\":115,\"commentCount\":0,\"publisher\":{\"@id\":\"https:\/\/proclass.com.br\/home\/#organization\"},\"image\":{\"@id\":\"https:\/\/proclass.com.br\/home\/2011\/11\/encontro-internacional-de-instrutores-de-pro-tools\/#primaryimage\"},\"thumbnailUrl\":\"http:\/\/proclass.com.br\/home\/wp-content\/uploads\/2012\/08\/P1060205-795642.jpg\",\"keywords\":[\"autom\",\"brian white\",\"deles\",\"engineering society\",\"lynda\",\"palestras\",\"pro tools\",\"profissionais\",\"rodrigo\",\"san francisco\"],\"articleSection\":[\"Novidades\"],\"inLanguage\":\"pt-BR\",\"potentialAction\":[{\"@type\":\"CommentAction\",\"name\":\"Comment\",\"target\":[\"https:\/\/proclass.com.br\/home\/2011\/11\/encontro-internacional-de-instrutores-de-pro-tools\/#respond\"]}]},{\"@type\":\"WebPage\",\"@id\":\"https:\/\/proclass.com.br\/home\/2011\/11\/encontro-internacional-de-instrutores-de-pro-tools\/\",\"url\":\"https:\/\/proclass.com.br\/home\/2011\/11\/encontro-internacional-de-instrutores-de-pro-tools\/\",\"name\":\"Encontro Internacional de Instrutores de Pro Tools - PROCLASS\",\"isPartOf\":{\"@id\":\"https:\/\/proclass.com.br\/home\/#website\"},\"primaryImageOfPage\":{\"@id\":\"https:\/\/proclass.com.br\/home\/2011\/11\/encontro-internacional-de-instrutores-de-pro-tools\/#primaryimage\"},\"image\":{\"@id\":\"https:\/\/proclass.com.br\/home\/2011\/11\/encontro-internacional-de-instrutores-de-pro-tools\/#primaryimage\"},\"thumbnailUrl\":\"http:\/\/proclass.com.br\/home\/wp-content\/uploads\/2012\/08\/P1060205-795642.jpg\",\"datePublished\":\"2011-11-07T03:35:30+00:00\",\"dateModified\":\"2012-08-24T03:37:27+00:00\",\"breadcrumb\":{\"@id\":\"https:\/\/proclass.com.br\/home\/2011\/11\/encontro-internacional-de-instrutores-de-pro-tools\/#breadcrumb\"},\"inLanguage\":\"pt-BR\",\"potentialAction\":[{\"@type\":\"ReadAction\",\"target\":[\"https:\/\/proclass.com.br\/home\/2011\/11\/encontro-internacional-de-instrutores-de-pro-tools\/\"]}]},{\"@type\":\"ImageObject\",\"inLanguage\":\"pt-BR\",\"@id\":\"https:\/\/proclass.com.br\/home\/2011\/11\/encontro-internacional-de-instrutores-de-pro-tools\/#primaryimage\",\"url\":\"https:\/\/proclass.com.br\/home\/wp-content\/uploads\/2012\/08\/P1060205-795642.jpg\",\"contentUrl\":\"https:\/\/proclass.com.br\/home\/wp-content\/uploads\/2012\/08\/P1060205-795642.jpg\",\"width\":\"320\",\"height\":\"240\"},{\"@type\":\"BreadcrumbList\",\"@id\":\"https:\/\/proclass.com.br\/home\/2011\/11\/encontro-internacional-de-instrutores-de-pro-tools\/#breadcrumb\",\"itemListElement\":[{\"@type\":\"ListItem\",\"position\":1,\"name\":\"In\u00edcio\",\"item\":\"https:\/\/proclass.com.br\/home\/\"},{\"@type\":\"ListItem\",\"position\":2,\"name\":\"Encontro Internacional de Instrutores de Pro Tools\"}]},{\"@type\":\"WebSite\",\"@id\":\"https:\/\/proclass.com.br\/home\/#website\",\"url\":\"https:\/\/proclass.com.br\/home\/\",\"name\":\"PROCLASS\",\"description\":\"CURSOS E TREINAMENTOS\",\"publisher\":{\"@id\":\"https:\/\/proclass.com.br\/home\/#organization\"},\"potentialAction\":[{\"@type\":\"SearchAction\",\"target\":{\"@type\":\"EntryPoint\",\"urlTemplate\":\"https:\/\/proclass.com.br\/home\/?s={search_term_string}\"},\"query-input\":{\"@type\":\"PropertyValueSpecification\",\"valueRequired\":true,\"valueName\":\"search_term_string\"}}],\"inLanguage\":\"pt-BR\"},{\"@type\":\"Organization\",\"@id\":\"https:\/\/proclass.com.br\/home\/#organization\",\"name\":\"PROCLASS\",\"url\":\"https:\/\/proclass.com.br\/home\/\",\"logo\":{\"@type\":\"ImageObject\",\"inLanguage\":\"pt-BR\",\"@id\":\"https:\/\/proclass.com.br\/home\/#\/schema\/logo\/image\/\",\"url\":\"https:\/\/proclass.com.br\/home\/wp-content\/uploads\/2023\/06\/CABECALHO-black_PROCLASS-2023.png\",\"contentUrl\":\"https:\/\/proclass.com.br\/home\/wp-content\/uploads\/2023\/06\/CABECALHO-black_PROCLASS-2023.png\",\"width\":2563,\"height\":911,\"caption\":\"PROCLASS\"},\"image\":{\"@id\":\"https:\/\/proclass.com.br\/home\/#\/schema\/logo\/image\/\"}},{\"@type\":\"Person\",\"@id\":\"https:\/\/proclass.com.br\/home\/#\/schema\/person\/f89e1eb93d5d32c0bb465c52f87f5a00\",\"name\":\"ProClass Treinamentos\",\"image\":{\"@type\":\"ImageObject\",\"inLanguage\":\"pt-BR\",\"@id\":\"https:\/\/proclass.com.br\/home\/#\/schema\/person\/image\/\",\"url\":\"https:\/\/secure.gravatar.com\/avatar\/3878d7a575c7ac355d2c778d5de04af08b7c5a7d9f19b2889f26cc7d80a6a832?s=96&d=blank&r=g\",\"contentUrl\":\"https:\/\/secure.gravatar.com\/avatar\/3878d7a575c7ac355d2c778d5de04af08b7c5a7d9f19b2889f26cc7d80a6a832?s=96&d=blank&r=g\",\"caption\":\"ProClass Treinamentos\"},\"url\":\"https:\/\/proclass.com.br\/home\/author\/proclass\/\"}]}<\/script>\n<!-- \/ Yoast SEO plugin. -->","yoast_head_json":{"title":"Encontro Internacional de Instrutores de Pro Tools - PROCLASS","robots":{"index":"index","follow":"follow","max-snippet":"max-snippet:-1","max-image-preview":"max-image-preview:large","max-video-preview":"max-video-preview:-1"},"canonical":"https:\/\/proclass.com.br\/home\/2011\/11\/encontro-internacional-de-instrutores-de-pro-tools\/","og_locale":"pt_BR","og_type":"article","og_title":"Encontro Internacional de Instrutores de Pro Tools - PROCLASS","og_description":"A ProClass est\u00e1 em peso no congresso da AES (Audio Engineering Society) de 2010 que est\u00e1 sendo realizado em San Francisco. Este \u00e9 um congresso anual que conta com a participa\u00e7\u00e3o dos maiores nomes do \u00e1udio (tanto da \u00e1rea acad\u00eamico quanto comercial). Al\u00e9m das palestras, confer\u00eancias e encontros t\u00e9cnicos, acontecem cursos para atualiza\u00e7\u00e3o dos profissionaisContinue reading &rarr;","og_url":"https:\/\/proclass.com.br\/home\/2011\/11\/encontro-internacional-de-instrutores-de-pro-tools\/","og_site_name":"PROCLASS","article_published_time":"2011-11-07T03:35:30+00:00","article_modified_time":"2012-08-24T03:37:27+00:00","og_image":[{"width":320,"height":240,"url":"https:\/\/proclass.com.br\/home\/wp-content\/uploads\/2012\/08\/P1060205-795642.jpg","type":"image\/jpeg"}],"author":"ProClass Treinamentos","twitter_card":"summary_large_image","twitter_misc":{"Escrito por":"ProClass Treinamentos","Est. tempo de leitura":"1 minuto"},"schema":{"@context":"https:\/\/schema.org","@graph":[{"@type":"Article","@id":"https:\/\/proclass.com.br\/home\/2011\/11\/encontro-internacional-de-instrutores-de-pro-tools\/#article","isPartOf":{"@id":"https:\/\/proclass.com.br\/home\/2011\/11\/encontro-internacional-de-instrutores-de-pro-tools\/"},"author":{"name":"ProClass Treinamentos","@id":"https:\/\/proclass.com.br\/home\/#\/schema\/person\/f89e1eb93d5d32c0bb465c52f87f5a00"},"headline":"Encontro Internacional de Instrutores de Pro Tools","datePublished":"2011-11-07T03:35:30+00:00","dateModified":"2012-08-24T03:37:27+00:00","mainEntityOfPage":{"@id":"https:\/\/proclass.com.br\/home\/2011\/11\/encontro-internacional-de-instrutores-de-pro-tools\/"},"wordCount":115,"commentCount":0,"publisher":{"@id":"https:\/\/proclass.com.br\/home\/#organization"},"image":{"@id":"https:\/\/proclass.com.br\/home\/2011\/11\/encontro-internacional-de-instrutores-de-pro-tools\/#primaryimage"},"thumbnailUrl":"http:\/\/proclass.com.br\/home\/wp-content\/uploads\/2012\/08\/P1060205-795642.jpg","keywords":["autom","brian white","deles","engineering society","lynda","palestras","pro tools","profissionais","rodrigo","san francisco"],"articleSection":["Novidades"],"inLanguage":"pt-BR","potentialAction":[{"@type":"CommentAction","name":"Comment","target":["https:\/\/proclass.com.br\/home\/2011\/11\/encontro-internacional-de-instrutores-de-pro-tools\/#respond"]}]},{"@type":"WebPage","@id":"https:\/\/proclass.com.br\/home\/2011\/11\/encontro-internacional-de-instrutores-de-pro-tools\/","url":"https:\/\/proclass.com.br\/home\/2011\/11\/encontro-internacional-de-instrutores-de-pro-tools\/","name":"Encontro Internacional de Instrutores de Pro Tools - PROCLASS","isPartOf":{"@id":"https:\/\/proclass.com.br\/home\/#website"},"primaryImageOfPage":{"@id":"https:\/\/proclass.com.br\/home\/2011\/11\/encontro-internacional-de-instrutores-de-pro-tools\/#primaryimage"},"image":{"@id":"https:\/\/proclass.com.br\/home\/2011\/11\/encontro-internacional-de-instrutores-de-pro-tools\/#primaryimage"},"thumbnailUrl":"http:\/\/proclass.com.br\/home\/wp-content\/uploads\/2012\/08\/P1060205-795642.jpg","datePublished":"2011-11-07T03:35:30+00:00","dateModified":"2012-08-24T03:37:27+00:00","breadcrumb":{"@id":"https:\/\/proclass.com.br\/home\/2011\/11\/encontro-internacional-de-instrutores-de-pro-tools\/#breadcrumb"},"inLanguage":"pt-BR","potentialAction":[{"@type":"ReadAction","target":["https:\/\/proclass.com.br\/home\/2011\/11\/encontro-internacional-de-instrutores-de-pro-tools\/"]}]},{"@type":"ImageObject","inLanguage":"pt-BR","@id":"https:\/\/proclass.com.br\/home\/2011\/11\/encontro-internacional-de-instrutores-de-pro-tools\/#primaryimage","url":"https:\/\/proclass.com.br\/home\/wp-content\/uploads\/2012\/08\/P1060205-795642.jpg","contentUrl":"https:\/\/proclass.com.br\/home\/wp-content\/uploads\/2012\/08\/P1060205-795642.jpg","width":"320","height":"240"},{"@type":"BreadcrumbList","@id":"https:\/\/proclass.com.br\/home\/2011\/11\/encontro-internacional-de-instrutores-de-pro-tools\/#breadcrumb","itemListElement":[{"@type":"ListItem","position":1,"name":"In\u00edcio","item":"https:\/\/proclass.com.br\/home\/"},{"@type":"ListItem","position":2,"name":"Encontro Internacional de Instrutores de Pro Tools"}]},{"@type":"WebSite","@id":"https:\/\/proclass.com.br\/home\/#website","url":"https:\/\/proclass.com.br\/home\/","name":"PROCLASS","description":"CURSOS E TREINAMENTOS","publisher":{"@id":"https:\/\/proclass.com.br\/home\/#organization"},"potentialAction":[{"@type":"SearchAction","target":{"@type":"EntryPoint","urlTemplate":"https:\/\/proclass.com.br\/home\/?s={search_term_string}"},"query-input":{"@type":"PropertyValueSpecification","valueRequired":true,"valueName":"search_term_string"}}],"inLanguage":"pt-BR"},{"@type":"Organization","@id":"https:\/\/proclass.com.br\/home\/#organization","name":"PROCLASS","url":"https:\/\/proclass.com.br\/home\/","logo":{"@type":"ImageObject","inLanguage":"pt-BR","@id":"https:\/\/proclass.com.br\/home\/#\/schema\/logo\/image\/","url":"https:\/\/proclass.com.br\/home\/wp-content\/uploads\/2023\/06\/CABECALHO-black_PROCLASS-2023.png","contentUrl":"https:\/\/proclass.com.br\/home\/wp-content\/uploads\/2023\/06\/CABECALHO-black_PROCLASS-2023.png","width":2563,"height":911,"caption":"PROCLASS"},"image":{"@id":"https:\/\/proclass.com.br\/home\/#\/schema\/logo\/image\/"}},{"@type":"Person","@id":"https:\/\/proclass.com.br\/home\/#\/schema\/person\/f89e1eb93d5d32c0bb465c52f87f5a00","name":"ProClass Treinamentos","image":{"@type":"ImageObject","inLanguage":"pt-BR","@id":"https:\/\/proclass.com.br\/home\/#\/schema\/person\/image\/","url":"https:\/\/secure.gravatar.com\/avatar\/3878d7a575c7ac355d2c778d5de04af08b7c5a7d9f19b2889f26cc7d80a6a832?s=96&d=blank&r=g","contentUrl":"https:\/\/secure.gravatar.com\/avatar\/3878d7a575c7ac355d2c778d5de04af08b7c5a7d9f19b2889f26cc7d80a6a832?s=96&d=blank&r=g","caption":"ProClass Treinamentos"},"url":"https:\/\/proclass.com.br\/home\/author\/proclass\/"}]}},"_links":{"self":[{"href":"https:\/\/proclass.com.br\/home\/wp-json\/wp\/v2\/posts\/1039","targetHints":{"allow":["GET"]}}],"collection":[{"href":"https:\/\/proclass.com.br\/home\/wp-json\/wp\/v2\/posts"}],"about":[{"href":"https:\/\/proclass.com.br\/home\/wp-json\/wp\/v2\/types\/post"}],"author":[{"embeddable":true,"href":"https:\/\/proclass.com.br\/home\/wp-json\/wp\/v2\/users\/4"}],"replies":[{"embeddable":true,"href":"https:\/\/proclass.com.br\/home\/wp-json\/wp\/v2\/comments?post=1039"}],"version-history":[{"count":0,"href":"https:\/\/proclass.com.br\/home\/wp-json\/wp\/v2\/posts\/1039\/revisions"}],"wp:attachment":[{"href":"https:\/\/proclass.com.br\/home\/wp-json\/wp\/v2\/media?parent=1039"}],"wp:term":[{"taxonomy":"category","embeddable":true,"href":"https:\/\/proclass.com.br\/home\/wp-json\/wp\/v2\/categories?post=1039"},{"taxonomy":"post_tag","embeddable":true,"href":"https:\/\/proclass.com.br\/home\/wp-json\/wp\/v2\/tags?post=1039"}],"curies":[{"name":"wp","href":"https:\/\/api.w.org\/{rel}","templated":true}]}}