{"id":10302,"date":"2018-06-29T17:59:54","date_gmt":"2018-06-29T20:59:54","guid":{"rendered":"http:\/\/proclass.com.br\/home\/?p=10302"},"modified":"2018-06-29T17:59:54","modified_gmt":"2018-06-29T20:59:54","slug":"element-o-instrumento-virtual-da-waves","status":"publish","type":"post","link":"https:\/\/proclass.com.br\/home\/2018\/06\/element-o-instrumento-virtual-da-waves\/","title":{"rendered":"Element &#8211; o Instrumento Virtual da Waves"},"content":{"rendered":"<p><a href=\"http:\/\/musitec.com.br\/\"><img decoding=\"async\" class=\" aligncenter\" title=\"Audio Musica e Tecnologia Logo\" src=\"http:\/\/proclass.com.br\/home\/wp-content\/uploads\/2012\/11\/Audio-Musica-e-Tecnologia-Logo-300x80.jpg\" alt=\"\" width=\"300\" height=\"80\" \/><\/a><\/p>\n<p class=\"p1\">Artigo publicado na\u00a0<strong>Revista \u00c1udio, M\u00fasica &amp; Tecnologia<\/strong>.\u00a0Para conhecer mais sobre a revista,\u00a0<a href=\"http:\/\/musitec.com.br\/\" target=\"_blank\" rel=\"noopener\">clique aqui.<\/a><\/p>\n<p>\u00a0Para saber mais sobre treinamentos e certifica\u00e7\u00f5es em Pro Tools, Mixagem, Masteriza\u00e7\u00e3o e outros cursos de \u00e1udio,\u00a0<a href=\"http:\/\/proclass.com.br\/home\/cursos-de-audio\/\" target=\"_blank\" rel=\"noopener\">clique aqui<\/a><\/p>\n<p class=\"p1\"><b><i>Waves querendo ser mais do que uma empresa de processamento de \u00e1udio<\/i><\/b><\/p>\n<p class=\"p2\">A Waves \u00e9 sem d\u00favida uma das mais importantes empresas de processamento de \u00e1udio em plug-ins do nosso mercado e a Native Instruments tem a mesma import\u00e2ncia quando estamos falando de instrumentos virtuais.<\/p>\n<p class=\"p2\">Suas hist\u00f3rias se confundem com a hist\u00f3ria da revolu\u00e7\u00e3o dos homestudios e DAWs. Curiosamente, a Waves lan\u00e7ou no ano passado o Element, seu primeiro instrumento virtual e come\u00e7ou a avan\u00e7ar neste segmento.<\/p>\n<p class=\"p2\">Neste artigo, vamos conhecer mais sobre este sintetizador.<\/p>\n<p class=\"p1\"><b><i>O que o Waves Element<\/i><\/b><\/p>\n<p class=\"p2\">O Element (fig. 1) \u00e9 um sintetizador baseado em s\u00edntese subtrativa, que tentar trazer para o computador toda a magia dos sintetizadores anal\u00f3gicos. N\u00e3o h\u00e1 nada que a empresa pensado em emular desta vez. \u00c9 simplesmente um sintetizador com caracter\u00edsticas pr\u00f3prias e acho que \u00e9 mais importante pensar nele como mais um instrumento que tenta trazer as caracter\u00edsticas nos polysynths dos anos 80 mas como falei, a empresa nunca se manifestou interesse em dizer que ele emula \u201ceste ou aquele\u201d sintetizador.<\/p>\n<div id=\"attachment_10303\" style=\"width: 838px\" class=\"wp-caption aligncenter\"><img fetchpriority=\"high\" decoding=\"async\" aria-describedby=\"caption-attachment-10303\" class=\"size-full wp-image-10303\" src=\"http:\/\/proclass.com.br\/home\/wp-content\/uploads\/2018\/06\/fig.-1-Waves_element.jpg\" alt=\"\" width=\"828\" height=\"701\" srcset=\"https:\/\/proclass.com.br\/home\/wp-content\/uploads\/2018\/06\/fig.-1-Waves_element.jpg 828w, https:\/\/proclass.com.br\/home\/wp-content\/uploads\/2018\/06\/fig.-1-Waves_element-300x254.jpg 300w, https:\/\/proclass.com.br\/home\/wp-content\/uploads\/2018\/06\/fig.-1-Waves_element-768x650.jpg 768w\" sizes=\"(max-width: 828px) 100vw, 828px\" \/><p id=\"caption-attachment-10303\" class=\"wp-caption-text\">fig. 1 Waves_element<\/p><\/div>\n<p class=\"p1\"><b><i>Caracter\u00edsticas gerais<\/i><\/b><\/p>\n<p class=\"p2\">Waves Element n\u00e3o chega a ser um sintetizador complexo, mas n\u00e3o imagine que estou falando que isso \u00e9 ruim. Pelo contr\u00e1rio, eu lembro o quanto penava para entender mesmo as coisas mais elementares quando estudei sobre sintetizadores na faculdade, ent\u00e3o muito pelo contr\u00e1rio, acho \u00f3timo ter uma op\u00e7\u00e3o para um iniciante possa entender os fundamentos da s\u00edntese subtrativa e criar algo em cima sem frustra\u00e7\u00e3o.<\/p>\n<p class=\"p2\">Neste ponto o Element acaba sendo muito menos desafiador e mais adequado do que algu\u00e9m que queira sair ligando fio pra todo lado at\u00e9 conseguir um bom som usando o Modular V (fig. 2) ou tentando programar um CS\u201380V (fig. 3), ambos da Arturia.<\/p>\n<div id=\"attachment_10304\" style=\"width: 808px\" class=\"wp-caption aligncenter\"><img decoding=\"async\" aria-describedby=\"caption-attachment-10304\" class=\"size-large wp-image-10304\" src=\"http:\/\/proclass.com.br\/home\/wp-content\/uploads\/2018\/06\/fig.-2-Modular-V-da-Arturia-798x1024.jpg\" alt=\"\" width=\"798\" height=\"1024\" srcset=\"https:\/\/proclass.com.br\/home\/wp-content\/uploads\/2018\/06\/fig.-2-Modular-V-da-Arturia-798x1024.jpg 798w, https:\/\/proclass.com.br\/home\/wp-content\/uploads\/2018\/06\/fig.-2-Modular-V-da-Arturia-234x300.jpg 234w, https:\/\/proclass.com.br\/home\/wp-content\/uploads\/2018\/06\/fig.-2-Modular-V-da-Arturia-768x986.jpg 768w, https:\/\/proclass.com.br\/home\/wp-content\/uploads\/2018\/06\/fig.-2-Modular-V-da-Arturia.jpg 1045w\" sizes=\"(max-width: 798px) 100vw, 798px\" \/><p id=\"caption-attachment-10304\" class=\"wp-caption-text\">fig. 2 &#8211; Modular V da Arturia<\/p><\/div>\n<div id=\"attachment_10305\" style=\"width: 1018px\" class=\"wp-caption aligncenter\"><img loading=\"lazy\" decoding=\"async\" aria-describedby=\"caption-attachment-10305\" class=\"size-full wp-image-10305\" src=\"http:\/\/proclass.com.br\/home\/wp-content\/uploads\/2018\/06\/fig.-3-CS-80V-da-Arturia.jpg\" alt=\"\" width=\"1008\" height=\"608\" srcset=\"https:\/\/proclass.com.br\/home\/wp-content\/uploads\/2018\/06\/fig.-3-CS-80V-da-Arturia.jpg 1008w, https:\/\/proclass.com.br\/home\/wp-content\/uploads\/2018\/06\/fig.-3-CS-80V-da-Arturia-300x181.jpg 300w, https:\/\/proclass.com.br\/home\/wp-content\/uploads\/2018\/06\/fig.-3-CS-80V-da-Arturia-768x463.jpg 768w\" sizes=\"(max-width: 1008px) 100vw, 1008px\" \/><p id=\"caption-attachment-10305\" class=\"wp-caption-text\">fig. 3 &#8211; CS-80V da Arturia<\/p><\/div>\n<p class=\"p2\">Outro fator positivos a ser levado em considera\u00e7\u00e3o \u00e9 que ele \u00e9 extremamente econ\u00f4mico na CPU se comparado com outros instrumentos virtuais.<\/p>\n<p class=\"p2\">S\u00e3o dois osciladores, um filtro, quatro LFOs, tr\u00eas envelopes, um Modulation Matrix, um sequenciador e um arpegiador.<\/p>\n<p class=\"p2\">A empresa falar sobre uma tecnologia chamada de \u201cvirtual voltage\u201d, mas sinceramente n\u00e3o vamos perder tempo com isso porque ao mesmo tempo que pode ser algo absolutamente revolucion\u00e1rio do ponto de vista de programa\u00e7\u00e3o, tamb\u00e9m pode ser simplesmente um \u201cnome bonito\u201d feito pela equipe de marketing n\u00e3o vale a pena entrarmos nesse m\u00e9rito, Pois afinal nosso compromisso com o som.<\/p>\n<p class=\"p1\"><b><i>Avan\u00e7ando para os pequenos detalhes<\/i><\/b><\/p>\n<p class=\"p2\">N\u00e3o \u00e9 porque a inten\u00e7\u00e3o seja de simular um equipamento anal\u00f3gico que a empresa n\u00e3o colocou tamb\u00e9m um toque de modernidade como costuma fazer em outros produtos. O primeiro e o segundo oscilador (fig. 4) podem ser modulado de v\u00e1rias formas e tamb\u00e9m podem funcionar no modo DCO. Especificamente, no segundo oscilador temos a op\u00e7\u00e3o de incrementar com modula\u00e7\u00e3o baseada em FM.<\/p>\n<div id=\"attachment_10306\" style=\"width: 400px\" class=\"wp-caption aligncenter\"><img loading=\"lazy\" decoding=\"async\" aria-describedby=\"caption-attachment-10306\" class=\"size-full wp-image-10306\" src=\"http:\/\/proclass.com.br\/home\/wp-content\/uploads\/2018\/06\/fig.-4-osciladores.jpeg\" alt=\"\" width=\"390\" height=\"251\" srcset=\"https:\/\/proclass.com.br\/home\/wp-content\/uploads\/2018\/06\/fig.-4-osciladores.jpeg 390w, https:\/\/proclass.com.br\/home\/wp-content\/uploads\/2018\/06\/fig.-4-osciladores-300x193.jpeg 300w\" sizes=\"(max-width: 390px) 100vw, 390px\" \/><p id=\"caption-attachment-10306\" class=\"wp-caption-text\">fig. 4 &#8211; osciladores<\/p><\/div>\n<p class=\"p2\">Abaixo dos dois osciladores (fig. 4), os destaques s\u00e3o os controles SUB que refor\u00e7ar os graves de forma muito interessante e o NOISE, para acrescentar ru\u00eddo rosa.<\/p>\n<p class=\"p2\">Com rela\u00e7\u00e3o ao filtro (fig. 5), al\u00e9m dos mais comuns como o passa alta, passa baixa, passa banda e rejeita banda, temos outro modulador baseado em FM que usa a forma de onda do oscilador 1 para modular o filtro. Outro detalhe que chama aten\u00e7\u00e3o \u00e9 o controle ENV, que permite o usu\u00e1rio escolher o quanto ele quer que o envelope atue sobre filtro.<\/p>\n<div id=\"attachment_10307\" style=\"width: 225px\" class=\"wp-caption aligncenter\"><img loading=\"lazy\" decoding=\"async\" aria-describedby=\"caption-attachment-10307\" class=\"size-full wp-image-10307\" src=\"http:\/\/proclass.com.br\/home\/wp-content\/uploads\/2018\/06\/fig.-5-filtro.jpeg\" alt=\"\" width=\"215\" height=\"250\" \/><p id=\"caption-attachment-10307\" class=\"wp-caption-text\">fig. 5 &#8211; filtro<\/p><\/div>\n<p class=\"p2\">E falando de envelopes, me chamou muito a aten\u00e7\u00e3o O bot\u00e3o punch no VCA envelope (fig. 6), que alavanca o ataque das notas, reproduzindo um efeito similar ao que conseguir\u00edamos com o Trans X da Waves. Basicamente, ele for\u00e7a o ataque inicial para que as notas soem como se tivessem sido tocadas com mais vigor.<\/p>\n<div id=\"attachment_10308\" style=\"width: 223px\" class=\"wp-caption aligncenter\"><img loading=\"lazy\" decoding=\"async\" aria-describedby=\"caption-attachment-10308\" class=\"size-full wp-image-10308\" src=\"http:\/\/proclass.com.br\/home\/wp-content\/uploads\/2018\/06\/fig.-6-VCA.jpeg\" alt=\"\" width=\"213\" height=\"151\" \/><p id=\"caption-attachment-10308\" class=\"wp-caption-text\">fig. 6 &#8211; VCA<\/p><\/div>\n<p class=\"p2\">Agora sobre os LFOs (fig. 7), s\u00e3o quatro no total onde o LFO 1 e 2 possuem o bot\u00e3o de RATE enquanto o LFO 3 e 4 podem ter sua velocidade sincronizada com o andamento da sua sess\u00e3o. Confesso que n\u00e3o entendi muito porque n\u00e3o deixar os quatro LFOs com a op\u00e7\u00e3o de sincronizar ou n\u00e3o com o andamento da sess\u00e3o, como \u00e9 de costume nos outros processadores da empresa.<\/p>\n<div id=\"attachment_10309\" style=\"width: 399px\" class=\"wp-caption aligncenter\"><img loading=\"lazy\" decoding=\"async\" aria-describedby=\"caption-attachment-10309\" class=\"size-full wp-image-10309\" src=\"http:\/\/proclass.com.br\/home\/wp-content\/uploads\/2018\/06\/Fig.-7-LFOs.jpeg\" alt=\"\" width=\"389\" height=\"151\" srcset=\"https:\/\/proclass.com.br\/home\/wp-content\/uploads\/2018\/06\/Fig.-7-LFOs.jpeg 389w, https:\/\/proclass.com.br\/home\/wp-content\/uploads\/2018\/06\/Fig.-7-LFOs-300x116.jpeg 300w\" sizes=\"(max-width: 389px) 100vw, 389px\" \/><p id=\"caption-attachment-10309\" class=\"wp-caption-text\">Fig. 7 &#8211; LFOs<\/p><\/div>\n<p class=\"p2\">Como j\u00e1 poder\u00edamos esperar, a partir de efeitos (fig. 8) \u00e9 muito boa no que se refere ao som, por\u00e9m limitada no que se refere as op\u00e7\u00f5es de regulagem. Voc\u00ea a tem qualidade dos plugins da Waves, mas pouco acesso para ajuste, como se fosse uma tentativa de oferecer uma forma de completar a sonoridade do sintetizador, mas fazendo com que o usu\u00e1rio ainda assim, precise pensar em adquirir efeitos mais completos.<\/p>\n<div id=\"attachment_10310\" style=\"width: 176px\" class=\"wp-caption aligncenter\"><img loading=\"lazy\" decoding=\"async\" aria-describedby=\"caption-attachment-10310\" class=\"size-full wp-image-10310\" src=\"http:\/\/proclass.com.br\/home\/wp-content\/uploads\/2018\/06\/fig.-8-Efeitos.jpeg\" alt=\"\" width=\"166\" height=\"248\" \/><p id=\"caption-attachment-10310\" class=\"wp-caption-text\">fig. 8 &#8211; Efeitos<\/p><\/div>\n<p class=\"p2\">Os destaques s\u00e3o a distor\u00e7\u00e3o e o Bit Crusher, que \u00e9 o que mais faz diferen\u00e7a num mundo digital onde tudo pode ser exageramente limpo e perfeito.<\/p>\n<p class=\"p2\">Por \u00faltimo temos o arpegiador \/ sequenciador (fig. 9), que \u00e9 simples mas faz o que precisa fazer. Ele j\u00e1 vem com alguns modos de trabalho e possui o controle GATE para que o usu\u00e1rio possa controlar a dura\u00e7\u00e3o de cada nota. Assim, um mesmo arpegio pode ser tocado em legato ou em staccato e provocar sensa\u00e7\u00f5es completamente diferentes.<\/p>\n<div id=\"attachment_10311\" style=\"width: 778px\" class=\"wp-caption aligncenter\"><img loading=\"lazy\" decoding=\"async\" aria-describedby=\"caption-attachment-10311\" class=\"size-full wp-image-10311\" src=\"http:\/\/proclass.com.br\/home\/wp-content\/uploads\/2018\/06\/fig.-9-arpegiator.jpeg\" alt=\"\" width=\"768\" height=\"108\" srcset=\"https:\/\/proclass.com.br\/home\/wp-content\/uploads\/2018\/06\/fig.-9-arpegiator.jpeg 768w, https:\/\/proclass.com.br\/home\/wp-content\/uploads\/2018\/06\/fig.-9-arpegiator-300x42.jpeg 300w\" sizes=\"(max-width: 768px) 100vw, 768px\" \/><p id=\"caption-attachment-10311\" class=\"wp-caption-text\">fig. 9 &#8211; arpegiator<\/p><\/div>\n<p class=\"p2\">Achei que ficou faltando a possibilidade de ligar duas notas, assim muitas outras frases e ritmos seriam poss\u00edveis.<\/p>\n<p class=\"p1\"><b><i>O som \u00e9 o que importa<\/i><\/b><\/p>\n<p class=\"p2\">Se o Element n\u00e3o \u00e9 muito complexo e nem \u00e9 rico em muitos par\u00e2metros e ajustes, pode ter certeza que a empresa fez um excelente trabalho criando uma biblioteca de pr\u00e9 configura\u00e7\u00f5es extensa e muito bem elaborada para que usu\u00e1rio possa perceber logo de cara quais as possibilidades sonoras deste instrumento virtual.<\/p>\n<p class=\"p2\">As amostras s\u00e3o excelentes e de fato, \u00e9 um sintetizador com filtros e osciladores muito bem implementados.<\/p>\n<p class=\"p2\">Por exemplo, \u00c9 comum em alguns instrumentos virtuais que o som do oscilador n\u00e3o seja constante em todas as oitavas, o que n\u00e3o acontece no Element.<\/p>\n<p class=\"p1\"><b><i>Conclus\u00e3o<\/i><\/b><\/p>\n<p class=\"p2\">Os maiores acertos neste instrumento virtual \u00e9 sua sonoridade e sua interface simplificada. Altamente recomendado para se aprender mas sobre s\u00edntese subtrativa.<\/p>\n<p class=\"p2\">Pr\u00e9 configura\u00e7\u00f5es, acesso r\u00e1pido numa \u00fanica p\u00e1gina, \u00e1reas bem definidas e uma simplifica\u00e7\u00e3o das possibilidades ajuda em muito No fluxo criativo, afinal, nem sempre o melhor \u00e9 o mais complexo.<\/p>\n<p class=\"p2\">Se podemos dizer que ele tem algum defeito, talvez seja exatamente a mesma coisa do que foi dito antes. Ou seja, pode ser simples demais para usu\u00e1rios que gostam de levar essa brincadeira com sintetizadores s\u00e9rio. Sem d\u00favida nenhuma, para este p\u00fablico o caminho a seguir, pesquisar e experimentar instrumentos virtuais de empresas como Native Instruments e Arturia.<\/p>\n<p class=\"p2\">Abra\u00e7os,<\/p>\n<p><i><a href=\"http:\/\/proclass.com.br\/home\/wp-content\/uploads\/2012\/08\/cris3x4-blog-proclass.jpg\"><img loading=\"lazy\" decoding=\"async\" class=\" size-full wp-image-1057 alignleft\" src=\"http:\/\/proclass.com.br\/home\/wp-content\/uploads\/2012\/08\/cris3x4-blog-proclass.jpg\" alt=\"cris3x4 blog proclass\" width=\"74\" height=\"99\" \/><\/a>\u00a0Cristiano Moura \u00e9 instrutor certificado oficialmente pela Avid para lecionar cursos de n\u00edvel 100, 200 e 300 em Pro Tools. Por meio da ProClass, \u00a0oferece consultoria, treinamentos\u00a0customizados al\u00e9m de cursos oficiais em Pro Tools, Mixagem e Masteriza\u00e7\u00e3o.<\/i><\/p>\n","protected":false},"excerpt":{"rendered":"<p>Artigo publicado na\u00a0Revista \u00c1udio, M\u00fasica &amp; Tecnologia.\u00a0Para conhecer mais sobre a revista,\u00a0clique aqui. \u00a0Para saber mais sobre treinamentos e certifica\u00e7\u00f5es em Pro Tools, Mixagem, Masteriza\u00e7\u00e3o e outros cursos de \u00e1udio,\u00a0clique aqui Waves querendo ser mais do que uma empresa de processamento de \u00e1udio A Waves \u00e9 sem d\u00favida uma das mais importantes empresas de processamentoContinue reading &rarr;<\/p>\n","protected":false},"author":4,"featured_media":10303,"comment_status":"closed","ping_status":"closed","sticky":false,"template":"","format":"standard","meta":{"footnotes":""},"categories":[17,1070],"tags":[],"class_list":["post-10302","post","type-post","status-publish","format-standard","has-post-thumbnail","hentry","category-artigos","category-waves","has-thumb"],"yoast_head":"<!-- This site is optimized with the Yoast SEO plugin v26.9 - https:\/\/yoast.com\/product\/yoast-seo-wordpress\/ -->\n<title>Element - o Instrumento Virtual da Waves - PROCLASS<\/title>\n<meta name=\"robots\" content=\"index, follow, max-snippet:-1, max-image-preview:large, max-video-preview:-1\" \/>\n<link rel=\"canonical\" href=\"https:\/\/proclass.com.br\/home\/2018\/06\/element-o-instrumento-virtual-da-waves\/\" \/>\n<meta property=\"og:locale\" content=\"pt_BR\" \/>\n<meta property=\"og:type\" content=\"article\" \/>\n<meta property=\"og:title\" content=\"Element - o Instrumento Virtual da Waves - PROCLASS\" \/>\n<meta property=\"og:description\" content=\"Artigo publicado na\u00a0Revista \u00c1udio, M\u00fasica &amp; Tecnologia.\u00a0Para conhecer mais sobre a revista,\u00a0clique aqui. \u00a0Para saber mais sobre treinamentos e certifica\u00e7\u00f5es em Pro Tools, Mixagem, Masteriza\u00e7\u00e3o e outros cursos de \u00e1udio,\u00a0clique aqui Waves querendo ser mais do que uma empresa de processamento de \u00e1udio A Waves \u00e9 sem d\u00favida uma das mais importantes empresas de processamentoContinue reading &rarr;\" \/>\n<meta property=\"og:url\" content=\"https:\/\/proclass.com.br\/home\/2018\/06\/element-o-instrumento-virtual-da-waves\/\" \/>\n<meta property=\"og:site_name\" content=\"PROCLASS\" \/>\n<meta property=\"article:published_time\" content=\"2018-06-29T20:59:54+00:00\" \/>\n<meta property=\"og:image\" content=\"https:\/\/proclass.com.br\/home\/wp-content\/uploads\/2018\/06\/fig.-1-Waves_element.jpg\" \/>\n\t<meta property=\"og:image:width\" content=\"828\" \/>\n\t<meta property=\"og:image:height\" content=\"701\" \/>\n\t<meta property=\"og:image:type\" content=\"image\/jpeg\" \/>\n<meta name=\"author\" content=\"ProClass Treinamentos\" \/>\n<meta name=\"twitter:card\" content=\"summary_large_image\" \/>\n<meta name=\"twitter:label1\" content=\"Escrito por\" \/>\n\t<meta name=\"twitter:data1\" content=\"ProClass Treinamentos\" \/>\n\t<meta name=\"twitter:label2\" content=\"Est. tempo de leitura\" \/>\n\t<meta name=\"twitter:data2\" content=\"6 minutos\" \/>\n<script type=\"application\/ld+json\" class=\"yoast-schema-graph\">{\"@context\":\"https:\/\/schema.org\",\"@graph\":[{\"@type\":\"Article\",\"@id\":\"https:\/\/proclass.com.br\/home\/2018\/06\/element-o-instrumento-virtual-da-waves\/#article\",\"isPartOf\":{\"@id\":\"https:\/\/proclass.com.br\/home\/2018\/06\/element-o-instrumento-virtual-da-waves\/\"},\"author\":{\"name\":\"ProClass Treinamentos\",\"@id\":\"https:\/\/proclass.com.br\/home\/#\/schema\/person\/f89e1eb93d5d32c0bb465c52f87f5a00\"},\"headline\":\"Element &#8211; o Instrumento Virtual da Waves\",\"datePublished\":\"2018-06-29T20:59:54+00:00\",\"mainEntityOfPage\":{\"@id\":\"https:\/\/proclass.com.br\/home\/2018\/06\/element-o-instrumento-virtual-da-waves\/\"},\"wordCount\":1287,\"publisher\":{\"@id\":\"https:\/\/proclass.com.br\/home\/#organization\"},\"image\":{\"@id\":\"https:\/\/proclass.com.br\/home\/2018\/06\/element-o-instrumento-virtual-da-waves\/#primaryimage\"},\"thumbnailUrl\":\"https:\/\/proclass.com.br\/home\/wp-content\/uploads\/2018\/06\/fig.-1-Waves_element.jpg\",\"articleSection\":[\"Artigos\",\"Waves\"],\"inLanguage\":\"pt-BR\"},{\"@type\":\"WebPage\",\"@id\":\"https:\/\/proclass.com.br\/home\/2018\/06\/element-o-instrumento-virtual-da-waves\/\",\"url\":\"https:\/\/proclass.com.br\/home\/2018\/06\/element-o-instrumento-virtual-da-waves\/\",\"name\":\"Element - o Instrumento Virtual da Waves - PROCLASS\",\"isPartOf\":{\"@id\":\"https:\/\/proclass.com.br\/home\/#website\"},\"primaryImageOfPage\":{\"@id\":\"https:\/\/proclass.com.br\/home\/2018\/06\/element-o-instrumento-virtual-da-waves\/#primaryimage\"},\"image\":{\"@id\":\"https:\/\/proclass.com.br\/home\/2018\/06\/element-o-instrumento-virtual-da-waves\/#primaryimage\"},\"thumbnailUrl\":\"https:\/\/proclass.com.br\/home\/wp-content\/uploads\/2018\/06\/fig.-1-Waves_element.jpg\",\"datePublished\":\"2018-06-29T20:59:54+00:00\",\"breadcrumb\":{\"@id\":\"https:\/\/proclass.com.br\/home\/2018\/06\/element-o-instrumento-virtual-da-waves\/#breadcrumb\"},\"inLanguage\":\"pt-BR\",\"potentialAction\":[{\"@type\":\"ReadAction\",\"target\":[\"https:\/\/proclass.com.br\/home\/2018\/06\/element-o-instrumento-virtual-da-waves\/\"]}]},{\"@type\":\"ImageObject\",\"inLanguage\":\"pt-BR\",\"@id\":\"https:\/\/proclass.com.br\/home\/2018\/06\/element-o-instrumento-virtual-da-waves\/#primaryimage\",\"url\":\"https:\/\/proclass.com.br\/home\/wp-content\/uploads\/2018\/06\/fig.-1-Waves_element.jpg\",\"contentUrl\":\"https:\/\/proclass.com.br\/home\/wp-content\/uploads\/2018\/06\/fig.-1-Waves_element.jpg\",\"width\":828,\"height\":701,\"caption\":\"fig. 1 Waves_element\"},{\"@type\":\"BreadcrumbList\",\"@id\":\"https:\/\/proclass.com.br\/home\/2018\/06\/element-o-instrumento-virtual-da-waves\/#breadcrumb\",\"itemListElement\":[{\"@type\":\"ListItem\",\"position\":1,\"name\":\"In\u00edcio\",\"item\":\"https:\/\/proclass.com.br\/home\/\"},{\"@type\":\"ListItem\",\"position\":2,\"name\":\"Element &#8211; o Instrumento Virtual da Waves\"}]},{\"@type\":\"WebSite\",\"@id\":\"https:\/\/proclass.com.br\/home\/#website\",\"url\":\"https:\/\/proclass.com.br\/home\/\",\"name\":\"PROCLASS\",\"description\":\"CURSOS E TREINAMENTOS\",\"publisher\":{\"@id\":\"https:\/\/proclass.com.br\/home\/#organization\"},\"potentialAction\":[{\"@type\":\"SearchAction\",\"target\":{\"@type\":\"EntryPoint\",\"urlTemplate\":\"https:\/\/proclass.com.br\/home\/?s={search_term_string}\"},\"query-input\":{\"@type\":\"PropertyValueSpecification\",\"valueRequired\":true,\"valueName\":\"search_term_string\"}}],\"inLanguage\":\"pt-BR\"},{\"@type\":\"Organization\",\"@id\":\"https:\/\/proclass.com.br\/home\/#organization\",\"name\":\"PROCLASS\",\"url\":\"https:\/\/proclass.com.br\/home\/\",\"logo\":{\"@type\":\"ImageObject\",\"inLanguage\":\"pt-BR\",\"@id\":\"https:\/\/proclass.com.br\/home\/#\/schema\/logo\/image\/\",\"url\":\"https:\/\/proclass.com.br\/home\/wp-content\/uploads\/2023\/06\/CABECALHO-black_PROCLASS-2023.png\",\"contentUrl\":\"https:\/\/proclass.com.br\/home\/wp-content\/uploads\/2023\/06\/CABECALHO-black_PROCLASS-2023.png\",\"width\":2563,\"height\":911,\"caption\":\"PROCLASS\"},\"image\":{\"@id\":\"https:\/\/proclass.com.br\/home\/#\/schema\/logo\/image\/\"}},{\"@type\":\"Person\",\"@id\":\"https:\/\/proclass.com.br\/home\/#\/schema\/person\/f89e1eb93d5d32c0bb465c52f87f5a00\",\"name\":\"ProClass Treinamentos\",\"image\":{\"@type\":\"ImageObject\",\"inLanguage\":\"pt-BR\",\"@id\":\"https:\/\/proclass.com.br\/home\/#\/schema\/person\/image\/\",\"url\":\"https:\/\/secure.gravatar.com\/avatar\/3878d7a575c7ac355d2c778d5de04af08b7c5a7d9f19b2889f26cc7d80a6a832?s=96&d=blank&r=g\",\"contentUrl\":\"https:\/\/secure.gravatar.com\/avatar\/3878d7a575c7ac355d2c778d5de04af08b7c5a7d9f19b2889f26cc7d80a6a832?s=96&d=blank&r=g\",\"caption\":\"ProClass Treinamentos\"},\"url\":\"https:\/\/proclass.com.br\/home\/author\/proclass\/\"}]}<\/script>\n<!-- \/ Yoast SEO plugin. -->","yoast_head_json":{"title":"Element - o Instrumento Virtual da Waves - PROCLASS","robots":{"index":"index","follow":"follow","max-snippet":"max-snippet:-1","max-image-preview":"max-image-preview:large","max-video-preview":"max-video-preview:-1"},"canonical":"https:\/\/proclass.com.br\/home\/2018\/06\/element-o-instrumento-virtual-da-waves\/","og_locale":"pt_BR","og_type":"article","og_title":"Element - o Instrumento Virtual da Waves - PROCLASS","og_description":"Artigo publicado na\u00a0Revista \u00c1udio, M\u00fasica &amp; Tecnologia.\u00a0Para conhecer mais sobre a revista,\u00a0clique aqui. \u00a0Para saber mais sobre treinamentos e certifica\u00e7\u00f5es em Pro Tools, Mixagem, Masteriza\u00e7\u00e3o e outros cursos de \u00e1udio,\u00a0clique aqui Waves querendo ser mais do que uma empresa de processamento de \u00e1udio A Waves \u00e9 sem d\u00favida uma das mais importantes empresas de processamentoContinue reading &rarr;","og_url":"https:\/\/proclass.com.br\/home\/2018\/06\/element-o-instrumento-virtual-da-waves\/","og_site_name":"PROCLASS","article_published_time":"2018-06-29T20:59:54+00:00","og_image":[{"width":828,"height":701,"url":"https:\/\/proclass.com.br\/home\/wp-content\/uploads\/2018\/06\/fig.-1-Waves_element.jpg","type":"image\/jpeg"}],"author":"ProClass Treinamentos","twitter_card":"summary_large_image","twitter_misc":{"Escrito por":"ProClass Treinamentos","Est. tempo de leitura":"6 minutos"},"schema":{"@context":"https:\/\/schema.org","@graph":[{"@type":"Article","@id":"https:\/\/proclass.com.br\/home\/2018\/06\/element-o-instrumento-virtual-da-waves\/#article","isPartOf":{"@id":"https:\/\/proclass.com.br\/home\/2018\/06\/element-o-instrumento-virtual-da-waves\/"},"author":{"name":"ProClass Treinamentos","@id":"https:\/\/proclass.com.br\/home\/#\/schema\/person\/f89e1eb93d5d32c0bb465c52f87f5a00"},"headline":"Element &#8211; o Instrumento Virtual da Waves","datePublished":"2018-06-29T20:59:54+00:00","mainEntityOfPage":{"@id":"https:\/\/proclass.com.br\/home\/2018\/06\/element-o-instrumento-virtual-da-waves\/"},"wordCount":1287,"publisher":{"@id":"https:\/\/proclass.com.br\/home\/#organization"},"image":{"@id":"https:\/\/proclass.com.br\/home\/2018\/06\/element-o-instrumento-virtual-da-waves\/#primaryimage"},"thumbnailUrl":"https:\/\/proclass.com.br\/home\/wp-content\/uploads\/2018\/06\/fig.-1-Waves_element.jpg","articleSection":["Artigos","Waves"],"inLanguage":"pt-BR"},{"@type":"WebPage","@id":"https:\/\/proclass.com.br\/home\/2018\/06\/element-o-instrumento-virtual-da-waves\/","url":"https:\/\/proclass.com.br\/home\/2018\/06\/element-o-instrumento-virtual-da-waves\/","name":"Element - o Instrumento Virtual da Waves - PROCLASS","isPartOf":{"@id":"https:\/\/proclass.com.br\/home\/#website"},"primaryImageOfPage":{"@id":"https:\/\/proclass.com.br\/home\/2018\/06\/element-o-instrumento-virtual-da-waves\/#primaryimage"},"image":{"@id":"https:\/\/proclass.com.br\/home\/2018\/06\/element-o-instrumento-virtual-da-waves\/#primaryimage"},"thumbnailUrl":"https:\/\/proclass.com.br\/home\/wp-content\/uploads\/2018\/06\/fig.-1-Waves_element.jpg","datePublished":"2018-06-29T20:59:54+00:00","breadcrumb":{"@id":"https:\/\/proclass.com.br\/home\/2018\/06\/element-o-instrumento-virtual-da-waves\/#breadcrumb"},"inLanguage":"pt-BR","potentialAction":[{"@type":"ReadAction","target":["https:\/\/proclass.com.br\/home\/2018\/06\/element-o-instrumento-virtual-da-waves\/"]}]},{"@type":"ImageObject","inLanguage":"pt-BR","@id":"https:\/\/proclass.com.br\/home\/2018\/06\/element-o-instrumento-virtual-da-waves\/#primaryimage","url":"https:\/\/proclass.com.br\/home\/wp-content\/uploads\/2018\/06\/fig.-1-Waves_element.jpg","contentUrl":"https:\/\/proclass.com.br\/home\/wp-content\/uploads\/2018\/06\/fig.-1-Waves_element.jpg","width":828,"height":701,"caption":"fig. 1 Waves_element"},{"@type":"BreadcrumbList","@id":"https:\/\/proclass.com.br\/home\/2018\/06\/element-o-instrumento-virtual-da-waves\/#breadcrumb","itemListElement":[{"@type":"ListItem","position":1,"name":"In\u00edcio","item":"https:\/\/proclass.com.br\/home\/"},{"@type":"ListItem","position":2,"name":"Element &#8211; o Instrumento Virtual da Waves"}]},{"@type":"WebSite","@id":"https:\/\/proclass.com.br\/home\/#website","url":"https:\/\/proclass.com.br\/home\/","name":"PROCLASS","description":"CURSOS E TREINAMENTOS","publisher":{"@id":"https:\/\/proclass.com.br\/home\/#organization"},"potentialAction":[{"@type":"SearchAction","target":{"@type":"EntryPoint","urlTemplate":"https:\/\/proclass.com.br\/home\/?s={search_term_string}"},"query-input":{"@type":"PropertyValueSpecification","valueRequired":true,"valueName":"search_term_string"}}],"inLanguage":"pt-BR"},{"@type":"Organization","@id":"https:\/\/proclass.com.br\/home\/#organization","name":"PROCLASS","url":"https:\/\/proclass.com.br\/home\/","logo":{"@type":"ImageObject","inLanguage":"pt-BR","@id":"https:\/\/proclass.com.br\/home\/#\/schema\/logo\/image\/","url":"https:\/\/proclass.com.br\/home\/wp-content\/uploads\/2023\/06\/CABECALHO-black_PROCLASS-2023.png","contentUrl":"https:\/\/proclass.com.br\/home\/wp-content\/uploads\/2023\/06\/CABECALHO-black_PROCLASS-2023.png","width":2563,"height":911,"caption":"PROCLASS"},"image":{"@id":"https:\/\/proclass.com.br\/home\/#\/schema\/logo\/image\/"}},{"@type":"Person","@id":"https:\/\/proclass.com.br\/home\/#\/schema\/person\/f89e1eb93d5d32c0bb465c52f87f5a00","name":"ProClass Treinamentos","image":{"@type":"ImageObject","inLanguage":"pt-BR","@id":"https:\/\/proclass.com.br\/home\/#\/schema\/person\/image\/","url":"https:\/\/secure.gravatar.com\/avatar\/3878d7a575c7ac355d2c778d5de04af08b7c5a7d9f19b2889f26cc7d80a6a832?s=96&d=blank&r=g","contentUrl":"https:\/\/secure.gravatar.com\/avatar\/3878d7a575c7ac355d2c778d5de04af08b7c5a7d9f19b2889f26cc7d80a6a832?s=96&d=blank&r=g","caption":"ProClass Treinamentos"},"url":"https:\/\/proclass.com.br\/home\/author\/proclass\/"}]}},"_links":{"self":[{"href":"https:\/\/proclass.com.br\/home\/wp-json\/wp\/v2\/posts\/10302","targetHints":{"allow":["GET"]}}],"collection":[{"href":"https:\/\/proclass.com.br\/home\/wp-json\/wp\/v2\/posts"}],"about":[{"href":"https:\/\/proclass.com.br\/home\/wp-json\/wp\/v2\/types\/post"}],"author":[{"embeddable":true,"href":"https:\/\/proclass.com.br\/home\/wp-json\/wp\/v2\/users\/4"}],"replies":[{"embeddable":true,"href":"https:\/\/proclass.com.br\/home\/wp-json\/wp\/v2\/comments?post=10302"}],"version-history":[{"count":0,"href":"https:\/\/proclass.com.br\/home\/wp-json\/wp\/v2\/posts\/10302\/revisions"}],"wp:featuredmedia":[{"embeddable":true,"href":"https:\/\/proclass.com.br\/home\/wp-json\/wp\/v2\/media\/10303"}],"wp:attachment":[{"href":"https:\/\/proclass.com.br\/home\/wp-json\/wp\/v2\/media?parent=10302"}],"wp:term":[{"taxonomy":"category","embeddable":true,"href":"https:\/\/proclass.com.br\/home\/wp-json\/wp\/v2\/categories?post=10302"},{"taxonomy":"post_tag","embeddable":true,"href":"https:\/\/proclass.com.br\/home\/wp-json\/wp\/v2\/tags?post=10302"}],"curies":[{"name":"wp","href":"https:\/\/api.w.org\/{rel}","templated":true}]}}