{"id":10264,"date":"2018-06-29T17:33:19","date_gmt":"2018-06-29T20:33:19","guid":{"rendered":"http:\/\/proclass.com.br\/home\/?p=10264"},"modified":"2018-06-29T17:33:19","modified_gmt":"2018-06-29T20:33:19","slug":"waves-h-reverb","status":"publish","type":"post","link":"https:\/\/proclass.com.br\/home\/2018\/06\/waves-h-reverb\/","title":{"rendered":"Waves H-Reverb"},"content":{"rendered":"<p><a href=\"http:\/\/musitec.com.br\/\"><img decoding=\"async\" class=\" aligncenter\" title=\"Audio Musica e Tecnologia Logo\" src=\"http:\/\/proclass.com.br\/home\/wp-content\/uploads\/2012\/11\/Audio-Musica-e-Tecnologia-Logo-300x80.jpg\" alt=\"\" width=\"300\" height=\"80\" \/><\/a><\/p>\n<p class=\"p1\">Artigo publicado na\u00a0<strong>Revista \u00c1udio, M\u00fasica &amp; Tecnologia<\/strong>.\u00a0Para conhecer mais sobre a revista,\u00a0<a href=\"http:\/\/musitec.com.br\/\" target=\"_blank\" rel=\"noopener\">clique aqui.<\/a><\/p>\n<p>\u00a0Para saber mais sobre treinamentos e certifica\u00e7\u00f5es em Pro Tools, Mixagem, Masteriza\u00e7\u00e3o e outros cursos de \u00e1udio,\u00a0<a href=\"http:\/\/proclass.com.br\/home\/cursos-de-audio\/\" target=\"_blank\" rel=\"noopener\">clique aqui<\/a><\/p>\n<p class=\"p1\"><b><i>Chega o irm\u00e3o mais novo do Trueverb e Rverb<\/i><\/b><\/p>\n<p class=\"p2\">No ano passado, tratamos dos reverberadores da Waves, que incluem o Trueverb, Reinassence Verb e o reverberador baseado em convolu\u00e7\u00e3o IR\u20131.<\/p>\n<p class=\"p2\">Apesar das diferentes caracter\u00edsticas entre eles, A Waves entendeu que havia ainda uma lacuna a ser preenchida. Neste artigo, vamos entender mais sobre o novo o H-Reverb e seus diferenciais se comparado aos outros reverberadores da empresa.<\/p>\n<p class=\"p1\"><b><i>Conceito<\/i><\/b><\/p>\n<p class=\"p2\">Algo que podemos perceber rapidamente \u00e9 a proposta de dar mais flexibilidade no ajuste de primeiras reflex\u00f5es (ER) e a reverbera\u00e7\u00e3o (tail) do que a maioria dos reverberadores. N\u00e3o custa lembrar: usamos as configura\u00e7\u00f5es de Early Reflections (ER) para ajustar o tamanho e formato da sala e a reverbera\u00e7\u00e3o, que reflete as caracter\u00edsticas do revestimento e itens de uma sala e est\u00e3o diretamente relacionados \u00e0 absor\u00e7\u00e3o da mesma.<\/p>\n<p class=\"p2\">Tamb\u00e9m introduz outras se\u00e7\u00f5es que n\u00e3o est\u00e3o ligadas diretamente \u00e0 reverbera\u00e7\u00e3o, mas s\u00e3o \u00fateis se usadas em conjunto. Equalizadores, moduladores e controle de satura\u00e7\u00e3o s\u00e3o alguns deles.<\/p>\n<p class=\"p1\"><b><i>Customiza\u00e7\u00e3o total<\/i><\/b><\/p>\n<p class=\"p2\">Na parte central do plug-in, temos um \u201cseletor de ER\u201d (fig. 1) e \u00e0 esquerda, controles de Pre Delay, Build Up e size. Em especial, o \u201cbuild up\u201d n\u00e3o \u00e9 um controle comum em outros reverberadores.<\/p>\n<div id=\"attachment_10265\" style=\"width: 231px\" class=\"wp-caption aligncenter\"><img fetchpriority=\"high\" decoding=\"async\" aria-describedby=\"caption-attachment-10265\" class=\"size-full wp-image-10265\" src=\"http:\/\/proclass.com.br\/home\/wp-content\/uploads\/2018\/06\/fig.-1-opc\u0327o\u0303es-de-primeiras-reflexo\u0303es.png\" alt=\"\" width=\"221\" height=\"453\" srcset=\"https:\/\/proclass.com.br\/home\/wp-content\/uploads\/2018\/06\/fig.-1-opc\u0327o\u0303es-de-primeiras-reflexo\u0303es.png 221w, https:\/\/proclass.com.br\/home\/wp-content\/uploads\/2018\/06\/fig.-1-opc\u0327o\u0303es-de-primeiras-reflexo\u0303es-146x300.png 146w\" sizes=\"(max-width: 221px) 100vw, 221px\" \/><p id=\"caption-attachment-10265\" class=\"wp-caption-text\">fig. 1 &#8211; opc\u0327o\u0303es de primeiras reflexo\u0303es<\/p><\/div>\n<p class=\"p2\">Ele funciona como um \u201cattack\u201d do reverb, ou o tempo que a reverbera\u00e7\u00e3o demora para se concretizar. Por ser confundido com o Pre Delay, mas sonoramente os resultados s\u00e3o distintos.<\/p>\n<p class=\"p2\">Enquanto o Pre Delay causa um atraso no reverbera\u00e7\u00e3o (fig. 2A e 2B), podemos de uma maneira bem \u201cinformal\u201d, encarar o controle de Build up como um controle de fade-in da reverbera\u00e7\u00e3o (Fig. 3).<\/p>\n<div id=\"attachment_10266\" style=\"width: 682px\" class=\"wp-caption aligncenter\"><img decoding=\"async\" aria-describedby=\"caption-attachment-10266\" class=\"size-full wp-image-10266\" src=\"http:\/\/proclass.com.br\/home\/wp-content\/uploads\/2018\/06\/fig.-2A-Nenhum-Pre-delay.png\" alt=\"\" width=\"672\" height=\"707\" srcset=\"https:\/\/proclass.com.br\/home\/wp-content\/uploads\/2018\/06\/fig.-2A-Nenhum-Pre-delay.png 672w, https:\/\/proclass.com.br\/home\/wp-content\/uploads\/2018\/06\/fig.-2A-Nenhum-Pre-delay-285x300.png 285w\" sizes=\"(max-width: 672px) 100vw, 672px\" \/><p id=\"caption-attachment-10266\" class=\"wp-caption-text\">fig. 2A &#8211; Nenhum Pre delay<\/p><\/div>\n<div id=\"attachment_10267\" style=\"width: 682px\" class=\"wp-caption aligncenter\"><img loading=\"lazy\" decoding=\"async\" aria-describedby=\"caption-attachment-10267\" class=\"size-full wp-image-10267\" src=\"http:\/\/proclass.com.br\/home\/wp-content\/uploads\/2018\/06\/fig.-2B-Atraso-ocasionado-pelo-Pre-Delay.png\" alt=\"\" width=\"672\" height=\"707\" srcset=\"https:\/\/proclass.com.br\/home\/wp-content\/uploads\/2018\/06\/fig.-2B-Atraso-ocasionado-pelo-Pre-Delay.png 672w, https:\/\/proclass.com.br\/home\/wp-content\/uploads\/2018\/06\/fig.-2B-Atraso-ocasionado-pelo-Pre-Delay-285x300.png 285w\" sizes=\"(max-width: 672px) 100vw, 672px\" \/><p id=\"caption-attachment-10267\" class=\"wp-caption-text\">fig. 2B &#8211; Atraso ocasionado pelo Pre Delay<\/p><\/div>\n<div id=\"attachment_10268\" style=\"width: 682px\" class=\"wp-caption aligncenter\"><img loading=\"lazy\" decoding=\"async\" aria-describedby=\"caption-attachment-10268\" class=\"size-full wp-image-10268\" src=\"http:\/\/proclass.com.br\/home\/wp-content\/uploads\/2018\/06\/Fig.-3-Atuac\u0327a\u0303o-do-para\u0302metro-Build-up.png\" alt=\"\" width=\"672\" height=\"707\" srcset=\"https:\/\/proclass.com.br\/home\/wp-content\/uploads\/2018\/06\/Fig.-3-Atuac\u0327a\u0303o-do-para\u0302metro-Build-up.png 672w, https:\/\/proclass.com.br\/home\/wp-content\/uploads\/2018\/06\/Fig.-3-Atuac\u0327a\u0303o-do-para\u0302metro-Build-up-285x300.png 285w\" sizes=\"(max-width: 672px) 100vw, 672px\" \/><p id=\"caption-attachment-10268\" class=\"wp-caption-text\">Fig. 3 &#8211; Atuac\u0327a\u0303o do para\u0302metro Build up<\/p><\/div>\n<p class=\"p2\">Existem muitos casos em que um artista pede uma mixagem bem carregada de reverbera\u00e7\u00e3o, mas que em contrapartida, deixa os instrumentos embolados e sem defini\u00e7\u00e3o. Atrasar ou amenizar a entrada da reverbera\u00e7\u00e3o com o Pre Dely e Build Up \u00e9 muito \u00fatil neste caso, pois permite que o ouvinte perceba primeiro o som natural que \u00e9 mais claro e depois de alguns milisegundos, tamb\u00e9m ouvir a reverbera\u00e7\u00e3o atuando no elemento sonoro em quest\u00e3o.<\/p>\n<p class=\"p2\">Outro controle inusitado est\u00e1 do lado esquerdo. Chama-se de \u201cDecay Envelope\u201d (fig. 4), e n\u00e3o lembro de ter visto em nenhum outro reverberador. Os controles X-Time, X-Gain e Density ajustam a curta de decaimento da reverbera\u00e7\u00e3o, o que deixa bem claro a inten\u00e7\u00e3o da Waves de elevar o n\u00edvel de customiza\u00e7\u00e3o da reverbera\u00e7\u00e3o.<\/p>\n<div id=\"attachment_10269\" style=\"width: 682px\" class=\"wp-caption aligncenter\"><img loading=\"lazy\" decoding=\"async\" aria-describedby=\"caption-attachment-10269\" class=\"size-full wp-image-10269\" src=\"http:\/\/proclass.com.br\/home\/wp-content\/uploads\/2018\/06\/Fig.-4-Atuac\u0327a\u0303o-do-Decay-Envelope.png\" alt=\"\" width=\"672\" height=\"707\" srcset=\"https:\/\/proclass.com.br\/home\/wp-content\/uploads\/2018\/06\/Fig.-4-Atuac\u0327a\u0303o-do-Decay-Envelope.png 672w, https:\/\/proclass.com.br\/home\/wp-content\/uploads\/2018\/06\/Fig.-4-Atuac\u0327a\u0303o-do-Decay-Envelope-285x300.png 285w\" sizes=\"(max-width: 672px) 100vw, 672px\" \/><p id=\"caption-attachment-10269\" class=\"wp-caption-text\">Fig. 4 &#8211; Atuac\u0327a\u0303o do Decay Envelope<\/p><\/div>\n<p class=\"p1\"><b><i>Extras que andam juntos<\/i><\/b><\/p>\n<p class=\"p2\">Afim de criar uma assinatura sonora, oferecer algum diferencial, trazer algum interesse ou mesmo corrigir alguma limita\u00e7\u00e3o, mais e mais engenheiros de som dedicam boa parte do tempo da sua mixagem trabalhando em processadores ligados em s\u00e9rie ap\u00f3s a reverbera\u00e7\u00e3o.<\/p>\n<p class=\"p2\">A Waves usou sua experi\u00eancia no desenvolvimento dos pacotes signature series e colocou no canto inferior direito uma se\u00e7\u00e3o de modula\u00e7\u00e3o, filtros baseados em LFO e envelope (Fig. 5A, 5B e 5C). Eles permitem extrapolar um pouco o conceito de \u201cnatural\u201d e buscar uma caracter\u00edstica sint\u00e9tica. Independente do modo usado, todos possuem um controle de Mix para dosar o quanto este filtro deve atuar na reverbera\u00e7\u00e3o. \u00c9 um recurso excelente e cada dia mais comum na m\u00fasica pop, seja numa voz, bateria ou guitarra.<\/p>\n<div id=\"attachment_10270\" style=\"width: 227px\" class=\"wp-caption aligncenter\"><img loading=\"lazy\" decoding=\"async\" aria-describedby=\"caption-attachment-10270\" class=\"size-full wp-image-10270\" src=\"http:\/\/proclass.com.br\/home\/wp-content\/uploads\/2018\/06\/fig.-5A-Decaimento-por-freque\u0302ncias.png\" alt=\"\" width=\"217\" height=\"355\" srcset=\"https:\/\/proclass.com.br\/home\/wp-content\/uploads\/2018\/06\/fig.-5A-Decaimento-por-freque\u0302ncias.png 217w, https:\/\/proclass.com.br\/home\/wp-content\/uploads\/2018\/06\/fig.-5A-Decaimento-por-freque\u0302ncias-183x300.png 183w\" sizes=\"(max-width: 217px) 100vw, 217px\" \/><p id=\"caption-attachment-10270\" class=\"wp-caption-text\">fig. 5A &#8211; Decaimento por freque\u0302ncias<\/p><\/div>\n<div id=\"attachment_10271\" style=\"width: 231px\" class=\"wp-caption aligncenter\"><img loading=\"lazy\" decoding=\"async\" aria-describedby=\"caption-attachment-10271\" class=\"size-full wp-image-10271\" src=\"http:\/\/proclass.com.br\/home\/wp-content\/uploads\/2018\/06\/Fig.-5B-Envelope-Filter-com-controle-de-mix.png\" alt=\"\" width=\"221\" height=\"325\" srcset=\"https:\/\/proclass.com.br\/home\/wp-content\/uploads\/2018\/06\/Fig.-5B-Envelope-Filter-com-controle-de-mix.png 221w, https:\/\/proclass.com.br\/home\/wp-content\/uploads\/2018\/06\/Fig.-5B-Envelope-Filter-com-controle-de-mix-204x300.png 204w\" sizes=\"(max-width: 221px) 100vw, 221px\" \/><p id=\"caption-attachment-10271\" class=\"wp-caption-text\">Fig. 5B &#8211; Envelope Filter com controle de mix<\/p><\/div>\n<div id=\"attachment_10272\" style=\"width: 230px\" class=\"wp-caption aligncenter\"><img loading=\"lazy\" decoding=\"async\" aria-describedby=\"caption-attachment-10272\" class=\"size-full wp-image-10272\" src=\"http:\/\/proclass.com.br\/home\/wp-content\/uploads\/2018\/06\/Fig.-5C-Filtro-de-ressona\u0302ncia-atuando-via-LFO.-A-velocidade-pode-ser-regulada-em-Hz-ou-em-tempos-musicais-sincronizada-com-o-andamento-da-sessa\u0303o.png\" alt=\"\" width=\"220\" height=\"326\" srcset=\"https:\/\/proclass.com.br\/home\/wp-content\/uploads\/2018\/06\/Fig.-5C-Filtro-de-ressona\u0302ncia-atuando-via-LFO.-A-velocidade-pode-ser-regulada-em-Hz-ou-em-tempos-musicais-sincronizada-com-o-andamento-da-sessa\u0303o.png 220w, https:\/\/proclass.com.br\/home\/wp-content\/uploads\/2018\/06\/Fig.-5C-Filtro-de-ressona\u0302ncia-atuando-via-LFO.-A-velocidade-pode-ser-regulada-em-Hz-ou-em-tempos-musicais-sincronizada-com-o-andamento-da-sessa\u0303o-202x300.png 202w\" sizes=\"(max-width: 220px) 100vw, 220px\" \/><p id=\"caption-attachment-10272\" class=\"wp-caption-text\">Fig. 5C &#8211; Filtro de ressona\u0302ncia atuando via LFO. A velocidade pode ser regulada em Hz ou em tempos musicais sincronizada com o andamento da sessa\u0303o<\/p><\/div>\n<p class=\"p2\">Tamb\u00e9m h\u00e1 um controle de Drive (fig. 6) muito bem feito, pois ajuda a saturar de uma maneira muito suave o output do HReverb.<\/p>\n<div id=\"attachment_10273\" style=\"width: 682px\" class=\"wp-caption aligncenter\"><img loading=\"lazy\" decoding=\"async\" aria-describedby=\"caption-attachment-10273\" class=\"size-full wp-image-10273\" src=\"http:\/\/proclass.com.br\/home\/wp-content\/uploads\/2018\/06\/fig.-6-Global-Section-com-destaque-no-para\u0302metro-de-Drive.png\" alt=\"\" width=\"672\" height=\"707\" srcset=\"https:\/\/proclass.com.br\/home\/wp-content\/uploads\/2018\/06\/fig.-6-Global-Section-com-destaque-no-para\u0302metro-de-Drive.png 672w, https:\/\/proclass.com.br\/home\/wp-content\/uploads\/2018\/06\/fig.-6-Global-Section-com-destaque-no-para\u0302metro-de-Drive-285x300.png 285w\" sizes=\"(max-width: 672px) 100vw, 672px\" \/><p id=\"caption-attachment-10273\" class=\"wp-caption-text\">fig. 6 &#8211; Global Section com destaque no para\u0302metro de Drive<\/p><\/div>\n<p class=\"p2\">Por fim encontramos na parte central um equalizador, algo que foi implementado tamb\u00e9m em outros reverberadores da empresa. Geralmente usamos o equalizador pensando em como podemos encaixar o reverb na mixagem. N\u00e3o h\u00e1 mais tanto comprometimento em simular com perfei\u00e7\u00e3o uma sala. O objetivo \u00e9 fazer a mixagem funcionar, mesmo que se tenha que por exemplo, cortar os graves e acentuar os agudos, algo que n\u00e3o acontece naturalmente.<\/p>\n<p class=\"p1\"><b><i>Mais profundidade \u00e0 vista<\/i><\/b><\/p>\n<p class=\"p2\">A se\u00e7\u00e3o Input Echoes \/ Output Echoes (fig. 7) servem como pequenos delays que podem ajudar a aumentar a sensa\u00e7\u00e3o de espa\u00e7o. Eles s\u00e3o representados no gr\u00e1fico pela cor amarela.<\/p>\n<div id=\"attachment_10274\" style=\"width: 682px\" class=\"wp-caption aligncenter\"><img loading=\"lazy\" decoding=\"async\" aria-describedby=\"caption-attachment-10274\" class=\"size-full wp-image-10274\" src=\"http:\/\/proclass.com.br\/home\/wp-content\/uploads\/2018\/06\/fig.-7-Atuac\u0327a\u0303o-do-input-e-output-echoes.png\" alt=\"\" width=\"672\" height=\"707\" srcset=\"https:\/\/proclass.com.br\/home\/wp-content\/uploads\/2018\/06\/fig.-7-Atuac\u0327a\u0303o-do-input-e-output-echoes.png 672w, https:\/\/proclass.com.br\/home\/wp-content\/uploads\/2018\/06\/fig.-7-Atuac\u0327a\u0303o-do-input-e-output-echoes-285x300.png 285w\" sizes=\"(max-width: 672px) 100vw, 672px\" \/><p id=\"caption-attachment-10274\" class=\"wp-caption-text\">fig. 7 &#8211; Atuac\u0327a\u0303o do input e output echoes<\/p><\/div>\n<p class=\"p2\">Um erro muito comum \u00e9 aumentar o tamanho do reverb para ter uma sensa\u00e7\u00e3o de um espa\u00e7o maior ou pior ainda, a quantidade de reverbera\u00e7\u00e3o. Estas duas a\u00e7\u00f5es corroboram mais atrapalham do que ajudam. Misturar reverberadores e delay \u00e9 uma op\u00e7\u00e3o mais f\u00e1cil de controlar de forma a destacar e aumentar a dimens\u00e3o de um elemento sonoro e \u00e9 de olho nisso que a Waves j\u00e1 incluiu estes dois setores no H-Reverb.<\/p>\n<p class=\"p1\"><b><i>Bot\u00f5es pequenos de grande utilidade<\/i><\/b><\/p>\n<p class=\"p2\">No parte inferior do medidor de ganho de entrada temos o bot\u00e3o \u201ctest\u201d. Ele dispara um ru\u00eddo que ajuda a regular o reverb sem precisar ficar dando play na sess\u00e3o.<\/p>\n<p class=\"p2\">N\u00e3o \u00e9 apenas uma quest\u00e3o de conveni\u00eancia. O ru\u00eddo branco disparado permite ouvir a resposta da reverbera\u00e7\u00e3o de forma mais completa do que com um instrumento, pois qualquer outro elemento sonoro vai ter sempre uma \u00eanfase numa regi\u00e3o e defici\u00eancia em outra.<\/p>\n<p class=\"p2\">J\u00e1 no medidor de sa\u00edda, temos o bot\u00e3o reverse para gerar o efeito de reverb reverso facilmente (fig. 8).<\/p>\n<div id=\"attachment_10275\" style=\"width: 682px\" class=\"wp-caption aligncenter\"><img loading=\"lazy\" decoding=\"async\" aria-describedby=\"caption-attachment-10275\" class=\"size-full wp-image-10275\" src=\"http:\/\/proclass.com.br\/home\/wp-content\/uploads\/2018\/06\/fig.-8-Comando-Reverse.png\" alt=\"\" width=\"672\" height=\"707\" srcset=\"https:\/\/proclass.com.br\/home\/wp-content\/uploads\/2018\/06\/fig.-8-Comando-Reverse.png 672w, https:\/\/proclass.com.br\/home\/wp-content\/uploads\/2018\/06\/fig.-8-Comando-Reverse-285x300.png 285w\" sizes=\"(max-width: 672px) 100vw, 672px\" \/><p id=\"caption-attachment-10275\" class=\"wp-caption-text\">fig. 8 &#8211; Comando Reverse<\/p><\/div>\n<p class=\"p1\"><b><i>presets que prestam e muito!<\/i><\/b><\/p>\n<p class=\"p2\">Tinha uma \u00e9poca em que reverberadores vinham com centenas de presets que os fabricantes faziam com inten\u00e7\u00e3o de demonstrar os produtos e mostrar sua flexibilidade, n\u00e3o necessariamente se comprometendo com sua usabilidade.<\/p>\n<p class=\"p2\">A biblioteca do H-Reverb tamb\u00e9m explora este conceito, mas \u00e9 repleta de pr\u00e9-configura\u00e7\u00f5es interessantes como as sugest\u00f5es de v\u00e1rios v\u00e1rios mixadores e em especial uma, que se compromete a simular hardwares cl\u00e1ssicos como o Lexicon 480L (fig. 9).<\/p>\n<div id=\"attachment_10276\" style=\"width: 992px\" class=\"wp-caption aligncenter\"><img loading=\"lazy\" decoding=\"async\" aria-describedby=\"caption-attachment-10276\" class=\"size-full wp-image-10276\" src=\"http:\/\/proclass.com.br\/home\/wp-content\/uploads\/2018\/06\/fig.-9-Menu-de-presets-com-destaque-a\u0300-categoria-de-hardwares.png\" alt=\"\" width=\"982\" height=\"864\" srcset=\"https:\/\/proclass.com.br\/home\/wp-content\/uploads\/2018\/06\/fig.-9-Menu-de-presets-com-destaque-a\u0300-categoria-de-hardwares.png 982w, https:\/\/proclass.com.br\/home\/wp-content\/uploads\/2018\/06\/fig.-9-Menu-de-presets-com-destaque-a\u0300-categoria-de-hardwares-300x264.png 300w, https:\/\/proclass.com.br\/home\/wp-content\/uploads\/2018\/06\/fig.-9-Menu-de-presets-com-destaque-a\u0300-categoria-de-hardwares-768x676.png 768w\" sizes=\"(max-width: 982px) 100vw, 982px\" \/><p id=\"caption-attachment-10276\" class=\"wp-caption-text\">fig. 9 &#8211; Menu de presets com destaque a\u0300 categoria de hardwares<\/p><\/div>\n<p class=\"p2\">Num reveberador mais do que complexo, vale muito a pena e ajuda bastante o iniciante a entender os controles e o que esperar da sua sonoridade.<\/p>\n<p class=\"p2\">Em resumo, apesar de muito pesado na CPU, \u00e9 sem d\u00favida um reverberador que vale a pena conhecer e ter por perto. Principalmente para quem gosta de produzir reverbera\u00e7\u00e3o em conjunto com outros efeitos, o H-Reverb \u00e9 muito conveniente por j\u00e1 ter v\u00e1rios outros processadores integrados na mesma interface.<\/p>\n<p class=\"p2\">E com isso, vamos ficando por aqui.<\/p>\n<p class=\"p2\">Abra\u00e7os e at\u00e9 a pr\u00f3xima!<\/p>\n<p><i><a href=\"http:\/\/proclass.com.br\/home\/wp-content\/uploads\/2012\/08\/cris3x4-blog-proclass.jpg\"><img loading=\"lazy\" decoding=\"async\" class=\" size-full wp-image-1057 alignleft\" src=\"http:\/\/proclass.com.br\/home\/wp-content\/uploads\/2012\/08\/cris3x4-blog-proclass.jpg\" alt=\"cris3x4 blog proclass\" width=\"74\" height=\"99\" \/><\/a>\u00a0Cristiano Moura \u00e9 instrutor certificado oficialmente pela Avid para lecionar cursos de n\u00edvel 100, 200 e 300 em Pro Tools. Por meio da ProClass, \u00a0oferece consultoria, treinamentos\u00a0customizados al\u00e9m de cursos oficiais em Pro Tools, Mixagem e Masteriza\u00e7\u00e3o.<\/i><\/p>\n","protected":false},"excerpt":{"rendered":"<p>Artigo publicado na\u00a0Revista \u00c1udio, M\u00fasica &amp; Tecnologia.\u00a0Para conhecer mais sobre a revista,\u00a0clique aqui. \u00a0Para saber mais sobre treinamentos e certifica\u00e7\u00f5es em Pro Tools, Mixagem, Masteriza\u00e7\u00e3o e outros cursos de \u00e1udio,\u00a0clique aqui Chega o irm\u00e3o mais novo do Trueverb e Rverb No ano passado, tratamos dos reverberadores da Waves, que incluem o Trueverb, Reinassence Verb eContinue reading &rarr;<\/p>\n","protected":false},"author":4,"featured_media":10266,"comment_status":"closed","ping_status":"closed","sticky":false,"template":"","format":"standard","meta":{"footnotes":""},"categories":[17,1070],"tags":[],"class_list":["post-10264","post","type-post","status-publish","format-standard","has-post-thumbnail","hentry","category-artigos","category-waves","has-thumb"],"yoast_head":"<!-- This site is optimized with the Yoast SEO plugin v26.9 - https:\/\/yoast.com\/product\/yoast-seo-wordpress\/ -->\n<title>Waves H-Reverb - PROCLASS<\/title>\n<meta name=\"robots\" content=\"index, follow, max-snippet:-1, max-image-preview:large, max-video-preview:-1\" \/>\n<link rel=\"canonical\" href=\"https:\/\/proclass.com.br\/home\/2018\/06\/waves-h-reverb\/\" \/>\n<meta property=\"og:locale\" content=\"pt_BR\" \/>\n<meta property=\"og:type\" content=\"article\" \/>\n<meta property=\"og:title\" content=\"Waves H-Reverb - PROCLASS\" \/>\n<meta property=\"og:description\" content=\"Artigo publicado na\u00a0Revista \u00c1udio, M\u00fasica &amp; Tecnologia.\u00a0Para conhecer mais sobre a revista,\u00a0clique aqui. \u00a0Para saber mais sobre treinamentos e certifica\u00e7\u00f5es em Pro Tools, Mixagem, Masteriza\u00e7\u00e3o e outros cursos de \u00e1udio,\u00a0clique aqui Chega o irm\u00e3o mais novo do Trueverb e Rverb No ano passado, tratamos dos reverberadores da Waves, que incluem o Trueverb, Reinassence Verb eContinue reading &rarr;\" \/>\n<meta property=\"og:url\" content=\"https:\/\/proclass.com.br\/home\/2018\/06\/waves-h-reverb\/\" \/>\n<meta property=\"og:site_name\" content=\"PROCLASS\" \/>\n<meta property=\"article:published_time\" content=\"2018-06-29T20:33:19+00:00\" \/>\n<meta property=\"og:image\" content=\"https:\/\/proclass.com.br\/home\/wp-content\/uploads\/2018\/06\/fig.-2A-Nenhum-Pre-delay.png\" \/>\n\t<meta property=\"og:image:width\" content=\"672\" \/>\n\t<meta property=\"og:image:height\" content=\"707\" \/>\n\t<meta property=\"og:image:type\" content=\"image\/png\" \/>\n<meta name=\"author\" content=\"ProClass Treinamentos\" \/>\n<meta name=\"twitter:card\" content=\"summary_large_image\" \/>\n<meta name=\"twitter:label1\" content=\"Escrito por\" \/>\n\t<meta name=\"twitter:data1\" content=\"ProClass Treinamentos\" \/>\n\t<meta name=\"twitter:label2\" content=\"Est. tempo de leitura\" \/>\n\t<meta name=\"twitter:data2\" content=\"7 minutos\" \/>\n<script type=\"application\/ld+json\" class=\"yoast-schema-graph\">{\"@context\":\"https:\/\/schema.org\",\"@graph\":[{\"@type\":\"Article\",\"@id\":\"https:\/\/proclass.com.br\/home\/2018\/06\/waves-h-reverb\/#article\",\"isPartOf\":{\"@id\":\"https:\/\/proclass.com.br\/home\/2018\/06\/waves-h-reverb\/\"},\"author\":{\"name\":\"ProClass Treinamentos\",\"@id\":\"https:\/\/proclass.com.br\/home\/#\/schema\/person\/f89e1eb93d5d32c0bb465c52f87f5a00\"},\"headline\":\"Waves H-Reverb\",\"datePublished\":\"2018-06-29T20:33:19+00:00\",\"mainEntityOfPage\":{\"@id\":\"https:\/\/proclass.com.br\/home\/2018\/06\/waves-h-reverb\/\"},\"wordCount\":1324,\"publisher\":{\"@id\":\"https:\/\/proclass.com.br\/home\/#organization\"},\"image\":{\"@id\":\"https:\/\/proclass.com.br\/home\/2018\/06\/waves-h-reverb\/#primaryimage\"},\"thumbnailUrl\":\"https:\/\/proclass.com.br\/home\/wp-content\/uploads\/2018\/06\/fig.-2A-Nenhum-Pre-delay.png\",\"articleSection\":[\"Artigos\",\"Waves\"],\"inLanguage\":\"pt-BR\"},{\"@type\":\"WebPage\",\"@id\":\"https:\/\/proclass.com.br\/home\/2018\/06\/waves-h-reverb\/\",\"url\":\"https:\/\/proclass.com.br\/home\/2018\/06\/waves-h-reverb\/\",\"name\":\"Waves H-Reverb - PROCLASS\",\"isPartOf\":{\"@id\":\"https:\/\/proclass.com.br\/home\/#website\"},\"primaryImageOfPage\":{\"@id\":\"https:\/\/proclass.com.br\/home\/2018\/06\/waves-h-reverb\/#primaryimage\"},\"image\":{\"@id\":\"https:\/\/proclass.com.br\/home\/2018\/06\/waves-h-reverb\/#primaryimage\"},\"thumbnailUrl\":\"https:\/\/proclass.com.br\/home\/wp-content\/uploads\/2018\/06\/fig.-2A-Nenhum-Pre-delay.png\",\"datePublished\":\"2018-06-29T20:33:19+00:00\",\"breadcrumb\":{\"@id\":\"https:\/\/proclass.com.br\/home\/2018\/06\/waves-h-reverb\/#breadcrumb\"},\"inLanguage\":\"pt-BR\",\"potentialAction\":[{\"@type\":\"ReadAction\",\"target\":[\"https:\/\/proclass.com.br\/home\/2018\/06\/waves-h-reverb\/\"]}]},{\"@type\":\"ImageObject\",\"inLanguage\":\"pt-BR\",\"@id\":\"https:\/\/proclass.com.br\/home\/2018\/06\/waves-h-reverb\/#primaryimage\",\"url\":\"https:\/\/proclass.com.br\/home\/wp-content\/uploads\/2018\/06\/fig.-2A-Nenhum-Pre-delay.png\",\"contentUrl\":\"https:\/\/proclass.com.br\/home\/wp-content\/uploads\/2018\/06\/fig.-2A-Nenhum-Pre-delay.png\",\"width\":672,\"height\":707,\"caption\":\"fig. 2A - Nenhum Pre delay\"},{\"@type\":\"BreadcrumbList\",\"@id\":\"https:\/\/proclass.com.br\/home\/2018\/06\/waves-h-reverb\/#breadcrumb\",\"itemListElement\":[{\"@type\":\"ListItem\",\"position\":1,\"name\":\"In\u00edcio\",\"item\":\"https:\/\/proclass.com.br\/home\/\"},{\"@type\":\"ListItem\",\"position\":2,\"name\":\"Waves H-Reverb\"}]},{\"@type\":\"WebSite\",\"@id\":\"https:\/\/proclass.com.br\/home\/#website\",\"url\":\"https:\/\/proclass.com.br\/home\/\",\"name\":\"PROCLASS\",\"description\":\"CURSOS E TREINAMENTOS\",\"publisher\":{\"@id\":\"https:\/\/proclass.com.br\/home\/#organization\"},\"potentialAction\":[{\"@type\":\"SearchAction\",\"target\":{\"@type\":\"EntryPoint\",\"urlTemplate\":\"https:\/\/proclass.com.br\/home\/?s={search_term_string}\"},\"query-input\":{\"@type\":\"PropertyValueSpecification\",\"valueRequired\":true,\"valueName\":\"search_term_string\"}}],\"inLanguage\":\"pt-BR\"},{\"@type\":\"Organization\",\"@id\":\"https:\/\/proclass.com.br\/home\/#organization\",\"name\":\"PROCLASS\",\"url\":\"https:\/\/proclass.com.br\/home\/\",\"logo\":{\"@type\":\"ImageObject\",\"inLanguage\":\"pt-BR\",\"@id\":\"https:\/\/proclass.com.br\/home\/#\/schema\/logo\/image\/\",\"url\":\"https:\/\/proclass.com.br\/home\/wp-content\/uploads\/2023\/06\/CABECALHO-black_PROCLASS-2023.png\",\"contentUrl\":\"https:\/\/proclass.com.br\/home\/wp-content\/uploads\/2023\/06\/CABECALHO-black_PROCLASS-2023.png\",\"width\":2563,\"height\":911,\"caption\":\"PROCLASS\"},\"image\":{\"@id\":\"https:\/\/proclass.com.br\/home\/#\/schema\/logo\/image\/\"}},{\"@type\":\"Person\",\"@id\":\"https:\/\/proclass.com.br\/home\/#\/schema\/person\/f89e1eb93d5d32c0bb465c52f87f5a00\",\"name\":\"ProClass Treinamentos\",\"image\":{\"@type\":\"ImageObject\",\"inLanguage\":\"pt-BR\",\"@id\":\"https:\/\/proclass.com.br\/home\/#\/schema\/person\/image\/\",\"url\":\"https:\/\/secure.gravatar.com\/avatar\/3878d7a575c7ac355d2c778d5de04af08b7c5a7d9f19b2889f26cc7d80a6a832?s=96&d=blank&r=g\",\"contentUrl\":\"https:\/\/secure.gravatar.com\/avatar\/3878d7a575c7ac355d2c778d5de04af08b7c5a7d9f19b2889f26cc7d80a6a832?s=96&d=blank&r=g\",\"caption\":\"ProClass Treinamentos\"},\"url\":\"https:\/\/proclass.com.br\/home\/author\/proclass\/\"}]}<\/script>\n<!-- \/ Yoast SEO plugin. -->","yoast_head_json":{"title":"Waves H-Reverb - PROCLASS","robots":{"index":"index","follow":"follow","max-snippet":"max-snippet:-1","max-image-preview":"max-image-preview:large","max-video-preview":"max-video-preview:-1"},"canonical":"https:\/\/proclass.com.br\/home\/2018\/06\/waves-h-reverb\/","og_locale":"pt_BR","og_type":"article","og_title":"Waves H-Reverb - PROCLASS","og_description":"Artigo publicado na\u00a0Revista \u00c1udio, M\u00fasica &amp; Tecnologia.\u00a0Para conhecer mais sobre a revista,\u00a0clique aqui. \u00a0Para saber mais sobre treinamentos e certifica\u00e7\u00f5es em Pro Tools, Mixagem, Masteriza\u00e7\u00e3o e outros cursos de \u00e1udio,\u00a0clique aqui Chega o irm\u00e3o mais novo do Trueverb e Rverb No ano passado, tratamos dos reverberadores da Waves, que incluem o Trueverb, Reinassence Verb eContinue reading &rarr;","og_url":"https:\/\/proclass.com.br\/home\/2018\/06\/waves-h-reverb\/","og_site_name":"PROCLASS","article_published_time":"2018-06-29T20:33:19+00:00","og_image":[{"width":672,"height":707,"url":"https:\/\/proclass.com.br\/home\/wp-content\/uploads\/2018\/06\/fig.-2A-Nenhum-Pre-delay.png","type":"image\/png"}],"author":"ProClass Treinamentos","twitter_card":"summary_large_image","twitter_misc":{"Escrito por":"ProClass Treinamentos","Est. tempo de leitura":"7 minutos"},"schema":{"@context":"https:\/\/schema.org","@graph":[{"@type":"Article","@id":"https:\/\/proclass.com.br\/home\/2018\/06\/waves-h-reverb\/#article","isPartOf":{"@id":"https:\/\/proclass.com.br\/home\/2018\/06\/waves-h-reverb\/"},"author":{"name":"ProClass Treinamentos","@id":"https:\/\/proclass.com.br\/home\/#\/schema\/person\/f89e1eb93d5d32c0bb465c52f87f5a00"},"headline":"Waves H-Reverb","datePublished":"2018-06-29T20:33:19+00:00","mainEntityOfPage":{"@id":"https:\/\/proclass.com.br\/home\/2018\/06\/waves-h-reverb\/"},"wordCount":1324,"publisher":{"@id":"https:\/\/proclass.com.br\/home\/#organization"},"image":{"@id":"https:\/\/proclass.com.br\/home\/2018\/06\/waves-h-reverb\/#primaryimage"},"thumbnailUrl":"https:\/\/proclass.com.br\/home\/wp-content\/uploads\/2018\/06\/fig.-2A-Nenhum-Pre-delay.png","articleSection":["Artigos","Waves"],"inLanguage":"pt-BR"},{"@type":"WebPage","@id":"https:\/\/proclass.com.br\/home\/2018\/06\/waves-h-reverb\/","url":"https:\/\/proclass.com.br\/home\/2018\/06\/waves-h-reverb\/","name":"Waves H-Reverb - PROCLASS","isPartOf":{"@id":"https:\/\/proclass.com.br\/home\/#website"},"primaryImageOfPage":{"@id":"https:\/\/proclass.com.br\/home\/2018\/06\/waves-h-reverb\/#primaryimage"},"image":{"@id":"https:\/\/proclass.com.br\/home\/2018\/06\/waves-h-reverb\/#primaryimage"},"thumbnailUrl":"https:\/\/proclass.com.br\/home\/wp-content\/uploads\/2018\/06\/fig.-2A-Nenhum-Pre-delay.png","datePublished":"2018-06-29T20:33:19+00:00","breadcrumb":{"@id":"https:\/\/proclass.com.br\/home\/2018\/06\/waves-h-reverb\/#breadcrumb"},"inLanguage":"pt-BR","potentialAction":[{"@type":"ReadAction","target":["https:\/\/proclass.com.br\/home\/2018\/06\/waves-h-reverb\/"]}]},{"@type":"ImageObject","inLanguage":"pt-BR","@id":"https:\/\/proclass.com.br\/home\/2018\/06\/waves-h-reverb\/#primaryimage","url":"https:\/\/proclass.com.br\/home\/wp-content\/uploads\/2018\/06\/fig.-2A-Nenhum-Pre-delay.png","contentUrl":"https:\/\/proclass.com.br\/home\/wp-content\/uploads\/2018\/06\/fig.-2A-Nenhum-Pre-delay.png","width":672,"height":707,"caption":"fig. 2A - Nenhum Pre delay"},{"@type":"BreadcrumbList","@id":"https:\/\/proclass.com.br\/home\/2018\/06\/waves-h-reverb\/#breadcrumb","itemListElement":[{"@type":"ListItem","position":1,"name":"In\u00edcio","item":"https:\/\/proclass.com.br\/home\/"},{"@type":"ListItem","position":2,"name":"Waves H-Reverb"}]},{"@type":"WebSite","@id":"https:\/\/proclass.com.br\/home\/#website","url":"https:\/\/proclass.com.br\/home\/","name":"PROCLASS","description":"CURSOS E TREINAMENTOS","publisher":{"@id":"https:\/\/proclass.com.br\/home\/#organization"},"potentialAction":[{"@type":"SearchAction","target":{"@type":"EntryPoint","urlTemplate":"https:\/\/proclass.com.br\/home\/?s={search_term_string}"},"query-input":{"@type":"PropertyValueSpecification","valueRequired":true,"valueName":"search_term_string"}}],"inLanguage":"pt-BR"},{"@type":"Organization","@id":"https:\/\/proclass.com.br\/home\/#organization","name":"PROCLASS","url":"https:\/\/proclass.com.br\/home\/","logo":{"@type":"ImageObject","inLanguage":"pt-BR","@id":"https:\/\/proclass.com.br\/home\/#\/schema\/logo\/image\/","url":"https:\/\/proclass.com.br\/home\/wp-content\/uploads\/2023\/06\/CABECALHO-black_PROCLASS-2023.png","contentUrl":"https:\/\/proclass.com.br\/home\/wp-content\/uploads\/2023\/06\/CABECALHO-black_PROCLASS-2023.png","width":2563,"height":911,"caption":"PROCLASS"},"image":{"@id":"https:\/\/proclass.com.br\/home\/#\/schema\/logo\/image\/"}},{"@type":"Person","@id":"https:\/\/proclass.com.br\/home\/#\/schema\/person\/f89e1eb93d5d32c0bb465c52f87f5a00","name":"ProClass Treinamentos","image":{"@type":"ImageObject","inLanguage":"pt-BR","@id":"https:\/\/proclass.com.br\/home\/#\/schema\/person\/image\/","url":"https:\/\/secure.gravatar.com\/avatar\/3878d7a575c7ac355d2c778d5de04af08b7c5a7d9f19b2889f26cc7d80a6a832?s=96&d=blank&r=g","contentUrl":"https:\/\/secure.gravatar.com\/avatar\/3878d7a575c7ac355d2c778d5de04af08b7c5a7d9f19b2889f26cc7d80a6a832?s=96&d=blank&r=g","caption":"ProClass Treinamentos"},"url":"https:\/\/proclass.com.br\/home\/author\/proclass\/"}]}},"_links":{"self":[{"href":"https:\/\/proclass.com.br\/home\/wp-json\/wp\/v2\/posts\/10264","targetHints":{"allow":["GET"]}}],"collection":[{"href":"https:\/\/proclass.com.br\/home\/wp-json\/wp\/v2\/posts"}],"about":[{"href":"https:\/\/proclass.com.br\/home\/wp-json\/wp\/v2\/types\/post"}],"author":[{"embeddable":true,"href":"https:\/\/proclass.com.br\/home\/wp-json\/wp\/v2\/users\/4"}],"replies":[{"embeddable":true,"href":"https:\/\/proclass.com.br\/home\/wp-json\/wp\/v2\/comments?post=10264"}],"version-history":[{"count":0,"href":"https:\/\/proclass.com.br\/home\/wp-json\/wp\/v2\/posts\/10264\/revisions"}],"wp:featuredmedia":[{"embeddable":true,"href":"https:\/\/proclass.com.br\/home\/wp-json\/wp\/v2\/media\/10266"}],"wp:attachment":[{"href":"https:\/\/proclass.com.br\/home\/wp-json\/wp\/v2\/media?parent=10264"}],"wp:term":[{"taxonomy":"category","embeddable":true,"href":"https:\/\/proclass.com.br\/home\/wp-json\/wp\/v2\/categories?post=10264"},{"taxonomy":"post_tag","embeddable":true,"href":"https:\/\/proclass.com.br\/home\/wp-json\/wp\/v2\/tags?post=10264"}],"curies":[{"name":"wp","href":"https:\/\/api.w.org\/{rel}","templated":true}]}}