{"id":10260,"date":"2018-06-29T17:25:59","date_gmt":"2018-06-29T20:25:59","guid":{"rendered":"http:\/\/proclass.com.br\/home\/?p=10260"},"modified":"2018-06-29T17:25:59","modified_gmt":"2018-06-29T20:25:59","slug":"greg-wells-plug-ins","status":"publish","type":"post","link":"https:\/\/proclass.com.br\/home\/2018\/06\/greg-wells-plug-ins\/","title":{"rendered":"Greg Wells Plug-ins"},"content":{"rendered":"<p><a href=\"http:\/\/musitec.com.br\/\"><img decoding=\"async\" class=\" aligncenter\" title=\"Audio Musica e Tecnologia Logo\" src=\"http:\/\/proclass.com.br\/home\/wp-content\/uploads\/2012\/11\/Audio-Musica-e-Tecnologia-Logo-300x80.jpg\" alt=\"\" width=\"300\" height=\"80\" \/><\/a><\/p>\n<p class=\"p1\">Artigo publicado na\u00a0<strong>Revista \u00c1udio, M\u00fasica &amp; Tecnologia<\/strong>.\u00a0Para conhecer mais sobre a revista,\u00a0<a href=\"http:\/\/musitec.com.br\/\" target=\"_blank\" rel=\"noopener\">clique aqui.<\/a><\/p>\n<p>\u00a0Para saber mais sobre treinamentos e certifica\u00e7\u00f5es em Pro Tools, Mixagem, Masteriza\u00e7\u00e3o e outros cursos de \u00e1udio,\u00a0<a href=\"http:\/\/proclass.com.br\/home\/cursos-de-audio\/\" target=\"_blank\" rel=\"noopener\">clique aqui<\/a><\/p>\n<p class=\"p1\"><b><i>PianoCentric e VoiceCentric<\/i><\/b><\/p>\n<div id=\"attachment_10261\" style=\"width: 639px\" class=\"wp-caption aligncenter\"><img fetchpriority=\"high\" decoding=\"async\" aria-describedby=\"caption-attachment-10261\" class=\"size-full wp-image-10261\" src=\"http:\/\/proclass.com.br\/home\/wp-content\/uploads\/2018\/06\/greg-wells-pianocentric.jpg\" alt=\"\" width=\"629\" height=\"383\" srcset=\"https:\/\/proclass.com.br\/home\/wp-content\/uploads\/2018\/06\/greg-wells-pianocentric.jpg 629w, https:\/\/proclass.com.br\/home\/wp-content\/uploads\/2018\/06\/greg-wells-pianocentric-300x183.jpg 300w\" sizes=\"(max-width: 629px) 100vw, 629px\" \/><p id=\"caption-attachment-10261\" class=\"wp-caption-text\">greg-wells-pianocentric<\/p><\/div>\n<div id=\"attachment_10262\" style=\"width: 666px\" class=\"wp-caption aligncenter\"><img decoding=\"async\" aria-describedby=\"caption-attachment-10262\" class=\"size-full wp-image-10262\" src=\"http:\/\/proclass.com.br\/home\/wp-content\/uploads\/2018\/06\/greg-wells-voicecentric.jpg\" alt=\"\" width=\"656\" height=\"373\" srcset=\"https:\/\/proclass.com.br\/home\/wp-content\/uploads\/2018\/06\/greg-wells-voicecentric.jpg 656w, https:\/\/proclass.com.br\/home\/wp-content\/uploads\/2018\/06\/greg-wells-voicecentric-300x171.jpg 300w\" sizes=\"(max-width: 656px) 100vw, 656px\" \/><p id=\"caption-attachment-10262\" class=\"wp-caption-text\">greg-wells-voicecentric<\/p><\/div>\n<p class=\"p2\">A Waves j\u00e1 tem um bom hist\u00f3rico na produ\u00e7\u00e3o de plug-ins em parceria com grandes engenheiros de som e produtores musicais. Em colunas passadas j\u00e1 falamos da s\u00e9rie Chris Lorde-Alge, Eddie Kramer, Manny Marroquin, Jack Joseph Puig entre outros. Se voc\u00ea perdeu, n\u00e3o deixe de conferir as revistas antigas de forma gratuita no site da Audio M\u00fasica e Tecnologia.<\/p>\n<p class=\"p2\">Desta vez, vamos ver dois plug-ins criado em parceria com Greg Wells, um para voz e outro para piano.<\/p>\n<p class=\"p1\"><b><i>Conceito: \u201cGarbage in, Garbage out\u201d<\/i><\/b><\/p>\n<p class=\"p2\">Esta frase \u00e9 muito usada no exterior, que em uma tradu\u00e7\u00e3o livre significa que, se entrar lixo, vai sair lixo.<\/p>\n<p class=\"p2\">\u00c9 um conceito que vale a pena esclarecer antes de tomar a decis\u00e3o de usar qualquer um destes plug-ins que s\u00e3o pre-programados.<\/p>\n<p class=\"p2\">Nenhum deles serve para consertar algo mal gravado e n\u00e3o podem ser vistos como \u201csalvadores da p\u00e1tria\u201d que uma das caracter\u00edsticas \u00e9 n\u00e3o tem valores radicais. Pelo contr\u00e1rio, podem at\u00e9 piorar.<\/p>\n<p class=\"p2\">Enfim, para uma grava\u00e7\u00e3o ruim, continua sendo melhor gravar de novo. Se n\u00e3o \u00e9 poss\u00edvel uma nova grava\u00e7\u00e3o, voc\u00ea vai precisar de processadores que permitam mais flexibilidade e valores mais exagerados como os equalizadores param\u00e9tricos tradicionais.<\/p>\n<p class=\"p1\"><b><i>Test drive do PianoCentric<\/i><\/b><\/p>\n<p class=\"p2\">Como o pr\u00f3prio nome diz, \u00e9 voltado para piano, que \u00e9 um instrumento muito trai\u00e7oeiro para encaixar numa mixagem de pop, rock, onde ele geralmente n\u00e3o \u00e9 o elemento principal e tem que dividir espa\u00e7o com guitarras e viol\u00f5es.<\/p>\n<p class=\"p2\">Ele \u00e9 rico em harm\u00f4nicos, resson\u00e2ncia, trabalha em toda faixa de frequ\u00eancias e se seu pianista gosta do pedal de sustain, multiplique por 10 a dificuldade.<\/p>\n<p class=\"p2\">Por outro lado, em arranjos onde o piano tem papel importante como em baladas pop, m\u00fasica instrumental etc, acontece o inverso. Muitas vezes ele n\u00e3o tem \u201ctamanho\u201d suficiente para cumprir o papel, principalmente se estivermos usando instrumentos virtuais no lugar de um piano ac\u00fastico microfonado, que seria o mais adequado para a fun\u00e7\u00e3o.<\/p>\n<p class=\"p2\">\u00c9 ai que entra o PianoCentric. Com um \u00fanico bot\u00e3o central, o usu\u00e1rio consegue regular o \u201ctamanho\u201d que este piano ocupa na mix.<\/p>\n<p class=\"p2\">Este \u00fanico bot\u00e3o est\u00e1 interagindo com compressores e equalizadores.<\/p>\n<p class=\"p2\">Nos valores iniciais, voc\u00ea tem um piano magro, sem muita presen\u00e7a e em mono, que pode ser exatamente o que voc\u00ea procura numa mixagem de pop onde ele divide o mesmo espa\u00e7o com baixo, guitarra e viol\u00e3o.<\/p>\n<p class=\"p2\">A partir da metade, frequ\u00eancias baixas e altas muito bem escolhidas come\u00e7am a aparecer, compressores come\u00e7am a estabilizar as flutua\u00e7\u00f5es de din\u00e2mica e voc\u00ea come\u00e7a a ouvir ele atuando no campo estereof\u00f4nico. Mesmo com ele no m\u00e1ximo, voc\u00ea ainda tem um som interessante, principalmente se em forma\u00e7\u00f5es pequenas, com dois ou tr\u00eas instrumentos.<\/p>\n<p class=\"p2\">Experimentei tanto em uma grava\u00e7\u00e3o de piano quanto com instrumento virtual, onde utilizei o piano gratuito que vem com o Pro Tools, Mini Grand, que n\u00e3o chega a ser ruim, mas n\u00e3o compete com instrumentos virtuais dedicados como o Plug-in Alicia\u2019s Keys da Native Instrumentos ou o Ivory, da Synthogy.<\/p>\n<p class=\"p2\">A impress\u00e3o foi das melhores. Eu realmente gostaria de ter este plug-in \u00e0 disposi\u00e7\u00e3o em outros momentos da minha vida, e tenho a sensa\u00e7\u00e3o que usaria em cada uma das faixas que mixei.<\/p>\n<p class=\"p2\">Sobre os efeitos, temos um setor de delay que n\u00e3o tem nada de bobo. Ele \u00e9 saturado levemente e tem um pouco de phaser, que \u00e9 muito bem vindo principalmente para m\u00fasica pop e rock.<\/p>\n<p class=\"p2\">Complementando o plug-in, temos o doubler, que \u00e9 funciona mais como um chorus. Novamente, os par\u00e2metros foram muito bem escolhidos e se encaixa com praticamente qualquer estilo musical.<\/p>\n<p class=\"p1\"><b><i>VoiceCentric: tudo, menos timbre<\/i><\/b><\/p>\n<p class=\"p2\">O VoiceCentric mexe menos ainda no timbre. A equaliza\u00e7\u00e3o \u00e9 muito sutil, ent\u00e3o a primeira coisa que recomendaria \u00e9 equalizar antes a voz e colocar o VoiceCentric s\u00f3 slot seguinte de inserts.<\/p>\n<p class=\"p2\">Seu bot\u00e3o principal (intensity) cuida basicamente da compress\u00e3o, algo que \u00e9 muito comum ver iniciantes com dificuldades. A vantagem \u00e9 ser um controle \u00fanico, que vai ajustando Threshold e Ratio n\u00e3o de um, mas de dois compressores, e ao mesmo tempo. Um Equalizador tamb\u00e9m vai atuando limpando um pouco os graves conforme o usu\u00e1rio come\u00e7a a exagerar nos controles.<\/p>\n<p class=\"p2\">D\u00e1 para colocar no limite, e ainda assim, n\u00e3o comprometer o timbre.<\/p>\n<p class=\"p2\">Na parte de efeitos, temos o Delay, que tem um timbre muito particular\u2026 ele funciona em est\u00e9reo, soltando repeti\u00e7\u00f5es no lado esquerdo e direito. Tamb\u00e9m \u00e9 bem saturado mas n\u00e3o chega a soar \u201csujo\u201d na mixagem, tem um passa baixa que corta as altas frequ\u00eancias a cada repeti\u00e7\u00e3o, emulando um delay de fita. \u00c9 um timbre que \u201cgruda\u201d bem na voz, sem sobras.<\/p>\n<p class=\"p2\">Eu sinceramente vejo este delay sendo utilizado em muitos outros instrumentos, pois d\u00e1 aquela sensa\u00e7\u00e3o de espa\u00e7o sem consumir tanto espa\u00e7o na mix.<\/p>\n<p class=\"p2\">O Doubler \u00e9 um efeito bem simples, mas que ganha pela praticidade. Normalmente optamos por gravar instrumentos duas vezes, e n\u00e3o exatamente dobra-los artificialmente. Mas quando esta \u00e9 a \u00fanica solu\u00e7\u00e3o, o Doubler do VoiceCentric vai funcionar muito bem, pois tem diversos processamentos acontecendo. Atrasos, afina\u00e7\u00e3o e deslocamento entre o L e R acontecem de forma diferente. Se quiser caprichar mesmo, o ideal \u00e9 fazer automa\u00e7\u00f5es aleatorias neste par\u00e2metro para ter uma dobra convincente.<\/p>\n<p class=\"p2\">A reverbera\u00e7\u00e3o \u00e9 bem simples e vale para quem tem pressa ou pouca experi\u00eancia. Nos valores iniciais \u00e9 um reverb meio cheio como um Hall mas conforme o usu\u00e1rio avan\u00e7a com o controle, a quantidade e tamanho da reverbera\u00e7\u00e3o aumenta, mas o reverb fica mais brilhante como um Plate e com pouca densidade. \u00c9 uma t\u00e1tica muito usada em mixagens onde a m\u00fasica j\u00e1 tem muitos elementos competindo entre si.<\/p>\n<p class=\"p1\"><b><i>Conclus\u00e3o<\/i><\/b><\/p>\n<p class=\"p2\">Principalmente o PianoCentric, vale muito a pena. Eu n\u00e3o sei nem contabilizar quantas tentativas frustradas eu precisava (e ainda preciso fazer) fazer para achar o \u201clocal\u201d o piano em uma mixagem.<\/p>\n<p class=\"p2\">J\u00e1 o VoiceCentric, eu vejo como um grande aliado dos iniciantes, mas n\u00e3o h\u00e1 nada que algu\u00e9m com alguma experi\u00eancia n\u00e3o possa fazer com processadores convencionais.<\/p>\n<p class=\"p2\">Ele vale pela praticidade\/conveni\u00eancia, ou seja, se eu estiver em um est\u00fadio que o VoiceCentric esteja instalado, provavelmente eu usaria, principalmente a parte da compress\u00e3o e dobra, pois s\u00e3o coisas que s\u00e3o \u201cchatas\u201d de montar as mandadas, dobrar pistas e achar os valores ideais. Isto por que voc\u00ea n\u00e3o tem nada a perder em inserir o plugin e rodar um bot\u00e3o para ver se \u00e9 o que voc\u00ea est\u00e1 procurando<\/p>\n<p class=\"p2\">Abra\u00e7os e at\u00e9 a pr\u00f3xima!<\/p>\n<p><i><a href=\"http:\/\/proclass.com.br\/home\/wp-content\/uploads\/2012\/08\/cris3x4-blog-proclass.jpg\"><img loading=\"lazy\" decoding=\"async\" class=\" size-full wp-image-1057 alignleft\" src=\"http:\/\/proclass.com.br\/home\/wp-content\/uploads\/2012\/08\/cris3x4-blog-proclass.jpg\" alt=\"cris3x4 blog proclass\" width=\"74\" height=\"99\" \/><\/a>\u00a0Cristiano Moura \u00e9 instrutor certificado oficialmente pela Avid para lecionar cursos de n\u00edvel 100, 200 e 300 em Pro Tools. Por meio da ProClass, \u00a0oferece consultoria, treinamentos\u00a0customizados al\u00e9m de cursos oficiais em Pro Tools, Mixagem e Masteriza\u00e7\u00e3o.<\/i><\/p>\n","protected":false},"excerpt":{"rendered":"<p>Artigo publicado na\u00a0Revista \u00c1udio, M\u00fasica &amp; Tecnologia.\u00a0Para conhecer mais sobre a revista,\u00a0clique aqui. \u00a0Para saber mais sobre treinamentos e certifica\u00e7\u00f5es em Pro Tools, Mixagem, Masteriza\u00e7\u00e3o e outros cursos de \u00e1udio,\u00a0clique aqui PianoCentric e VoiceCentric A Waves j\u00e1 tem um bom hist\u00f3rico na produ\u00e7\u00e3o de plug-ins em parceria com grandes engenheiros de som e produtores musicais.Continue reading &rarr;<\/p>\n","protected":false},"author":4,"featured_media":10262,"comment_status":"closed","ping_status":"closed","sticky":false,"template":"","format":"standard","meta":{"footnotes":""},"categories":[17,1070],"tags":[],"class_list":["post-10260","post","type-post","status-publish","format-standard","has-post-thumbnail","hentry","category-artigos","category-waves","has-thumb"],"yoast_head":"<!-- This site is optimized with the Yoast SEO plugin v26.9 - https:\/\/yoast.com\/product\/yoast-seo-wordpress\/ -->\n<title>Greg Wells Plug-ins - PROCLASS<\/title>\n<meta name=\"robots\" content=\"index, follow, max-snippet:-1, max-image-preview:large, max-video-preview:-1\" \/>\n<link rel=\"canonical\" href=\"https:\/\/proclass.com.br\/home\/2018\/06\/greg-wells-plug-ins\/\" \/>\n<meta property=\"og:locale\" content=\"pt_BR\" \/>\n<meta property=\"og:type\" content=\"article\" \/>\n<meta property=\"og:title\" content=\"Greg Wells Plug-ins - PROCLASS\" \/>\n<meta property=\"og:description\" content=\"Artigo publicado na\u00a0Revista \u00c1udio, M\u00fasica &amp; Tecnologia.\u00a0Para conhecer mais sobre a revista,\u00a0clique aqui. \u00a0Para saber mais sobre treinamentos e certifica\u00e7\u00f5es em Pro Tools, Mixagem, Masteriza\u00e7\u00e3o e outros cursos de \u00e1udio,\u00a0clique aqui PianoCentric e VoiceCentric A Waves j\u00e1 tem um bom hist\u00f3rico na produ\u00e7\u00e3o de plug-ins em parceria com grandes engenheiros de som e produtores musicais.Continue reading &rarr;\" \/>\n<meta property=\"og:url\" content=\"https:\/\/proclass.com.br\/home\/2018\/06\/greg-wells-plug-ins\/\" \/>\n<meta property=\"og:site_name\" content=\"PROCLASS\" \/>\n<meta property=\"article:published_time\" content=\"2018-06-29T20:25:59+00:00\" \/>\n<meta property=\"og:image\" content=\"https:\/\/proclass.com.br\/home\/wp-content\/uploads\/2018\/06\/greg-wells-voicecentric.jpg\" \/>\n\t<meta property=\"og:image:width\" content=\"656\" \/>\n\t<meta property=\"og:image:height\" content=\"373\" \/>\n\t<meta property=\"og:image:type\" content=\"image\/jpeg\" \/>\n<meta name=\"author\" content=\"ProClass Treinamentos\" \/>\n<meta name=\"twitter:card\" content=\"summary_large_image\" \/>\n<meta name=\"twitter:label1\" content=\"Escrito por\" \/>\n\t<meta name=\"twitter:data1\" content=\"ProClass Treinamentos\" \/>\n\t<meta name=\"twitter:label2\" content=\"Est. tempo de leitura\" \/>\n\t<meta name=\"twitter:data2\" content=\"6 minutos\" \/>\n<script type=\"application\/ld+json\" class=\"yoast-schema-graph\">{\"@context\":\"https:\/\/schema.org\",\"@graph\":[{\"@type\":\"Article\",\"@id\":\"https:\/\/proclass.com.br\/home\/2018\/06\/greg-wells-plug-ins\/#article\",\"isPartOf\":{\"@id\":\"https:\/\/proclass.com.br\/home\/2018\/06\/greg-wells-plug-ins\/\"},\"author\":{\"name\":\"ProClass Treinamentos\",\"@id\":\"https:\/\/proclass.com.br\/home\/#\/schema\/person\/f89e1eb93d5d32c0bb465c52f87f5a00\"},\"headline\":\"Greg Wells Plug-ins\",\"datePublished\":\"2018-06-29T20:25:59+00:00\",\"mainEntityOfPage\":{\"@id\":\"https:\/\/proclass.com.br\/home\/2018\/06\/greg-wells-plug-ins\/\"},\"wordCount\":1224,\"publisher\":{\"@id\":\"https:\/\/proclass.com.br\/home\/#organization\"},\"image\":{\"@id\":\"https:\/\/proclass.com.br\/home\/2018\/06\/greg-wells-plug-ins\/#primaryimage\"},\"thumbnailUrl\":\"https:\/\/proclass.com.br\/home\/wp-content\/uploads\/2018\/06\/greg-wells-voicecentric.jpg\",\"articleSection\":[\"Artigos\",\"Waves\"],\"inLanguage\":\"pt-BR\"},{\"@type\":\"WebPage\",\"@id\":\"https:\/\/proclass.com.br\/home\/2018\/06\/greg-wells-plug-ins\/\",\"url\":\"https:\/\/proclass.com.br\/home\/2018\/06\/greg-wells-plug-ins\/\",\"name\":\"Greg Wells Plug-ins - PROCLASS\",\"isPartOf\":{\"@id\":\"https:\/\/proclass.com.br\/home\/#website\"},\"primaryImageOfPage\":{\"@id\":\"https:\/\/proclass.com.br\/home\/2018\/06\/greg-wells-plug-ins\/#primaryimage\"},\"image\":{\"@id\":\"https:\/\/proclass.com.br\/home\/2018\/06\/greg-wells-plug-ins\/#primaryimage\"},\"thumbnailUrl\":\"https:\/\/proclass.com.br\/home\/wp-content\/uploads\/2018\/06\/greg-wells-voicecentric.jpg\",\"datePublished\":\"2018-06-29T20:25:59+00:00\",\"breadcrumb\":{\"@id\":\"https:\/\/proclass.com.br\/home\/2018\/06\/greg-wells-plug-ins\/#breadcrumb\"},\"inLanguage\":\"pt-BR\",\"potentialAction\":[{\"@type\":\"ReadAction\",\"target\":[\"https:\/\/proclass.com.br\/home\/2018\/06\/greg-wells-plug-ins\/\"]}]},{\"@type\":\"ImageObject\",\"inLanguage\":\"pt-BR\",\"@id\":\"https:\/\/proclass.com.br\/home\/2018\/06\/greg-wells-plug-ins\/#primaryimage\",\"url\":\"https:\/\/proclass.com.br\/home\/wp-content\/uploads\/2018\/06\/greg-wells-voicecentric.jpg\",\"contentUrl\":\"https:\/\/proclass.com.br\/home\/wp-content\/uploads\/2018\/06\/greg-wells-voicecentric.jpg\",\"width\":656,\"height\":373,\"caption\":\"greg-wells-voicecentric\"},{\"@type\":\"BreadcrumbList\",\"@id\":\"https:\/\/proclass.com.br\/home\/2018\/06\/greg-wells-plug-ins\/#breadcrumb\",\"itemListElement\":[{\"@type\":\"ListItem\",\"position\":1,\"name\":\"In\u00edcio\",\"item\":\"https:\/\/proclass.com.br\/home\/\"},{\"@type\":\"ListItem\",\"position\":2,\"name\":\"Greg Wells Plug-ins\"}]},{\"@type\":\"WebSite\",\"@id\":\"https:\/\/proclass.com.br\/home\/#website\",\"url\":\"https:\/\/proclass.com.br\/home\/\",\"name\":\"PROCLASS\",\"description\":\"CURSOS E TREINAMENTOS\",\"publisher\":{\"@id\":\"https:\/\/proclass.com.br\/home\/#organization\"},\"potentialAction\":[{\"@type\":\"SearchAction\",\"target\":{\"@type\":\"EntryPoint\",\"urlTemplate\":\"https:\/\/proclass.com.br\/home\/?s={search_term_string}\"},\"query-input\":{\"@type\":\"PropertyValueSpecification\",\"valueRequired\":true,\"valueName\":\"search_term_string\"}}],\"inLanguage\":\"pt-BR\"},{\"@type\":\"Organization\",\"@id\":\"https:\/\/proclass.com.br\/home\/#organization\",\"name\":\"PROCLASS\",\"url\":\"https:\/\/proclass.com.br\/home\/\",\"logo\":{\"@type\":\"ImageObject\",\"inLanguage\":\"pt-BR\",\"@id\":\"https:\/\/proclass.com.br\/home\/#\/schema\/logo\/image\/\",\"url\":\"https:\/\/proclass.com.br\/home\/wp-content\/uploads\/2023\/06\/CABECALHO-black_PROCLASS-2023.png\",\"contentUrl\":\"https:\/\/proclass.com.br\/home\/wp-content\/uploads\/2023\/06\/CABECALHO-black_PROCLASS-2023.png\",\"width\":2563,\"height\":911,\"caption\":\"PROCLASS\"},\"image\":{\"@id\":\"https:\/\/proclass.com.br\/home\/#\/schema\/logo\/image\/\"}},{\"@type\":\"Person\",\"@id\":\"https:\/\/proclass.com.br\/home\/#\/schema\/person\/f89e1eb93d5d32c0bb465c52f87f5a00\",\"name\":\"ProClass Treinamentos\",\"image\":{\"@type\":\"ImageObject\",\"inLanguage\":\"pt-BR\",\"@id\":\"https:\/\/proclass.com.br\/home\/#\/schema\/person\/image\/\",\"url\":\"https:\/\/secure.gravatar.com\/avatar\/3878d7a575c7ac355d2c778d5de04af08b7c5a7d9f19b2889f26cc7d80a6a832?s=96&d=blank&r=g\",\"contentUrl\":\"https:\/\/secure.gravatar.com\/avatar\/3878d7a575c7ac355d2c778d5de04af08b7c5a7d9f19b2889f26cc7d80a6a832?s=96&d=blank&r=g\",\"caption\":\"ProClass Treinamentos\"},\"url\":\"https:\/\/proclass.com.br\/home\/author\/proclass\/\"}]}<\/script>\n<!-- \/ Yoast SEO plugin. -->","yoast_head_json":{"title":"Greg Wells Plug-ins - PROCLASS","robots":{"index":"index","follow":"follow","max-snippet":"max-snippet:-1","max-image-preview":"max-image-preview:large","max-video-preview":"max-video-preview:-1"},"canonical":"https:\/\/proclass.com.br\/home\/2018\/06\/greg-wells-plug-ins\/","og_locale":"pt_BR","og_type":"article","og_title":"Greg Wells Plug-ins - PROCLASS","og_description":"Artigo publicado na\u00a0Revista \u00c1udio, M\u00fasica &amp; Tecnologia.\u00a0Para conhecer mais sobre a revista,\u00a0clique aqui. \u00a0Para saber mais sobre treinamentos e certifica\u00e7\u00f5es em Pro Tools, Mixagem, Masteriza\u00e7\u00e3o e outros cursos de \u00e1udio,\u00a0clique aqui PianoCentric e VoiceCentric A Waves j\u00e1 tem um bom hist\u00f3rico na produ\u00e7\u00e3o de plug-ins em parceria com grandes engenheiros de som e produtores musicais.Continue reading &rarr;","og_url":"https:\/\/proclass.com.br\/home\/2018\/06\/greg-wells-plug-ins\/","og_site_name":"PROCLASS","article_published_time":"2018-06-29T20:25:59+00:00","og_image":[{"width":656,"height":373,"url":"https:\/\/proclass.com.br\/home\/wp-content\/uploads\/2018\/06\/greg-wells-voicecentric.jpg","type":"image\/jpeg"}],"author":"ProClass Treinamentos","twitter_card":"summary_large_image","twitter_misc":{"Escrito por":"ProClass Treinamentos","Est. tempo de leitura":"6 minutos"},"schema":{"@context":"https:\/\/schema.org","@graph":[{"@type":"Article","@id":"https:\/\/proclass.com.br\/home\/2018\/06\/greg-wells-plug-ins\/#article","isPartOf":{"@id":"https:\/\/proclass.com.br\/home\/2018\/06\/greg-wells-plug-ins\/"},"author":{"name":"ProClass Treinamentos","@id":"https:\/\/proclass.com.br\/home\/#\/schema\/person\/f89e1eb93d5d32c0bb465c52f87f5a00"},"headline":"Greg Wells Plug-ins","datePublished":"2018-06-29T20:25:59+00:00","mainEntityOfPage":{"@id":"https:\/\/proclass.com.br\/home\/2018\/06\/greg-wells-plug-ins\/"},"wordCount":1224,"publisher":{"@id":"https:\/\/proclass.com.br\/home\/#organization"},"image":{"@id":"https:\/\/proclass.com.br\/home\/2018\/06\/greg-wells-plug-ins\/#primaryimage"},"thumbnailUrl":"https:\/\/proclass.com.br\/home\/wp-content\/uploads\/2018\/06\/greg-wells-voicecentric.jpg","articleSection":["Artigos","Waves"],"inLanguage":"pt-BR"},{"@type":"WebPage","@id":"https:\/\/proclass.com.br\/home\/2018\/06\/greg-wells-plug-ins\/","url":"https:\/\/proclass.com.br\/home\/2018\/06\/greg-wells-plug-ins\/","name":"Greg Wells Plug-ins - PROCLASS","isPartOf":{"@id":"https:\/\/proclass.com.br\/home\/#website"},"primaryImageOfPage":{"@id":"https:\/\/proclass.com.br\/home\/2018\/06\/greg-wells-plug-ins\/#primaryimage"},"image":{"@id":"https:\/\/proclass.com.br\/home\/2018\/06\/greg-wells-plug-ins\/#primaryimage"},"thumbnailUrl":"https:\/\/proclass.com.br\/home\/wp-content\/uploads\/2018\/06\/greg-wells-voicecentric.jpg","datePublished":"2018-06-29T20:25:59+00:00","breadcrumb":{"@id":"https:\/\/proclass.com.br\/home\/2018\/06\/greg-wells-plug-ins\/#breadcrumb"},"inLanguage":"pt-BR","potentialAction":[{"@type":"ReadAction","target":["https:\/\/proclass.com.br\/home\/2018\/06\/greg-wells-plug-ins\/"]}]},{"@type":"ImageObject","inLanguage":"pt-BR","@id":"https:\/\/proclass.com.br\/home\/2018\/06\/greg-wells-plug-ins\/#primaryimage","url":"https:\/\/proclass.com.br\/home\/wp-content\/uploads\/2018\/06\/greg-wells-voicecentric.jpg","contentUrl":"https:\/\/proclass.com.br\/home\/wp-content\/uploads\/2018\/06\/greg-wells-voicecentric.jpg","width":656,"height":373,"caption":"greg-wells-voicecentric"},{"@type":"BreadcrumbList","@id":"https:\/\/proclass.com.br\/home\/2018\/06\/greg-wells-plug-ins\/#breadcrumb","itemListElement":[{"@type":"ListItem","position":1,"name":"In\u00edcio","item":"https:\/\/proclass.com.br\/home\/"},{"@type":"ListItem","position":2,"name":"Greg Wells Plug-ins"}]},{"@type":"WebSite","@id":"https:\/\/proclass.com.br\/home\/#website","url":"https:\/\/proclass.com.br\/home\/","name":"PROCLASS","description":"CURSOS E TREINAMENTOS","publisher":{"@id":"https:\/\/proclass.com.br\/home\/#organization"},"potentialAction":[{"@type":"SearchAction","target":{"@type":"EntryPoint","urlTemplate":"https:\/\/proclass.com.br\/home\/?s={search_term_string}"},"query-input":{"@type":"PropertyValueSpecification","valueRequired":true,"valueName":"search_term_string"}}],"inLanguage":"pt-BR"},{"@type":"Organization","@id":"https:\/\/proclass.com.br\/home\/#organization","name":"PROCLASS","url":"https:\/\/proclass.com.br\/home\/","logo":{"@type":"ImageObject","inLanguage":"pt-BR","@id":"https:\/\/proclass.com.br\/home\/#\/schema\/logo\/image\/","url":"https:\/\/proclass.com.br\/home\/wp-content\/uploads\/2023\/06\/CABECALHO-black_PROCLASS-2023.png","contentUrl":"https:\/\/proclass.com.br\/home\/wp-content\/uploads\/2023\/06\/CABECALHO-black_PROCLASS-2023.png","width":2563,"height":911,"caption":"PROCLASS"},"image":{"@id":"https:\/\/proclass.com.br\/home\/#\/schema\/logo\/image\/"}},{"@type":"Person","@id":"https:\/\/proclass.com.br\/home\/#\/schema\/person\/f89e1eb93d5d32c0bb465c52f87f5a00","name":"ProClass Treinamentos","image":{"@type":"ImageObject","inLanguage":"pt-BR","@id":"https:\/\/proclass.com.br\/home\/#\/schema\/person\/image\/","url":"https:\/\/secure.gravatar.com\/avatar\/3878d7a575c7ac355d2c778d5de04af08b7c5a7d9f19b2889f26cc7d80a6a832?s=96&d=blank&r=g","contentUrl":"https:\/\/secure.gravatar.com\/avatar\/3878d7a575c7ac355d2c778d5de04af08b7c5a7d9f19b2889f26cc7d80a6a832?s=96&d=blank&r=g","caption":"ProClass Treinamentos"},"url":"https:\/\/proclass.com.br\/home\/author\/proclass\/"}]}},"_links":{"self":[{"href":"https:\/\/proclass.com.br\/home\/wp-json\/wp\/v2\/posts\/10260","targetHints":{"allow":["GET"]}}],"collection":[{"href":"https:\/\/proclass.com.br\/home\/wp-json\/wp\/v2\/posts"}],"about":[{"href":"https:\/\/proclass.com.br\/home\/wp-json\/wp\/v2\/types\/post"}],"author":[{"embeddable":true,"href":"https:\/\/proclass.com.br\/home\/wp-json\/wp\/v2\/users\/4"}],"replies":[{"embeddable":true,"href":"https:\/\/proclass.com.br\/home\/wp-json\/wp\/v2\/comments?post=10260"}],"version-history":[{"count":0,"href":"https:\/\/proclass.com.br\/home\/wp-json\/wp\/v2\/posts\/10260\/revisions"}],"wp:featuredmedia":[{"embeddable":true,"href":"https:\/\/proclass.com.br\/home\/wp-json\/wp\/v2\/media\/10262"}],"wp:attachment":[{"href":"https:\/\/proclass.com.br\/home\/wp-json\/wp\/v2\/media?parent=10260"}],"wp:term":[{"taxonomy":"category","embeddable":true,"href":"https:\/\/proclass.com.br\/home\/wp-json\/wp\/v2\/categories?post=10260"},{"taxonomy":"post_tag","embeddable":true,"href":"https:\/\/proclass.com.br\/home\/wp-json\/wp\/v2\/tags?post=10260"}],"curies":[{"name":"wp","href":"https:\/\/api.w.org\/{rel}","templated":true}]}}