{"id":10241,"date":"2018-06-29T17:15:23","date_gmt":"2018-06-29T20:15:23","guid":{"rendered":"http:\/\/proclass.com.br\/home\/?p=10241"},"modified":"2018-06-29T17:15:23","modified_gmt":"2018-06-29T20:15:23","slug":"nx-virtual-mix-room-over-headphones","status":"publish","type":"post","link":"https:\/\/proclass.com.br\/home\/2018\/06\/nx-virtual-mix-room-over-headphones\/","title":{"rendered":"NX &#8211; Virtual Mix Room over Headphones"},"content":{"rendered":"<p><a href=\"http:\/\/musitec.com.br\/\"><img decoding=\"async\" class=\" aligncenter\" title=\"Audio Musica e Tecnologia Logo\" src=\"http:\/\/proclass.com.br\/home\/wp-content\/uploads\/2012\/11\/Audio-Musica-e-Tecnologia-Logo-300x80.jpg\" alt=\"\" width=\"300\" height=\"80\" \/><\/a><\/p>\n<p class=\"p1\">Artigo publicado na\u00a0<strong>Revista \u00c1udio, M\u00fasica &amp; Tecnologia<\/strong>.\u00a0Para conhecer mais sobre a revista,\u00a0<a href=\"http:\/\/musitec.com.br\/\" target=\"_blank\" rel=\"noopener\">clique aqui.<\/a><\/p>\n<p>\u00a0Para saber mais sobre treinamentos e certifica\u00e7\u00f5es em Pro Tools, Mixagem, Masteriza\u00e7\u00e3o e outros cursos de \u00e1udio,\u00a0<a href=\"http:\/\/proclass.com.br\/home\/cursos-de-audio\/\" target=\"_blank\" rel=\"noopener\">clique aqui<\/a><\/p>\n<p class=\"p1\"><b><i>Proposta da Waves para mixagem com fones<\/i><\/b><\/p>\n<p class=\"p2\">Fone de ouvido \u00e9 um recurso que divide opini\u00f5es quando o assunto \u00e9 mixagem.<\/p>\n<p class=\"p2\">Muitos consideram inadequado por diversos motivos, entre os principais, o fato de n\u00e3o levarem em considera\u00e7\u00e3o a ac\u00fastica da sala e separa\u00e7\u00e3o \u201cperfeita demais\u201d do L e R no ouvido esquerdo e direito respectivamente.<\/p>\n<p class=\"p2\">Mais que isso, tamb\u00e9m \u00e9 comum ouvir frases como \u201cos fones mentem muito\u201d, mencionando as tecnologias e recursos utilizados para que pequenos fones de ouvido sejam capazes de reproduzir graves profundos por exemplo.<\/p>\n<p class=\"p2\">Mas a realidade \u00e9 que diversos profissionais est\u00e3o cada vez mais se vendo obrigados a realizar partes da mixagem no avi\u00e3o, hotel ou na sala de casa.<\/p>\n<p class=\"p2\">Em muitos casos, a mix foi feita em um est\u00fadio apropriado mas em cima da hora, o cliente pediu mais uma modifica\u00e7\u00e3o\u2026 \u00e9 o tipo de situa\u00e7\u00e3o que pede que voc\u00ea envie os ajustes de onde estiver.<\/p>\n<p class=\"p2\">Pensando nisso, a Waves lan\u00e7ou o plug-in NX, que promete trazer para os fones os mesmos \u201cefeitos colaterais\u201d de uma mix sendo executada em um par de caixas de som. Vamos entender mais um pouco sobre que efeitos colaterais s\u00e3o estes e como o plug-in pretende virtualizar estes efeitos.<\/p>\n<p class=\"p1\"><b><i>Conceito: o que faz e o que n\u00e3o faz o NX<\/i><\/b><\/p>\n<p class=\"p2\">Este n\u00e3o \u00e9 um processador comum, ent\u00e3o antes de come\u00e7ar, vamos entender do que estamos falando.<\/p>\n<p class=\"p2\">O NX <b>N\u00c3O<\/b> \u00e9 um plug-in de simula\u00e7\u00e3o de salas e nem uma simula\u00e7\u00e3o de caixas. A Focusrite lan\u00e7ou no passado o VRM Box, que fazia tudo isso, mas esta n\u00e3o a proposta do Waves NX.<\/p>\n<p class=\"p2\">Pense no RX apenas como um \u201ccompensador\u201d, que vai levar em conta as diferen\u00e7as ac\u00fasticas existentes entre ouvir uma m\u00fasica nos fones ou em um ambiente com monitores de \u00e1udio.<\/p>\n<p class=\"p2\">Ent\u00e3o \u00e9 importante entender que n\u00e3o h\u00e1 milagres, n\u00e3o h\u00e1 corre\u00e7\u00e3o, nem expectativas de solucionar nenhum problema.<\/p>\n<p class=\"p1\"><b><i>Diferen\u00e7a entre fones e monitores<\/i><\/b><\/p>\n<p class=\"p2\">Imagine um sinal que foi direcionado 100% para o lado esquerdo da mixagem. No fone, o sinal ser\u00e1 ouvido unicamente pelo seu ouvido esquerdo, certo?<\/p>\n<p class=\"p2\">Por\u00e9m, em um ambiente n\u00e3o \u00e9 bem assim. Em uma sala n\u00e3o h\u00e1 o mesmo n\u00edvel de isolamento, ou seja, o seu ouvido esquerdo tamb\u00e9m vai receber este som, ainda que em menor intensidade (fig. 1).<\/p>\n<div id=\"attachment_10242\" style=\"width: 1034px\" class=\"wp-caption aligncenter\"><img fetchpriority=\"high\" decoding=\"async\" aria-describedby=\"caption-attachment-10242\" class=\"size-large wp-image-10242\" src=\"http:\/\/proclass.com.br\/home\/wp-content\/uploads\/2018\/06\/fig.-1-diferenc\u0327a-e-dista\u0302ncia-entre-ouvidos.001-1024x768.jpeg\" alt=\"\" width=\"1024\" height=\"768\" srcset=\"https:\/\/proclass.com.br\/home\/wp-content\/uploads\/2018\/06\/fig.-1-diferenc\u0327a-e-dista\u0302ncia-entre-ouvidos.001.jpeg 1024w, https:\/\/proclass.com.br\/home\/wp-content\/uploads\/2018\/06\/fig.-1-diferenc\u0327a-e-dista\u0302ncia-entre-ouvidos.001-300x225.jpeg 300w, https:\/\/proclass.com.br\/home\/wp-content\/uploads\/2018\/06\/fig.-1-diferenc\u0327a-e-dista\u0302ncia-entre-ouvidos.001-768x576.jpeg 768w\" sizes=\"(max-width: 1024px) 100vw, 1024px\" \/><p id=\"caption-attachment-10242\" class=\"wp-caption-text\">fig. 1 &#8211; diferenc\u0327a e dista\u0302ncia entre ouvidos.001<\/p><\/div>\n<p class=\"p2\">Repare tamb\u00e9m que, a dist\u00e2ncia que o som da caixa esquerda tem que percorrer para atingir o ouvido direito (seta azul) \u00e9 maior do que a dist\u00e2ncia entre a caixa esquerda e o ouvido esquerdo (seta vermelha). Por conta desta diferen\u00e7a, tamb\u00e9m vai haver atraso na recep\u00e7\u00e3o e percep\u00e7\u00e3o do som por cada ouvido.<\/p>\n<p class=\"p2\">Neste momento, as observa\u00e7\u00f5es foram feitas apenas levando-se em considera\u00e7\u00e3o a distribui\u00e7\u00e3o das caixas no ambiente e a dist\u00e2ncia entre nossos ouvidos, mas ainda temos mais um elemento que vai interagir com o som, que \u00e9 a pr\u00f3pria sala.<\/p>\n<p class=\"p2\">As setas vermelhas e azuis representam o que chamamos de som direto. Por\u00e9m, o som tamb\u00e9m atinge as paredes, seu teto, o ch\u00e3o e objetos da sala, e boa parte em algum momento, vai ser refletida para seu ouvido (fig. 2). E n\u00e3o tenha d\u00favidas, o som refletido tamb\u00e9m ser\u00e1 assimilado com atraso (se comparado ao som direto), com resposta de frequ\u00eancia diferente (por conta da absor\u00e7\u00e3o das paredes) e tamb\u00e9m com diferen\u00e7a de fase.<\/p>\n<div id=\"attachment_10243\" style=\"width: 1034px\" class=\"wp-caption aligncenter\"><img decoding=\"async\" aria-describedby=\"caption-attachment-10243\" class=\"size-large wp-image-10243\" src=\"http:\/\/proclass.com.br\/home\/wp-content\/uploads\/2018\/06\/fig-2-diferenc\u0327as-e-reflexoes.001.jpeg.001-1024x768.jpeg\" alt=\"\" width=\"1024\" height=\"768\" srcset=\"https:\/\/proclass.com.br\/home\/wp-content\/uploads\/2018\/06\/fig-2-diferenc\u0327as-e-reflexoes.001.jpeg.001.jpeg 1024w, https:\/\/proclass.com.br\/home\/wp-content\/uploads\/2018\/06\/fig-2-diferenc\u0327as-e-reflexoes.001.jpeg.001-300x225.jpeg 300w, https:\/\/proclass.com.br\/home\/wp-content\/uploads\/2018\/06\/fig-2-diferenc\u0327as-e-reflexoes.001.jpeg.001-768x576.jpeg 768w\" sizes=\"(max-width: 1024px) 100vw, 1024px\" \/><p id=\"caption-attachment-10243\" class=\"wp-caption-text\">fig 2 &#8211; diferenc\u0327as e reflexoes.001.jpeg.001<\/p><\/div>\n<p class=\"p2\">Por \u00faltimo, pense no que acontece com o som quando voc\u00ea est\u00e1 de fones e vira o pesco\u00e7o\u2026 nada, pois o fones est\u00e3o colados aos seus ouvidos.<\/p>\n<p class=\"p2\">J\u00e1 com monitores, sua posi\u00e7\u00e3o vai influenciar. Mudar sua cadeira para frente ou para tr\u00e1s ou virar o pesco\u00e7o, vai influenciar na sua percep\u00e7\u00e3o. (fig. 3)<\/p>\n<div id=\"attachment_10244\" style=\"width: 1034px\" class=\"wp-caption aligncenter\"><img loading=\"lazy\" decoding=\"async\" aria-describedby=\"caption-attachment-10244\" class=\"size-large wp-image-10244\" src=\"http:\/\/proclass.com.br\/home\/wp-content\/uploads\/2018\/06\/fig-3-mudando-a-cabec\u0327a-de-lugar.001.jpeg.001-1024x768.jpeg\" alt=\"\" width=\"1024\" height=\"768\" srcset=\"https:\/\/proclass.com.br\/home\/wp-content\/uploads\/2018\/06\/fig-3-mudando-a-cabec\u0327a-de-lugar.001.jpeg.001.jpeg 1024w, https:\/\/proclass.com.br\/home\/wp-content\/uploads\/2018\/06\/fig-3-mudando-a-cabec\u0327a-de-lugar.001.jpeg.001-300x225.jpeg 300w, https:\/\/proclass.com.br\/home\/wp-content\/uploads\/2018\/06\/fig-3-mudando-a-cabec\u0327a-de-lugar.001.jpeg.001-768x576.jpeg 768w\" sizes=\"(max-width: 1024px) 100vw, 1024px\" \/><p id=\"caption-attachment-10244\" class=\"wp-caption-text\">fig 3 &#8211; mudando a cabec\u0327a de lugar.001.jpeg.001<\/p><\/div>\n<p class=\"p2\">Ent\u00e3o tenha em mente que em um ambiente, o seu ouvido esquerdo por exemplo, recebe som vindo da caixa esquerda, da caixa direita e tamb\u00e9m das reflex\u00f5es das paredes e objetos. Al\u00e9m do mais, sua posi\u00e7\u00e3o influencia sua percep\u00e7\u00e3o sonora.<\/p>\n<p class=\"p2\">E a fun\u00e7\u00e3o essencial do NX \u00e9 ent\u00e3o, virtualizar estas diferen\u00e7as. Fazer com que uma pessoa com fones tamb\u00e9m possa trabalhar como se estivesse em uma sala com monitores de \u00e1udio, se confrontando com diferen\u00e7as citadas acima.<\/p>\n<p class=\"p1\"><b><i>Como usar o NX para reproduzir estas diferen\u00e7as<\/i><\/b><\/p>\n<p class=\"p2\">O NX \u00e9 um plug-in para se inserir no master fader, no \u00faltimo insert antes de seguir para as sa\u00eddas.<\/p>\n<p class=\"p2\">Com a interface do plug-in aberta, automaticamente a Waves apresenta seu sistema de detec\u00e7\u00e3o de movimento da sua cabe\u00e7a, que atrav\u00e9s da webcam, consegue detectar seu rosto e capturar qualquer mudan\u00e7a na posi\u00e7\u00e3o dos seus ouvidos. Isto \u00e9 para resolver a quest\u00e3o dos seus movimentos com o pesco\u00e7o ou posi\u00e7\u00e3o em rela\u00e7\u00e3o as caixas.<\/p>\n<p class=\"p2\">Basta acionar na parte superior do plug-in a fun\u00e7\u00e3o \u201chead tracking\u201d, que uma janela de tracking \u00e9 aberta e voc\u00ea poder\u00e1 ver a detec\u00e7\u00e3o acontecendo em tempo real (fig. 4).<\/p>\n<div id=\"attachment_10245\" style=\"width: 1034px\" class=\"wp-caption aligncenter\"><img loading=\"lazy\" decoding=\"async\" aria-describedby=\"caption-attachment-10245\" class=\"size-large wp-image-10245\" src=\"http:\/\/proclass.com.br\/home\/wp-content\/uploads\/2018\/06\/fig.-4-detector-de-movimento-de-cabec\u0327a-1024x602.png\" alt=\"\" width=\"1024\" height=\"602\" srcset=\"https:\/\/proclass.com.br\/home\/wp-content\/uploads\/2018\/06\/fig.-4-detector-de-movimento-de-cabec\u0327a-1024x602.png 1024w, https:\/\/proclass.com.br\/home\/wp-content\/uploads\/2018\/06\/fig.-4-detector-de-movimento-de-cabec\u0327a-300x176.png 300w, https:\/\/proclass.com.br\/home\/wp-content\/uploads\/2018\/06\/fig.-4-detector-de-movimento-de-cabec\u0327a-768x452.png 768w\" sizes=\"(max-width: 1024px) 100vw, 1024px\" \/><p id=\"caption-attachment-10245\" class=\"wp-caption-text\">fig. 4 &#8211; detector de movimento de cabec\u0327a<\/p><\/div>\n<p class=\"p2\">Repare que no plug-ins seus movimentos tamb\u00e9m ser\u00e3o percebidos. E se voc\u00ea quiser a qualquer momento \u201czerar\u201d sua posi\u00e7\u00e3o, simulando estar sentado exatamente entre as duas caixas, basta pressionar o bot\u00e3o \u201csweet spot\u201d.<\/p>\n<p class=\"p2\">Tamb\u00e9m essencial inform\u00e1-lo sobre as dimens\u00f5es da sua cabe\u00e7a. \u00c9 fator determinante, pois a dist\u00e2ncia entre seus ouvidos \u00e9 usada para calcular o atraso. Isso \u00e9 feito na \u00e1rea inferior esquerda do plug-in chamada de \u201cHead Modeling\u201d.<\/p>\n<p class=\"p2\">Com uma fita m\u00e9trica, voc\u00ea vai tirar duas medidas: a primeira \u00e9 a circunfer\u00eancia da sua cabe\u00e7a na altura da sua testa (fig. 5A). Feito isso, basta digitar no campo \u201ccircumference\u201d.<\/p>\n<div id=\"attachment_10246\" style=\"width: 533px\" class=\"wp-caption aligncenter\"><img loading=\"lazy\" decoding=\"async\" aria-describedby=\"caption-attachment-10246\" class=\"size-full wp-image-10246\" src=\"http:\/\/proclass.com.br\/home\/wp-content\/uploads\/2018\/06\/fig.-5-como-fazer-as-medidas-da-sua-cabec\u0327a.png\" alt=\"\" width=\"523\" height=\"880\" srcset=\"https:\/\/proclass.com.br\/home\/wp-content\/uploads\/2018\/06\/fig.-5-como-fazer-as-medidas-da-sua-cabec\u0327a.png 523w, https:\/\/proclass.com.br\/home\/wp-content\/uploads\/2018\/06\/fig.-5-como-fazer-as-medidas-da-sua-cabec\u0327a-178x300.png 178w\" sizes=\"(max-width: 523px) 100vw, 523px\" \/><p id=\"caption-attachment-10246\" class=\"wp-caption-text\">fig. 5- como fazer as medidas da sua cabec\u0327a<\/p><\/div>\n<p class=\"p2\">A segunda medida \u00e9 entre um ouvido e outro, passando por tr\u00e1s da sua cabe\u00e7a (fig. 5B). Fa\u00e7a a medida e digite o valor no campo \u201cinter-aural arc\u201d.<\/p>\n<p class=\"p1\"><b><i>Configurando reflex\u00f5es e posi\u00e7\u00e3o das caixas<\/i><\/b><\/p>\n<p class=\"p2\">No campo \u201croom ambience\u201d, podemos emular o qu\u00e3o reflexiva \u00e9 a sala virtual e qual nossa dist\u00e2ncia em rela\u00e7\u00e3o as caixas de som.<\/p>\n<p class=\"p2\">Quanto maior o valor, mais ambi\u00eancia da sala ser\u00e1 percebida na intera\u00e7\u00e3o da sua mix.<\/p>\n<p class=\"p2\">J\u00e1 no campo Speaker Position os controles Front e Rear est\u00e3o relacionados a dist\u00e2ncia entre os monitores. A medida recomendada \u00e9 de 60 graus, mas nada impede de voc\u00ea emular uma dist\u00e2ncia um pouco mais para simular um ambiente onde as caixas est\u00e3o mais distantes entre si.<\/p>\n<p class=\"p1\"><b><i>Finalizando para entrega<\/i><\/b><\/p>\n<p class=\"p2\">Important\u00edssimo! Lembre-se de que este plug-in est\u00e1 alterando a sua mix e n\u00e3o \u00e9 isso que voc\u00ea quer, a princ\u00edpio.<\/p>\n<p class=\"p2\">Sua utilidade \u00e9 emular atrav\u00e9s de fones, como sua mix soaria em uma ambiente com caixas.<\/p>\n<p class=\"p2\">Ent\u00e3o n\u00e3o se esque\u00e7a de antes de fazer a exporta\u00e7\u00e3o\/bounce da sess\u00e3o, colocar o plug-in em bypass.<\/p>\n<p class=\"p2\">E com isso, vamos ficando por aqui! Abra\u00e7os e at\u00e9 a pr\u00f3xima!<\/p>\n<p><i><a href=\"http:\/\/proclass.com.br\/home\/wp-content\/uploads\/2012\/08\/cris3x4-blog-proclass.jpg\"><img loading=\"lazy\" decoding=\"async\" class=\" size-full wp-image-1057 alignleft\" src=\"http:\/\/proclass.com.br\/home\/wp-content\/uploads\/2012\/08\/cris3x4-blog-proclass.jpg\" alt=\"cris3x4 blog proclass\" width=\"74\" height=\"99\" \/><\/a>\u00a0Cristiano Moura \u00e9 instrutor certificado oficialmente pela Avid para lecionar cursos de n\u00edvel 100, 200 e 300 em Pro Tools. Por meio da ProClass, \u00a0oferece consultoria, treinamentos\u00a0customizados al\u00e9m de cursos oficiais em Pro Tools, Mixagem e Masteriza\u00e7\u00e3o.<\/i><\/p>\n","protected":false},"excerpt":{"rendered":"<p>Artigo publicado na\u00a0Revista \u00c1udio, M\u00fasica &amp; Tecnologia.\u00a0Para conhecer mais sobre a revista,\u00a0clique aqui. \u00a0Para saber mais sobre treinamentos e certifica\u00e7\u00f5es em Pro Tools, Mixagem, Masteriza\u00e7\u00e3o e outros cursos de \u00e1udio,\u00a0clique aqui Proposta da Waves para mixagem com fones Fone de ouvido \u00e9 um recurso que divide opini\u00f5es quando o assunto \u00e9 mixagem. Muitos consideram inadequadoContinue reading &rarr;<\/p>\n","protected":false},"author":4,"featured_media":10243,"comment_status":"closed","ping_status":"closed","sticky":false,"template":"","format":"standard","meta":{"footnotes":""},"categories":[17,1070],"tags":[],"class_list":["post-10241","post","type-post","status-publish","format-standard","has-post-thumbnail","hentry","category-artigos","category-waves","has-thumb"],"yoast_head":"<!-- This site is optimized with the Yoast SEO plugin v26.9 - https:\/\/yoast.com\/product\/yoast-seo-wordpress\/ -->\n<title>NX - Virtual Mix Room over Headphones - PROCLASS<\/title>\n<meta name=\"robots\" content=\"index, follow, max-snippet:-1, max-image-preview:large, max-video-preview:-1\" \/>\n<link rel=\"canonical\" href=\"https:\/\/proclass.com.br\/home\/2018\/06\/nx-virtual-mix-room-over-headphones\/\" \/>\n<meta property=\"og:locale\" content=\"pt_BR\" \/>\n<meta property=\"og:type\" content=\"article\" \/>\n<meta property=\"og:title\" content=\"NX - Virtual Mix Room over Headphones - PROCLASS\" \/>\n<meta property=\"og:description\" content=\"Artigo publicado na\u00a0Revista \u00c1udio, M\u00fasica &amp; Tecnologia.\u00a0Para conhecer mais sobre a revista,\u00a0clique aqui. \u00a0Para saber mais sobre treinamentos e certifica\u00e7\u00f5es em Pro Tools, Mixagem, Masteriza\u00e7\u00e3o e outros cursos de \u00e1udio,\u00a0clique aqui Proposta da Waves para mixagem com fones Fone de ouvido \u00e9 um recurso que divide opini\u00f5es quando o assunto \u00e9 mixagem. Muitos consideram inadequadoContinue reading &rarr;\" \/>\n<meta property=\"og:url\" content=\"https:\/\/proclass.com.br\/home\/2018\/06\/nx-virtual-mix-room-over-headphones\/\" \/>\n<meta property=\"og:site_name\" content=\"PROCLASS\" \/>\n<meta property=\"article:published_time\" content=\"2018-06-29T20:15:23+00:00\" \/>\n<meta property=\"og:image\" content=\"https:\/\/proclass.com.br\/home\/wp-content\/uploads\/2018\/06\/fig-2-diferenc\u0327as-e-reflexoes.001.jpeg.001.jpeg\" \/>\n\t<meta property=\"og:image:width\" content=\"1024\" \/>\n\t<meta property=\"og:image:height\" content=\"768\" \/>\n\t<meta property=\"og:image:type\" content=\"image\/jpeg\" \/>\n<meta name=\"author\" content=\"ProClass Treinamentos\" \/>\n<meta name=\"twitter:card\" content=\"summary_large_image\" \/>\n<meta name=\"twitter:label1\" content=\"Escrito por\" \/>\n\t<meta name=\"twitter:data1\" content=\"ProClass Treinamentos\" \/>\n\t<meta name=\"twitter:label2\" content=\"Est. tempo de leitura\" \/>\n\t<meta name=\"twitter:data2\" content=\"7 minutos\" \/>\n<script type=\"application\/ld+json\" class=\"yoast-schema-graph\">{\"@context\":\"https:\/\/schema.org\",\"@graph\":[{\"@type\":\"Article\",\"@id\":\"https:\/\/proclass.com.br\/home\/2018\/06\/nx-virtual-mix-room-over-headphones\/#article\",\"isPartOf\":{\"@id\":\"https:\/\/proclass.com.br\/home\/2018\/06\/nx-virtual-mix-room-over-headphones\/\"},\"author\":{\"name\":\"ProClass Treinamentos\",\"@id\":\"https:\/\/proclass.com.br\/home\/#\/schema\/person\/f89e1eb93d5d32c0bb465c52f87f5a00\"},\"headline\":\"NX &#8211; Virtual Mix Room over Headphones\",\"datePublished\":\"2018-06-29T20:15:23+00:00\",\"mainEntityOfPage\":{\"@id\":\"https:\/\/proclass.com.br\/home\/2018\/06\/nx-virtual-mix-room-over-headphones\/\"},\"wordCount\":1330,\"publisher\":{\"@id\":\"https:\/\/proclass.com.br\/home\/#organization\"},\"image\":{\"@id\":\"https:\/\/proclass.com.br\/home\/2018\/06\/nx-virtual-mix-room-over-headphones\/#primaryimage\"},\"thumbnailUrl\":\"https:\/\/proclass.com.br\/home\/wp-content\/uploads\/2018\/06\/fig-2-diferenc\u0327as-e-reflexoes.001.jpeg.001.jpeg\",\"articleSection\":[\"Artigos\",\"Waves\"],\"inLanguage\":\"pt-BR\"},{\"@type\":\"WebPage\",\"@id\":\"https:\/\/proclass.com.br\/home\/2018\/06\/nx-virtual-mix-room-over-headphones\/\",\"url\":\"https:\/\/proclass.com.br\/home\/2018\/06\/nx-virtual-mix-room-over-headphones\/\",\"name\":\"NX - Virtual Mix Room over Headphones - PROCLASS\",\"isPartOf\":{\"@id\":\"https:\/\/proclass.com.br\/home\/#website\"},\"primaryImageOfPage\":{\"@id\":\"https:\/\/proclass.com.br\/home\/2018\/06\/nx-virtual-mix-room-over-headphones\/#primaryimage\"},\"image\":{\"@id\":\"https:\/\/proclass.com.br\/home\/2018\/06\/nx-virtual-mix-room-over-headphones\/#primaryimage\"},\"thumbnailUrl\":\"https:\/\/proclass.com.br\/home\/wp-content\/uploads\/2018\/06\/fig-2-diferenc\u0327as-e-reflexoes.001.jpeg.001.jpeg\",\"datePublished\":\"2018-06-29T20:15:23+00:00\",\"breadcrumb\":{\"@id\":\"https:\/\/proclass.com.br\/home\/2018\/06\/nx-virtual-mix-room-over-headphones\/#breadcrumb\"},\"inLanguage\":\"pt-BR\",\"potentialAction\":[{\"@type\":\"ReadAction\",\"target\":[\"https:\/\/proclass.com.br\/home\/2018\/06\/nx-virtual-mix-room-over-headphones\/\"]}]},{\"@type\":\"ImageObject\",\"inLanguage\":\"pt-BR\",\"@id\":\"https:\/\/proclass.com.br\/home\/2018\/06\/nx-virtual-mix-room-over-headphones\/#primaryimage\",\"url\":\"https:\/\/proclass.com.br\/home\/wp-content\/uploads\/2018\/06\/fig-2-diferenc\u0327as-e-reflexoes.001.jpeg.001.jpeg\",\"contentUrl\":\"https:\/\/proclass.com.br\/home\/wp-content\/uploads\/2018\/06\/fig-2-diferenc\u0327as-e-reflexoes.001.jpeg.001.jpeg\",\"width\":1024,\"height\":768,\"caption\":\"fig 2 - diferenc\u0327as e reflexoes.001.jpeg.001\"},{\"@type\":\"BreadcrumbList\",\"@id\":\"https:\/\/proclass.com.br\/home\/2018\/06\/nx-virtual-mix-room-over-headphones\/#breadcrumb\",\"itemListElement\":[{\"@type\":\"ListItem\",\"position\":1,\"name\":\"In\u00edcio\",\"item\":\"https:\/\/proclass.com.br\/home\/\"},{\"@type\":\"ListItem\",\"position\":2,\"name\":\"NX &#8211; Virtual Mix Room over Headphones\"}]},{\"@type\":\"WebSite\",\"@id\":\"https:\/\/proclass.com.br\/home\/#website\",\"url\":\"https:\/\/proclass.com.br\/home\/\",\"name\":\"PROCLASS\",\"description\":\"CURSOS E TREINAMENTOS\",\"publisher\":{\"@id\":\"https:\/\/proclass.com.br\/home\/#organization\"},\"potentialAction\":[{\"@type\":\"SearchAction\",\"target\":{\"@type\":\"EntryPoint\",\"urlTemplate\":\"https:\/\/proclass.com.br\/home\/?s={search_term_string}\"},\"query-input\":{\"@type\":\"PropertyValueSpecification\",\"valueRequired\":true,\"valueName\":\"search_term_string\"}}],\"inLanguage\":\"pt-BR\"},{\"@type\":\"Organization\",\"@id\":\"https:\/\/proclass.com.br\/home\/#organization\",\"name\":\"PROCLASS\",\"url\":\"https:\/\/proclass.com.br\/home\/\",\"logo\":{\"@type\":\"ImageObject\",\"inLanguage\":\"pt-BR\",\"@id\":\"https:\/\/proclass.com.br\/home\/#\/schema\/logo\/image\/\",\"url\":\"https:\/\/proclass.com.br\/home\/wp-content\/uploads\/2023\/06\/CABECALHO-black_PROCLASS-2023.png\",\"contentUrl\":\"https:\/\/proclass.com.br\/home\/wp-content\/uploads\/2023\/06\/CABECALHO-black_PROCLASS-2023.png\",\"width\":2563,\"height\":911,\"caption\":\"PROCLASS\"},\"image\":{\"@id\":\"https:\/\/proclass.com.br\/home\/#\/schema\/logo\/image\/\"}},{\"@type\":\"Person\",\"@id\":\"https:\/\/proclass.com.br\/home\/#\/schema\/person\/f89e1eb93d5d32c0bb465c52f87f5a00\",\"name\":\"ProClass Treinamentos\",\"image\":{\"@type\":\"ImageObject\",\"inLanguage\":\"pt-BR\",\"@id\":\"https:\/\/proclass.com.br\/home\/#\/schema\/person\/image\/\",\"url\":\"https:\/\/secure.gravatar.com\/avatar\/3878d7a575c7ac355d2c778d5de04af08b7c5a7d9f19b2889f26cc7d80a6a832?s=96&d=blank&r=g\",\"contentUrl\":\"https:\/\/secure.gravatar.com\/avatar\/3878d7a575c7ac355d2c778d5de04af08b7c5a7d9f19b2889f26cc7d80a6a832?s=96&d=blank&r=g\",\"caption\":\"ProClass Treinamentos\"},\"url\":\"https:\/\/proclass.com.br\/home\/author\/proclass\/\"}]}<\/script>\n<!-- \/ Yoast SEO plugin. -->","yoast_head_json":{"title":"NX - Virtual Mix Room over Headphones - PROCLASS","robots":{"index":"index","follow":"follow","max-snippet":"max-snippet:-1","max-image-preview":"max-image-preview:large","max-video-preview":"max-video-preview:-1"},"canonical":"https:\/\/proclass.com.br\/home\/2018\/06\/nx-virtual-mix-room-over-headphones\/","og_locale":"pt_BR","og_type":"article","og_title":"NX - Virtual Mix Room over Headphones - PROCLASS","og_description":"Artigo publicado na\u00a0Revista \u00c1udio, M\u00fasica &amp; Tecnologia.\u00a0Para conhecer mais sobre a revista,\u00a0clique aqui. \u00a0Para saber mais sobre treinamentos e certifica\u00e7\u00f5es em Pro Tools, Mixagem, Masteriza\u00e7\u00e3o e outros cursos de \u00e1udio,\u00a0clique aqui Proposta da Waves para mixagem com fones Fone de ouvido \u00e9 um recurso que divide opini\u00f5es quando o assunto \u00e9 mixagem. Muitos consideram inadequadoContinue reading &rarr;","og_url":"https:\/\/proclass.com.br\/home\/2018\/06\/nx-virtual-mix-room-over-headphones\/","og_site_name":"PROCLASS","article_published_time":"2018-06-29T20:15:23+00:00","og_image":[{"width":1024,"height":768,"url":"https:\/\/proclass.com.br\/home\/wp-content\/uploads\/2018\/06\/fig-2-diferenc\u0327as-e-reflexoes.001.jpeg.001.jpeg","type":"image\/jpeg"}],"author":"ProClass Treinamentos","twitter_card":"summary_large_image","twitter_misc":{"Escrito por":"ProClass Treinamentos","Est. tempo de leitura":"7 minutos"},"schema":{"@context":"https:\/\/schema.org","@graph":[{"@type":"Article","@id":"https:\/\/proclass.com.br\/home\/2018\/06\/nx-virtual-mix-room-over-headphones\/#article","isPartOf":{"@id":"https:\/\/proclass.com.br\/home\/2018\/06\/nx-virtual-mix-room-over-headphones\/"},"author":{"name":"ProClass Treinamentos","@id":"https:\/\/proclass.com.br\/home\/#\/schema\/person\/f89e1eb93d5d32c0bb465c52f87f5a00"},"headline":"NX &#8211; Virtual Mix Room over Headphones","datePublished":"2018-06-29T20:15:23+00:00","mainEntityOfPage":{"@id":"https:\/\/proclass.com.br\/home\/2018\/06\/nx-virtual-mix-room-over-headphones\/"},"wordCount":1330,"publisher":{"@id":"https:\/\/proclass.com.br\/home\/#organization"},"image":{"@id":"https:\/\/proclass.com.br\/home\/2018\/06\/nx-virtual-mix-room-over-headphones\/#primaryimage"},"thumbnailUrl":"https:\/\/proclass.com.br\/home\/wp-content\/uploads\/2018\/06\/fig-2-diferenc\u0327as-e-reflexoes.001.jpeg.001.jpeg","articleSection":["Artigos","Waves"],"inLanguage":"pt-BR"},{"@type":"WebPage","@id":"https:\/\/proclass.com.br\/home\/2018\/06\/nx-virtual-mix-room-over-headphones\/","url":"https:\/\/proclass.com.br\/home\/2018\/06\/nx-virtual-mix-room-over-headphones\/","name":"NX - Virtual Mix Room over Headphones - PROCLASS","isPartOf":{"@id":"https:\/\/proclass.com.br\/home\/#website"},"primaryImageOfPage":{"@id":"https:\/\/proclass.com.br\/home\/2018\/06\/nx-virtual-mix-room-over-headphones\/#primaryimage"},"image":{"@id":"https:\/\/proclass.com.br\/home\/2018\/06\/nx-virtual-mix-room-over-headphones\/#primaryimage"},"thumbnailUrl":"https:\/\/proclass.com.br\/home\/wp-content\/uploads\/2018\/06\/fig-2-diferenc\u0327as-e-reflexoes.001.jpeg.001.jpeg","datePublished":"2018-06-29T20:15:23+00:00","breadcrumb":{"@id":"https:\/\/proclass.com.br\/home\/2018\/06\/nx-virtual-mix-room-over-headphones\/#breadcrumb"},"inLanguage":"pt-BR","potentialAction":[{"@type":"ReadAction","target":["https:\/\/proclass.com.br\/home\/2018\/06\/nx-virtual-mix-room-over-headphones\/"]}]},{"@type":"ImageObject","inLanguage":"pt-BR","@id":"https:\/\/proclass.com.br\/home\/2018\/06\/nx-virtual-mix-room-over-headphones\/#primaryimage","url":"https:\/\/proclass.com.br\/home\/wp-content\/uploads\/2018\/06\/fig-2-diferenc\u0327as-e-reflexoes.001.jpeg.001.jpeg","contentUrl":"https:\/\/proclass.com.br\/home\/wp-content\/uploads\/2018\/06\/fig-2-diferenc\u0327as-e-reflexoes.001.jpeg.001.jpeg","width":1024,"height":768,"caption":"fig 2 - diferenc\u0327as e reflexoes.001.jpeg.001"},{"@type":"BreadcrumbList","@id":"https:\/\/proclass.com.br\/home\/2018\/06\/nx-virtual-mix-room-over-headphones\/#breadcrumb","itemListElement":[{"@type":"ListItem","position":1,"name":"In\u00edcio","item":"https:\/\/proclass.com.br\/home\/"},{"@type":"ListItem","position":2,"name":"NX &#8211; Virtual Mix Room over Headphones"}]},{"@type":"WebSite","@id":"https:\/\/proclass.com.br\/home\/#website","url":"https:\/\/proclass.com.br\/home\/","name":"PROCLASS","description":"CURSOS E TREINAMENTOS","publisher":{"@id":"https:\/\/proclass.com.br\/home\/#organization"},"potentialAction":[{"@type":"SearchAction","target":{"@type":"EntryPoint","urlTemplate":"https:\/\/proclass.com.br\/home\/?s={search_term_string}"},"query-input":{"@type":"PropertyValueSpecification","valueRequired":true,"valueName":"search_term_string"}}],"inLanguage":"pt-BR"},{"@type":"Organization","@id":"https:\/\/proclass.com.br\/home\/#organization","name":"PROCLASS","url":"https:\/\/proclass.com.br\/home\/","logo":{"@type":"ImageObject","inLanguage":"pt-BR","@id":"https:\/\/proclass.com.br\/home\/#\/schema\/logo\/image\/","url":"https:\/\/proclass.com.br\/home\/wp-content\/uploads\/2023\/06\/CABECALHO-black_PROCLASS-2023.png","contentUrl":"https:\/\/proclass.com.br\/home\/wp-content\/uploads\/2023\/06\/CABECALHO-black_PROCLASS-2023.png","width":2563,"height":911,"caption":"PROCLASS"},"image":{"@id":"https:\/\/proclass.com.br\/home\/#\/schema\/logo\/image\/"}},{"@type":"Person","@id":"https:\/\/proclass.com.br\/home\/#\/schema\/person\/f89e1eb93d5d32c0bb465c52f87f5a00","name":"ProClass Treinamentos","image":{"@type":"ImageObject","inLanguage":"pt-BR","@id":"https:\/\/proclass.com.br\/home\/#\/schema\/person\/image\/","url":"https:\/\/secure.gravatar.com\/avatar\/3878d7a575c7ac355d2c778d5de04af08b7c5a7d9f19b2889f26cc7d80a6a832?s=96&d=blank&r=g","contentUrl":"https:\/\/secure.gravatar.com\/avatar\/3878d7a575c7ac355d2c778d5de04af08b7c5a7d9f19b2889f26cc7d80a6a832?s=96&d=blank&r=g","caption":"ProClass Treinamentos"},"url":"https:\/\/proclass.com.br\/home\/author\/proclass\/"}]}},"_links":{"self":[{"href":"https:\/\/proclass.com.br\/home\/wp-json\/wp\/v2\/posts\/10241","targetHints":{"allow":["GET"]}}],"collection":[{"href":"https:\/\/proclass.com.br\/home\/wp-json\/wp\/v2\/posts"}],"about":[{"href":"https:\/\/proclass.com.br\/home\/wp-json\/wp\/v2\/types\/post"}],"author":[{"embeddable":true,"href":"https:\/\/proclass.com.br\/home\/wp-json\/wp\/v2\/users\/4"}],"replies":[{"embeddable":true,"href":"https:\/\/proclass.com.br\/home\/wp-json\/wp\/v2\/comments?post=10241"}],"version-history":[{"count":0,"href":"https:\/\/proclass.com.br\/home\/wp-json\/wp\/v2\/posts\/10241\/revisions"}],"wp:featuredmedia":[{"embeddable":true,"href":"https:\/\/proclass.com.br\/home\/wp-json\/wp\/v2\/media\/10243"}],"wp:attachment":[{"href":"https:\/\/proclass.com.br\/home\/wp-json\/wp\/v2\/media?parent=10241"}],"wp:term":[{"taxonomy":"category","embeddable":true,"href":"https:\/\/proclass.com.br\/home\/wp-json\/wp\/v2\/categories?post=10241"},{"taxonomy":"post_tag","embeddable":true,"href":"https:\/\/proclass.com.br\/home\/wp-json\/wp\/v2\/tags?post=10241"}],"curies":[{"name":"wp","href":"https:\/\/api.w.org\/{rel}","templated":true}]}}