{"id":10235,"date":"2018-06-29T17:02:13","date_gmt":"2018-06-29T20:02:13","guid":{"rendered":"http:\/\/proclass.com.br\/home\/?p=10235"},"modified":"2018-06-29T17:02:13","modified_gmt":"2018-06-29T20:02:13","slug":"waves-butch-vig-vocals","status":"publish","type":"post","link":"https:\/\/proclass.com.br\/home\/2018\/06\/waves-butch-vig-vocals\/","title":{"rendered":"Waves Butch Vig vocals"},"content":{"rendered":"<p><a href=\"http:\/\/musitec.com.br\/\"><img decoding=\"async\" class=\" aligncenter\" title=\"Audio Musica e Tecnologia Logo\" src=\"http:\/\/proclass.com.br\/home\/wp-content\/uploads\/2012\/11\/Audio-Musica-e-Tecnologia-Logo-300x80.jpg\" alt=\"\" width=\"300\" height=\"80\" \/><\/a><\/p>\n<p class=\"p1\">Artigo publicado na\u00a0<strong>Revista \u00c1udio, M\u00fasica &amp; Tecnologia<\/strong>.\u00a0Para conhecer mais sobre a revista,\u00a0<a href=\"http:\/\/musitec.com.br\/\" target=\"_blank\" rel=\"noopener\">clique aqui.<\/a><\/p>\n<p>\u00a0Para saber mais sobre treinamentos e certifica\u00e7\u00f5es em Pro Tools, Mixagem, Masteriza\u00e7\u00e3o e outros cursos de \u00e1udio,\u00a0<a href=\"http:\/\/proclass.com.br\/home\/cursos-de-audio\/\" target=\"_blank\" rel=\"noopener\">clique aqui<\/a><\/p>\n<p class=\"p1\"><b><i>O plug-in 5 em 1 modelado para voz, mas \u00fatil para muito mais<\/i><\/b><\/p>\n<p class=\"p2\">A parceria da Waves com o lend\u00e1rio produtor Butch Vig j\u00e1 tem alguns anos, e novamente fizeram um excelente trabalho, que simplifica a vida para quem esta come\u00e7ando, mas tamb\u00e9m n\u00e3o deve ser menosprezado pelos profissionais.<\/p>\n<p class=\"p2\">Neste artigo, vamos dar uma olhada no Butch Vig Vocals.<\/p>\n<p class=\"p1\"><b><i>Estrutura do sinal do plug-in<\/i><\/b><\/p>\n<p class=\"p2\">Como mencionado no subt\u00edtulo, n\u00e3o se trata de um processador \u00fanico. \u00c9 um multiprocessador, com par\u00e2metros pr\u00e9 estabelecidos e direcionados para voz.<\/p>\n<p class=\"p2\">Seu fluxo de sinal \u00e9 bem interessante (fig. 1), por\u00e9m n\u00e3o muito intuitivo olhando pela interface. Vamos primeiro conhecer o fluxo, para depois pensar em como utiliz\u00e1-lo a nosso favor.<\/p>\n<div id=\"attachment_10236\" style=\"width: 1034px\" class=\"wp-caption aligncenter\"><img fetchpriority=\"high\" decoding=\"async\" aria-describedby=\"caption-attachment-10236\" class=\"size-large wp-image-10236\" src=\"http:\/\/proclass.com.br\/home\/wp-content\/uploads\/2018\/06\/fig.-1-Fluxo-sinal-Butch-Vig-Vocals-1024x576.jpeg\" alt=\"\" width=\"1024\" height=\"576\" srcset=\"https:\/\/proclass.com.br\/home\/wp-content\/uploads\/2018\/06\/fig.-1-Fluxo-sinal-Butch-Vig-Vocals-1024x576.jpeg 1024w, https:\/\/proclass.com.br\/home\/wp-content\/uploads\/2018\/06\/fig.-1-Fluxo-sinal-Butch-Vig-Vocals-300x169.jpeg 300w, https:\/\/proclass.com.br\/home\/wp-content\/uploads\/2018\/06\/fig.-1-Fluxo-sinal-Butch-Vig-Vocals-768x432.jpeg 768w, https:\/\/proclass.com.br\/home\/wp-content\/uploads\/2018\/06\/fig.-1-Fluxo-sinal-Butch-Vig-Vocals.jpeg 1920w\" sizes=\"(max-width: 1024px) 100vw, 1024px\" \/><p id=\"caption-attachment-10236\" class=\"wp-caption-text\">fig. 1 &#8211; Fluxo sinal Butch Vig Vocals<\/p><\/div>\n<p class=\"p2\">Ap\u00f3s a regulagem do input, o sinal segue pelos filtros passa baixa e passa alta e al\u00e9m do par\u00e2metro MID DIP (Fig. 2A), que \u00e9 um filtro peaking, regulado com atenua\u00e7\u00e3o de \u20136.5dB.<\/p>\n<div id=\"attachment_10237\" style=\"width: 745px\" class=\"wp-caption aligncenter\"><img decoding=\"async\" aria-describedby=\"caption-attachment-10237\" class=\"size-full wp-image-10237\" src=\"http:\/\/proclass.com.br\/home\/wp-content\/uploads\/2018\/06\/fig.-2-Principais-componentes.jpg\" alt=\"\" width=\"735\" height=\"595\" srcset=\"https:\/\/proclass.com.br\/home\/wp-content\/uploads\/2018\/06\/fig.-2-Principais-componentes.jpg 735w, https:\/\/proclass.com.br\/home\/wp-content\/uploads\/2018\/06\/fig.-2-Principais-componentes-300x243.jpg 300w\" sizes=\"(max-width: 735px) 100vw, 735px\" \/><p id=\"caption-attachment-10237\" class=\"wp-caption-text\">fig. 2 &#8211; Principais componentes<\/p><\/div>\n<p class=\"p2\">Ap\u00f3s estes cortes, o sinal segue para a \u00e1rea de processamento de din\u00e2mica. Primeiro o de-esser, e em seguida o compressor (Fig. 2B).<\/p>\n<p class=\"p2\">Depois da compress\u00e3o, o sinal volta para a se\u00e7\u00e3o de equaliza\u00e7\u00e3o, desta vez processados pelos controles low, presence e air (Fig. 2C).<\/p>\n<p class=\"p2\">O ciclo de processamentos em s\u00e9rie termina por aqui, mas ainda h\u00e1 outros processamentos que acontecem em paralelo.<\/p>\n<p class=\"p2\">Entra em campo o setor de satura\u00e7\u00e3o (Fig. 2D), onde temos um controle que emula a satura\u00e7\u00e3o de v\u00e1lvula, e outro que emula a satura\u00e7\u00e3o de transistor (Solid state). Para limpar um pouco a satura\u00e7\u00e3o, tamb\u00e9m foram incorporados outros filtros passa baixa e passa alta.<\/p>\n<p class=\"p2\">Tamb\u00e9m em paralelo, encontramos o controle \u201cfocus\u201d (Fig. 2E), que internamente trabalha como um compressor multibanda j\u00e1 pre regulado para comprimir e depois dar ganho em busca de \u00eanfase. O usu\u00e1rio apenas escolhe se quer o processamento centralizado em torno de 1khz ou 2khz.<\/p>\n<p class=\"p1\"><b><i>Organizando o pensamento para configurar<\/i><\/b><\/p>\n<p class=\"p2\">Quando voc\u00ea pega um processador comum para usar, existem centenas de maneiras de trabalhar, quais par\u00e2metros escolher primeiro, quais deixar por \u00faltimo.<\/p>\n<p class=\"p2\">Mas se voc\u00ea vai partir para uma solu\u00e7\u00e3o destas, desenvolvidas em torno da linha de pensamento espec\u00edfica, \u00e9 legal saber mais sobre como ele foi projetado incialmente. A melhor parte disto, \u00e9 que voc\u00ea acaba tamb\u00e9m aprendendo muito sobre mixagem, e os mesmos conceitos poder\u00e3o ser aplicados em qualquer outra combina\u00e7\u00e3o de processadores.<\/p>\n<p class=\"p2\">Grande parte dos mixadores concordam que, \u00e9 melhor come\u00e7ar fazendo cortes, retirando excessos ou \u00e1reas que n\u00e3o interessam.<\/p>\n<p class=\"p2\">E \u00e9 por este motivo, que o no Butch Vig Vocals, temos os filtros atuando logo no primeiro est\u00e1gio do sinal.<\/p>\n<p class=\"p2\">Na maioria das vozes, n\u00e3o h\u00e1 muita informa\u00e7\u00e3o abaixo de 80Hz, e mesmo que tenha, nem sempre \u00e9 necess\u00e1rio ou desej\u00e1vel manter. Ent\u00e3o o primeiro par\u00e2metro a ajustar \u00e9 LoCUT passa alta. Quando voz come\u00e7ar a perder corpo, \u00e9 hora de parar.<\/p>\n<p class=\"p2\">O mesmo conceito vale para o HiCUT, por\u00e9m seja bem mais cuidadoso para n\u00e3o exagerar.<\/p>\n<p class=\"p2\">O controle MidDIP est\u00e1 fixo em \u20136.5dB, e pode ser usado em dois casos: primeiro, para amenizar os m\u00e9dio-graves, que em excesso, embolam e tiram defini\u00e7\u00e3o. Geralmente est\u00e3o situados em torno de 250 a 600Hz.<\/p>\n<p class=\"p2\">Uma segunda situa\u00e7\u00e3o, para casos em que voc\u00ea esteja processando uma voz muito \u201canasalada\u201d. \u00c9 poss\u00edvel amenizar ajustando o MidDIP entre 700Hz e 1kHz.<\/p>\n<p class=\"p2\">Com o sinal devidamente filtrado, v\u00e1 seguindo o fluxo de sinal.<\/p>\n<p class=\"p2\">O pr\u00f3ximo processador \u00e9 o De-esser, que cuida da sibil\u00e2ncia. S\u00f3 para esclarecer, a sibil\u00e2ncia \u00e9 uma caracter\u00edstica comum de muitas pessoas, que tem o \u201cS\u201d ou o \u201cCh\u201d muito pronunciado. \u00c9 algo que excesso, pode se tornar irritante.<\/p>\n<p class=\"p2\">Importante: o De-esser do Butch Vig Vocals j\u00e1 est\u00e1 fixo para atuar em 6kHz, que nem sempre vai ser o ideal. Experimente a vontade, mas n\u00e3o descarte a possibilidade de usar um De-esser separado.<\/p>\n<p class=\"p2\">Ap\u00f3s o De-Esser, \u00e9 hora de partir para a compress\u00e3o. Segundo o pr\u00f3prio Butch Vig, este compressor foi emulado com as caracter\u00edsticas do TLA 100 e 1176, mas o que vale mesmo \u00e9 entender os efeitos pr\u00e1ticos.<\/p>\n<p class=\"p2\">Apesar do usu\u00e1rio acessar apenas um controle, na verdade v\u00e1rios par\u00e2metros est\u00e3o mudando ao mesmo tempo. Usando valores baixos, ele \u00e9 bem sutil, como se o ratio tivesse ajustado em 2:1 ou similar.<\/p>\n<p class=\"p2\">A partir da metade, tudo fica mais intenso, tanto o Ratio quanto as caracter\u00edsticas timbr\u00edsticas come\u00e7am a ficar mais aparentes.<\/p>\n<p class=\"p2\">Para saber o quanto est\u00e1 comprimindo (Gain Reduction), \u00e9 preciso configurar os medidores para a posi\u00e7\u00e3o GR (fig. 3).<\/p>\n<div id=\"attachment_10238\" style=\"width: 745px\" class=\"wp-caption aligncenter\"><img loading=\"lazy\" decoding=\"async\" aria-describedby=\"caption-attachment-10238\" class=\"size-full wp-image-10238\" src=\"http:\/\/proclass.com.br\/home\/wp-content\/uploads\/2018\/06\/Fig.-3-Meter-ajustado-para-visualizar-o-Gain-Reduction.jpg\" alt=\"\" width=\"735\" height=\"595\" srcset=\"https:\/\/proclass.com.br\/home\/wp-content\/uploads\/2018\/06\/Fig.-3-Meter-ajustado-para-visualizar-o-Gain-Reduction.jpg 735w, https:\/\/proclass.com.br\/home\/wp-content\/uploads\/2018\/06\/Fig.-3-Meter-ajustado-para-visualizar-o-Gain-Reduction-300x243.jpg 300w\" sizes=\"(max-width: 735px) 100vw, 735px\" \/><p id=\"caption-attachment-10238\" class=\"wp-caption-text\">Fig. 3 &#8211; Meter ajustado para visualizar o Gain Reduction<\/p><\/div>\n<p class=\"p2\">Agora vamos partir para o ajuste final, que s\u00e3o os equalizadores. Vamos as informa\u00e7\u00f5es t\u00e9cnicas: o controle Low, est\u00e1 ajustado em 250Hz, o Presence em 3kHz e o Air em 15kHz.<\/p>\n<p class=\"p2\">Estes tr\u00eas controles visam terminar de esculpir o \u201calicerce\u201d do seu timbre. \u00c9 muito comum, ap\u00f3s a compress\u00e3o, precisarmos de um novo equalizador, e estas tr\u00eas faixas de frequ\u00eancias s\u00e3o de fato, as que v\u00e3o funcionam em 99% dos casos, tanto para cortar, quanto para dar ganho.<\/p>\n<p class=\"p2\">Por fim, vale mencionar o Led \u201csensitivity\u201d (Fig. 4), para garantir que seu sinal esteja bem equilibrado para o melhor desempenho do plug-in.<\/p>\n<div id=\"attachment_10239\" style=\"width: 745px\" class=\"wp-caption aligncenter\"><img loading=\"lazy\" decoding=\"async\" aria-describedby=\"caption-attachment-10239\" class=\"size-full wp-image-10239\" src=\"http:\/\/proclass.com.br\/home\/wp-content\/uploads\/2018\/06\/fig.-4-Medidor-de-entrada.jpg\" alt=\"\" width=\"735\" height=\"595\" srcset=\"https:\/\/proclass.com.br\/home\/wp-content\/uploads\/2018\/06\/fig.-4-Medidor-de-entrada.jpg 735w, https:\/\/proclass.com.br\/home\/wp-content\/uploads\/2018\/06\/fig.-4-Medidor-de-entrada-300x243.jpg 300w\" sizes=\"(max-width: 735px) 100vw, 735px\" \/><p id=\"caption-attachment-10239\" class=\"wp-caption-text\">fig. 4 &#8211; Medidor de entrada<\/p><\/div>\n<p class=\"p2\">O ideal \u00e9 o LED permanecer a maior parte poss\u00edvel no amarelo. Use o controle \u201cInput\u201d para compensar caso o sinal esteja muito baixo ou muito alto.<\/p>\n<p class=\"p1\"><b><i>Focus e Saturation &#8211; o toque final<\/i><\/b><\/p>\n<p class=\"p2\">Como visto no fluxo de sinal, O output \u00e9 o encontro tr\u00eas sinais, e at\u00e9 agora vimos apenas o primeiro, que vem dos processadores em s\u00e9rie, onde o \u00faltimo, \u00e9 o equalizador.<\/p>\n<p class=\"p2\">Em paralelo, temos mais dois componentes.<\/p>\n<p class=\"p2\">A \u00e1rea de satura\u00e7\u00e3o \u00e9 bem interessante, pois foi constru\u00edda com duas op\u00e7\u00f5es. As nomenclaturas s\u00e3o sugestivas (Tube e Solid State), mas sinceramente, n\u00e3o gosto muito desta abordagem por conta da pol\u00eamica em torno da intepreta\u00e7\u00e3o. Muita gente simplesmente associa \u201ctube\u201d com algo bom, e solid state como algo ruim e ai \u00e9 que mora o perigo.<\/p>\n<p class=\"p2\">Eu acho que devemos carregar menos preconceito e imediatismo, portanto prefiro que se concentrem de acordo com a caracter\u00edstica sonora e n\u00e3o com o componente.<\/p>\n<p class=\"p2\">Para um som mais \u201crasgado\u201d, use o controle Tube. Para um som mais \u201cardido\u201d, prefira o controle Solid State.<\/p>\n<p class=\"p2\">Ainda com rela\u00e7\u00e3o a satura\u00e7\u00e3o, voc\u00ea vai reparar que em certas faixas de frequ\u00eancias, a satura\u00e7\u00e3o cai bem, mas em outros casos, fica extremamente exagerada ou desagrad\u00e1vel. E \u00e9 ai que entra o segundo par de filtros.<\/p>\n<p class=\"p2\">Por exemplo, \u00e9 comum a satura\u00e7\u00e3o estar suave na \u00e1rea m\u00e9dia, onde a voz tem mais destaque, por\u00e9m estar exagerada nos na regi\u00e3o m\u00e9dio-grave. Use ent\u00e3o o controle LoCUT para filtrar os graves.<\/p>\n<p class=\"p2\">O inverso vai fatalmente acontecer ao saturar usando o controle Solid State. Quando eu chamei de \u201cardido\u201d, \u00e9 porque de fato ele pode ficar muito estridente nas frequ\u00eancias mais altas. Ent\u00e3o o HiCUT \u00e9 muito bem vindo em conjunto com a satura\u00e7\u00e3o Solid State.<\/p>\n<p class=\"p2\">O \u00faltimo, por\u00e9m um dos recursos que eu mais gostei \u00e9 o Focus. Podemos e encar\u00e1-lo como um compressor que atua apenas na regi\u00e3o m\u00e9dia. Ele vem com duas pr\u00e9-configura\u00e7\u00f5es, 1kHz ou 2kHz.<\/p>\n<p class=\"p2\">\u00c9 nesta regi\u00e3o que a voz tem maior inteligibilidade, ou seja, a voz chama mais aten\u00e7\u00e3o e o que est\u00e1 sendo dito se torna mais claro.<\/p>\n<p class=\"p2\">O Focus estabiliza a informa\u00e7\u00e3o em uma das duas \u00e1reas e amplifica levemente. O resultado \u00e9 extremamente \u00fatil, principalmente em m\u00fasicas com arranjo muito denso ou em estilos como rock e pop, onde a voz n\u00e3o pode ficar muito alta, mas precisa de alguma maneira \u201catravessar\u201d uma parede de guitarras.<\/p>\n<p class=\"p1\"><b><i>Partindo para outras possibilidades<\/i><\/b><\/p>\n<p class=\"p2\">N\u00e3o gosto de pensar que estou usando um \u201cplug-in para voz\u201d. Ele pode at\u00e9 ter sido \u201cotimizado\u201d para voz, mas n\u00e3o necessariamente ele s\u00f3 serve para voz.<\/p>\n<p class=\"p2\">Como sempre fa\u00e7o com todos os plug-ins deste estilo, testei tamb\u00e9m em outros instrumentos e como sempre, tive \u00f3timas supresas!<\/p>\n<p class=\"p2\">Em especial com os controles de satura\u00e7\u00e3o e Focus, funcionam incrivelmente bem com guitarras, caixa, sintetizadores, hammond e rhodes. Recomendo a todos, fazerem seus pr\u00f3ximos experimentos e tenho certeza que v\u00e3o descobrir muitas outras utilidades para este plug-in.<\/p>\n<p class=\"p2\">Abra\u00e7os e at\u00e9 a pr\u00f3xima!<\/p>\n<p><i><a href=\"http:\/\/proclass.com.br\/home\/wp-content\/uploads\/2012\/08\/cris3x4-blog-proclass.jpg\"><img loading=\"lazy\" decoding=\"async\" class=\" size-full wp-image-1057 alignleft\" src=\"http:\/\/proclass.com.br\/home\/wp-content\/uploads\/2012\/08\/cris3x4-blog-proclass.jpg\" alt=\"cris3x4 blog proclass\" width=\"74\" height=\"99\" \/><\/a>\u00a0Cristiano Moura \u00e9 instrutor certificado oficialmente pela Avid para lecionar cursos de n\u00edvel 100, 200 e 300 em Pro Tools. Por meio da ProClass, \u00a0oferece consultoria, treinamentos\u00a0customizados al\u00e9m de cursos oficiais em Pro Tools, Mixagem e Masteriza\u00e7\u00e3o.<\/i><\/p>\n","protected":false},"excerpt":{"rendered":"<p>Artigo publicado na\u00a0Revista \u00c1udio, M\u00fasica &amp; Tecnologia.\u00a0Para conhecer mais sobre a revista,\u00a0clique aqui. \u00a0Para saber mais sobre treinamentos e certifica\u00e7\u00f5es em Pro Tools, Mixagem, Masteriza\u00e7\u00e3o e outros cursos de \u00e1udio,\u00a0clique aqui O plug-in 5 em 1 modelado para voz, mas \u00fatil para muito mais A parceria da Waves com o lend\u00e1rio produtor Butch Vig j\u00e1Continue reading &rarr;<\/p>\n","protected":false},"author":4,"featured_media":10237,"comment_status":"closed","ping_status":"closed","sticky":false,"template":"","format":"standard","meta":{"footnotes":""},"categories":[17,1070],"tags":[],"class_list":["post-10235","post","type-post","status-publish","format-standard","has-post-thumbnail","hentry","category-artigos","category-waves","has-thumb"],"yoast_head":"<!-- This site is optimized with the Yoast SEO plugin v26.9 - https:\/\/yoast.com\/product\/yoast-seo-wordpress\/ -->\n<title>Waves Butch Vig vocals - PROCLASS<\/title>\n<meta name=\"robots\" content=\"index, follow, max-snippet:-1, max-image-preview:large, max-video-preview:-1\" \/>\n<link rel=\"canonical\" href=\"https:\/\/proclass.com.br\/home\/2018\/06\/waves-butch-vig-vocals\/\" \/>\n<meta property=\"og:locale\" content=\"pt_BR\" \/>\n<meta property=\"og:type\" content=\"article\" \/>\n<meta property=\"og:title\" content=\"Waves Butch Vig vocals - PROCLASS\" \/>\n<meta property=\"og:description\" content=\"Artigo publicado na\u00a0Revista \u00c1udio, M\u00fasica &amp; Tecnologia.\u00a0Para conhecer mais sobre a revista,\u00a0clique aqui. \u00a0Para saber mais sobre treinamentos e certifica\u00e7\u00f5es em Pro Tools, Mixagem, Masteriza\u00e7\u00e3o e outros cursos de \u00e1udio,\u00a0clique aqui O plug-in 5 em 1 modelado para voz, mas \u00fatil para muito mais A parceria da Waves com o lend\u00e1rio produtor Butch Vig j\u00e1Continue reading &rarr;\" \/>\n<meta property=\"og:url\" content=\"https:\/\/proclass.com.br\/home\/2018\/06\/waves-butch-vig-vocals\/\" \/>\n<meta property=\"og:site_name\" content=\"PROCLASS\" \/>\n<meta property=\"article:published_time\" content=\"2018-06-29T20:02:13+00:00\" \/>\n<meta property=\"og:image\" content=\"https:\/\/proclass.com.br\/home\/wp-content\/uploads\/2018\/06\/fig.-2-Principais-componentes.jpg\" \/>\n\t<meta property=\"og:image:width\" content=\"735\" \/>\n\t<meta property=\"og:image:height\" content=\"595\" \/>\n\t<meta property=\"og:image:type\" content=\"image\/jpeg\" \/>\n<meta name=\"author\" content=\"ProClass Treinamentos\" \/>\n<meta name=\"twitter:card\" content=\"summary_large_image\" \/>\n<meta name=\"twitter:label1\" content=\"Escrito por\" \/>\n\t<meta name=\"twitter:data1\" content=\"ProClass Treinamentos\" \/>\n\t<meta name=\"twitter:label2\" content=\"Est. tempo de leitura\" \/>\n\t<meta name=\"twitter:data2\" content=\"8 minutos\" \/>\n<script type=\"application\/ld+json\" class=\"yoast-schema-graph\">{\"@context\":\"https:\/\/schema.org\",\"@graph\":[{\"@type\":\"Article\",\"@id\":\"https:\/\/proclass.com.br\/home\/2018\/06\/waves-butch-vig-vocals\/#article\",\"isPartOf\":{\"@id\":\"https:\/\/proclass.com.br\/home\/2018\/06\/waves-butch-vig-vocals\/\"},\"author\":{\"name\":\"ProClass Treinamentos\",\"@id\":\"https:\/\/proclass.com.br\/home\/#\/schema\/person\/f89e1eb93d5d32c0bb465c52f87f5a00\"},\"headline\":\"Waves Butch Vig vocals\",\"datePublished\":\"2018-06-29T20:02:13+00:00\",\"mainEntityOfPage\":{\"@id\":\"https:\/\/proclass.com.br\/home\/2018\/06\/waves-butch-vig-vocals\/\"},\"wordCount\":1536,\"publisher\":{\"@id\":\"https:\/\/proclass.com.br\/home\/#organization\"},\"image\":{\"@id\":\"https:\/\/proclass.com.br\/home\/2018\/06\/waves-butch-vig-vocals\/#primaryimage\"},\"thumbnailUrl\":\"https:\/\/proclass.com.br\/home\/wp-content\/uploads\/2018\/06\/fig.-2-Principais-componentes.jpg\",\"articleSection\":[\"Artigos\",\"Waves\"],\"inLanguage\":\"pt-BR\"},{\"@type\":\"WebPage\",\"@id\":\"https:\/\/proclass.com.br\/home\/2018\/06\/waves-butch-vig-vocals\/\",\"url\":\"https:\/\/proclass.com.br\/home\/2018\/06\/waves-butch-vig-vocals\/\",\"name\":\"Waves Butch Vig vocals - PROCLASS\",\"isPartOf\":{\"@id\":\"https:\/\/proclass.com.br\/home\/#website\"},\"primaryImageOfPage\":{\"@id\":\"https:\/\/proclass.com.br\/home\/2018\/06\/waves-butch-vig-vocals\/#primaryimage\"},\"image\":{\"@id\":\"https:\/\/proclass.com.br\/home\/2018\/06\/waves-butch-vig-vocals\/#primaryimage\"},\"thumbnailUrl\":\"https:\/\/proclass.com.br\/home\/wp-content\/uploads\/2018\/06\/fig.-2-Principais-componentes.jpg\",\"datePublished\":\"2018-06-29T20:02:13+00:00\",\"breadcrumb\":{\"@id\":\"https:\/\/proclass.com.br\/home\/2018\/06\/waves-butch-vig-vocals\/#breadcrumb\"},\"inLanguage\":\"pt-BR\",\"potentialAction\":[{\"@type\":\"ReadAction\",\"target\":[\"https:\/\/proclass.com.br\/home\/2018\/06\/waves-butch-vig-vocals\/\"]}]},{\"@type\":\"ImageObject\",\"inLanguage\":\"pt-BR\",\"@id\":\"https:\/\/proclass.com.br\/home\/2018\/06\/waves-butch-vig-vocals\/#primaryimage\",\"url\":\"https:\/\/proclass.com.br\/home\/wp-content\/uploads\/2018\/06\/fig.-2-Principais-componentes.jpg\",\"contentUrl\":\"https:\/\/proclass.com.br\/home\/wp-content\/uploads\/2018\/06\/fig.-2-Principais-componentes.jpg\",\"width\":735,\"height\":595,\"caption\":\"fig. 2 - Principais componentes\"},{\"@type\":\"BreadcrumbList\",\"@id\":\"https:\/\/proclass.com.br\/home\/2018\/06\/waves-butch-vig-vocals\/#breadcrumb\",\"itemListElement\":[{\"@type\":\"ListItem\",\"position\":1,\"name\":\"In\u00edcio\",\"item\":\"https:\/\/proclass.com.br\/home\/\"},{\"@type\":\"ListItem\",\"position\":2,\"name\":\"Waves Butch Vig vocals\"}]},{\"@type\":\"WebSite\",\"@id\":\"https:\/\/proclass.com.br\/home\/#website\",\"url\":\"https:\/\/proclass.com.br\/home\/\",\"name\":\"PROCLASS\",\"description\":\"CURSOS E TREINAMENTOS\",\"publisher\":{\"@id\":\"https:\/\/proclass.com.br\/home\/#organization\"},\"potentialAction\":[{\"@type\":\"SearchAction\",\"target\":{\"@type\":\"EntryPoint\",\"urlTemplate\":\"https:\/\/proclass.com.br\/home\/?s={search_term_string}\"},\"query-input\":{\"@type\":\"PropertyValueSpecification\",\"valueRequired\":true,\"valueName\":\"search_term_string\"}}],\"inLanguage\":\"pt-BR\"},{\"@type\":\"Organization\",\"@id\":\"https:\/\/proclass.com.br\/home\/#organization\",\"name\":\"PROCLASS\",\"url\":\"https:\/\/proclass.com.br\/home\/\",\"logo\":{\"@type\":\"ImageObject\",\"inLanguage\":\"pt-BR\",\"@id\":\"https:\/\/proclass.com.br\/home\/#\/schema\/logo\/image\/\",\"url\":\"https:\/\/proclass.com.br\/home\/wp-content\/uploads\/2023\/06\/CABECALHO-black_PROCLASS-2023.png\",\"contentUrl\":\"https:\/\/proclass.com.br\/home\/wp-content\/uploads\/2023\/06\/CABECALHO-black_PROCLASS-2023.png\",\"width\":2563,\"height\":911,\"caption\":\"PROCLASS\"},\"image\":{\"@id\":\"https:\/\/proclass.com.br\/home\/#\/schema\/logo\/image\/\"}},{\"@type\":\"Person\",\"@id\":\"https:\/\/proclass.com.br\/home\/#\/schema\/person\/f89e1eb93d5d32c0bb465c52f87f5a00\",\"name\":\"ProClass Treinamentos\",\"image\":{\"@type\":\"ImageObject\",\"inLanguage\":\"pt-BR\",\"@id\":\"https:\/\/proclass.com.br\/home\/#\/schema\/person\/image\/\",\"url\":\"https:\/\/secure.gravatar.com\/avatar\/3878d7a575c7ac355d2c778d5de04af08b7c5a7d9f19b2889f26cc7d80a6a832?s=96&d=blank&r=g\",\"contentUrl\":\"https:\/\/secure.gravatar.com\/avatar\/3878d7a575c7ac355d2c778d5de04af08b7c5a7d9f19b2889f26cc7d80a6a832?s=96&d=blank&r=g\",\"caption\":\"ProClass Treinamentos\"},\"url\":\"https:\/\/proclass.com.br\/home\/author\/proclass\/\"}]}<\/script>\n<!-- \/ Yoast SEO plugin. -->","yoast_head_json":{"title":"Waves Butch Vig vocals - PROCLASS","robots":{"index":"index","follow":"follow","max-snippet":"max-snippet:-1","max-image-preview":"max-image-preview:large","max-video-preview":"max-video-preview:-1"},"canonical":"https:\/\/proclass.com.br\/home\/2018\/06\/waves-butch-vig-vocals\/","og_locale":"pt_BR","og_type":"article","og_title":"Waves Butch Vig vocals - PROCLASS","og_description":"Artigo publicado na\u00a0Revista \u00c1udio, M\u00fasica &amp; Tecnologia.\u00a0Para conhecer mais sobre a revista,\u00a0clique aqui. \u00a0Para saber mais sobre treinamentos e certifica\u00e7\u00f5es em Pro Tools, Mixagem, Masteriza\u00e7\u00e3o e outros cursos de \u00e1udio,\u00a0clique aqui O plug-in 5 em 1 modelado para voz, mas \u00fatil para muito mais A parceria da Waves com o lend\u00e1rio produtor Butch Vig j\u00e1Continue reading &rarr;","og_url":"https:\/\/proclass.com.br\/home\/2018\/06\/waves-butch-vig-vocals\/","og_site_name":"PROCLASS","article_published_time":"2018-06-29T20:02:13+00:00","og_image":[{"width":735,"height":595,"url":"https:\/\/proclass.com.br\/home\/wp-content\/uploads\/2018\/06\/fig.-2-Principais-componentes.jpg","type":"image\/jpeg"}],"author":"ProClass Treinamentos","twitter_card":"summary_large_image","twitter_misc":{"Escrito por":"ProClass Treinamentos","Est. tempo de leitura":"8 minutos"},"schema":{"@context":"https:\/\/schema.org","@graph":[{"@type":"Article","@id":"https:\/\/proclass.com.br\/home\/2018\/06\/waves-butch-vig-vocals\/#article","isPartOf":{"@id":"https:\/\/proclass.com.br\/home\/2018\/06\/waves-butch-vig-vocals\/"},"author":{"name":"ProClass Treinamentos","@id":"https:\/\/proclass.com.br\/home\/#\/schema\/person\/f89e1eb93d5d32c0bb465c52f87f5a00"},"headline":"Waves Butch Vig vocals","datePublished":"2018-06-29T20:02:13+00:00","mainEntityOfPage":{"@id":"https:\/\/proclass.com.br\/home\/2018\/06\/waves-butch-vig-vocals\/"},"wordCount":1536,"publisher":{"@id":"https:\/\/proclass.com.br\/home\/#organization"},"image":{"@id":"https:\/\/proclass.com.br\/home\/2018\/06\/waves-butch-vig-vocals\/#primaryimage"},"thumbnailUrl":"https:\/\/proclass.com.br\/home\/wp-content\/uploads\/2018\/06\/fig.-2-Principais-componentes.jpg","articleSection":["Artigos","Waves"],"inLanguage":"pt-BR"},{"@type":"WebPage","@id":"https:\/\/proclass.com.br\/home\/2018\/06\/waves-butch-vig-vocals\/","url":"https:\/\/proclass.com.br\/home\/2018\/06\/waves-butch-vig-vocals\/","name":"Waves Butch Vig vocals - PROCLASS","isPartOf":{"@id":"https:\/\/proclass.com.br\/home\/#website"},"primaryImageOfPage":{"@id":"https:\/\/proclass.com.br\/home\/2018\/06\/waves-butch-vig-vocals\/#primaryimage"},"image":{"@id":"https:\/\/proclass.com.br\/home\/2018\/06\/waves-butch-vig-vocals\/#primaryimage"},"thumbnailUrl":"https:\/\/proclass.com.br\/home\/wp-content\/uploads\/2018\/06\/fig.-2-Principais-componentes.jpg","datePublished":"2018-06-29T20:02:13+00:00","breadcrumb":{"@id":"https:\/\/proclass.com.br\/home\/2018\/06\/waves-butch-vig-vocals\/#breadcrumb"},"inLanguage":"pt-BR","potentialAction":[{"@type":"ReadAction","target":["https:\/\/proclass.com.br\/home\/2018\/06\/waves-butch-vig-vocals\/"]}]},{"@type":"ImageObject","inLanguage":"pt-BR","@id":"https:\/\/proclass.com.br\/home\/2018\/06\/waves-butch-vig-vocals\/#primaryimage","url":"https:\/\/proclass.com.br\/home\/wp-content\/uploads\/2018\/06\/fig.-2-Principais-componentes.jpg","contentUrl":"https:\/\/proclass.com.br\/home\/wp-content\/uploads\/2018\/06\/fig.-2-Principais-componentes.jpg","width":735,"height":595,"caption":"fig. 2 - Principais componentes"},{"@type":"BreadcrumbList","@id":"https:\/\/proclass.com.br\/home\/2018\/06\/waves-butch-vig-vocals\/#breadcrumb","itemListElement":[{"@type":"ListItem","position":1,"name":"In\u00edcio","item":"https:\/\/proclass.com.br\/home\/"},{"@type":"ListItem","position":2,"name":"Waves Butch Vig vocals"}]},{"@type":"WebSite","@id":"https:\/\/proclass.com.br\/home\/#website","url":"https:\/\/proclass.com.br\/home\/","name":"PROCLASS","description":"CURSOS E TREINAMENTOS","publisher":{"@id":"https:\/\/proclass.com.br\/home\/#organization"},"potentialAction":[{"@type":"SearchAction","target":{"@type":"EntryPoint","urlTemplate":"https:\/\/proclass.com.br\/home\/?s={search_term_string}"},"query-input":{"@type":"PropertyValueSpecification","valueRequired":true,"valueName":"search_term_string"}}],"inLanguage":"pt-BR"},{"@type":"Organization","@id":"https:\/\/proclass.com.br\/home\/#organization","name":"PROCLASS","url":"https:\/\/proclass.com.br\/home\/","logo":{"@type":"ImageObject","inLanguage":"pt-BR","@id":"https:\/\/proclass.com.br\/home\/#\/schema\/logo\/image\/","url":"https:\/\/proclass.com.br\/home\/wp-content\/uploads\/2023\/06\/CABECALHO-black_PROCLASS-2023.png","contentUrl":"https:\/\/proclass.com.br\/home\/wp-content\/uploads\/2023\/06\/CABECALHO-black_PROCLASS-2023.png","width":2563,"height":911,"caption":"PROCLASS"},"image":{"@id":"https:\/\/proclass.com.br\/home\/#\/schema\/logo\/image\/"}},{"@type":"Person","@id":"https:\/\/proclass.com.br\/home\/#\/schema\/person\/f89e1eb93d5d32c0bb465c52f87f5a00","name":"ProClass Treinamentos","image":{"@type":"ImageObject","inLanguage":"pt-BR","@id":"https:\/\/proclass.com.br\/home\/#\/schema\/person\/image\/","url":"https:\/\/secure.gravatar.com\/avatar\/3878d7a575c7ac355d2c778d5de04af08b7c5a7d9f19b2889f26cc7d80a6a832?s=96&d=blank&r=g","contentUrl":"https:\/\/secure.gravatar.com\/avatar\/3878d7a575c7ac355d2c778d5de04af08b7c5a7d9f19b2889f26cc7d80a6a832?s=96&d=blank&r=g","caption":"ProClass Treinamentos"},"url":"https:\/\/proclass.com.br\/home\/author\/proclass\/"}]}},"_links":{"self":[{"href":"https:\/\/proclass.com.br\/home\/wp-json\/wp\/v2\/posts\/10235","targetHints":{"allow":["GET"]}}],"collection":[{"href":"https:\/\/proclass.com.br\/home\/wp-json\/wp\/v2\/posts"}],"about":[{"href":"https:\/\/proclass.com.br\/home\/wp-json\/wp\/v2\/types\/post"}],"author":[{"embeddable":true,"href":"https:\/\/proclass.com.br\/home\/wp-json\/wp\/v2\/users\/4"}],"replies":[{"embeddable":true,"href":"https:\/\/proclass.com.br\/home\/wp-json\/wp\/v2\/comments?post=10235"}],"version-history":[{"count":0,"href":"https:\/\/proclass.com.br\/home\/wp-json\/wp\/v2\/posts\/10235\/revisions"}],"wp:featuredmedia":[{"embeddable":true,"href":"https:\/\/proclass.com.br\/home\/wp-json\/wp\/v2\/media\/10237"}],"wp:attachment":[{"href":"https:\/\/proclass.com.br\/home\/wp-json\/wp\/v2\/media?parent=10235"}],"wp:term":[{"taxonomy":"category","embeddable":true,"href":"https:\/\/proclass.com.br\/home\/wp-json\/wp\/v2\/categories?post=10235"},{"taxonomy":"post_tag","embeddable":true,"href":"https:\/\/proclass.com.br\/home\/wp-json\/wp\/v2\/tags?post=10235"}],"curies":[{"name":"wp","href":"https:\/\/api.w.org\/{rel}","templated":true}]}}