{"id":10228,"date":"2018-06-29T16:58:41","date_gmt":"2018-06-29T19:58:41","guid":{"rendered":"http:\/\/proclass.com.br\/home\/?p=10228"},"modified":"2018-06-29T16:58:41","modified_gmt":"2018-06-29T19:58:41","slug":"scheps-parallel-particles","status":"publish","type":"post","link":"https:\/\/proclass.com.br\/home\/2018\/06\/scheps-parallel-particles\/","title":{"rendered":"Scheps Parallel Particles"},"content":{"rendered":"<p><a href=\"http:\/\/musitec.com.br\/\"><img decoding=\"async\" class=\" aligncenter\" title=\"Audio Musica e Tecnologia Logo\" src=\"http:\/\/proclass.com.br\/home\/wp-content\/uploads\/2012\/11\/Audio-Musica-e-Tecnologia-Logo-300x80.jpg\" alt=\"\" width=\"300\" height=\"80\" \/><\/a><\/p>\n<p class=\"p1\">Artigo publicado na\u00a0<strong>Revista \u00c1udio, M\u00fasica &amp; Tecnologia<\/strong>.\u00a0Para conhecer mais sobre a revista,\u00a0<a href=\"http:\/\/musitec.com.br\/\" target=\"_blank\" rel=\"noopener\">clique aqui.<\/a><\/p>\n<p>\u00a0Para saber mais sobre treinamentos e certifica\u00e7\u00f5es em Pro Tools, Mixagem, Masteriza\u00e7\u00e3o e outros cursos de \u00e1udio,\u00a0<a href=\"http:\/\/proclass.com.br\/home\/cursos-de-audio\/\" target=\"_blank\" rel=\"noopener\">clique aqui<\/a><\/p>\n<p class=\"p1\"><b><i>Pense pouco e experimente muito<\/i><\/b><\/p>\n<p class=\"p2\">A Waves assumiu de vez esta abordagem, de poucos controles, menos termos t\u00e9cnicos e uso de nomes consagrados da ind\u00fastria para ajudar a esculpir os processamentos de seus plug-ins.<\/p>\n<p class=\"p2\">Andrew Scheps (fig. 1) tem no seu curr\u00edculo mixagens para artistas como Metallica, Adele, Red Hot Chili Peppers entre outros e ajudou a Waves a definir os par\u00e2metros e ajustes. Ele menciona que \u00e9 um plug-in pensado mais em \u201catitude e emo\u00e7\u00e3o\u201d do que em par\u00e2metros t\u00e9cnicos.<\/p>\n<div id=\"attachment_10229\" style=\"width: 535px\" class=\"wp-caption aligncenter\"><img fetchpriority=\"high\" decoding=\"async\" aria-describedby=\"caption-attachment-10229\" class=\" wp-image-10229\" src=\"http:\/\/proclass.com.br\/home\/wp-content\/uploads\/2018\/06\/fig.-1-andrew-scheps-1024x683.jpg\" alt=\"\" width=\"525\" height=\"350\" srcset=\"https:\/\/proclass.com.br\/home\/wp-content\/uploads\/2018\/06\/fig.-1-andrew-scheps-1024x683.jpg 1024w, https:\/\/proclass.com.br\/home\/wp-content\/uploads\/2018\/06\/fig.-1-andrew-scheps-300x200.jpg 300w, https:\/\/proclass.com.br\/home\/wp-content\/uploads\/2018\/06\/fig.-1-andrew-scheps-768x512.jpg 768w, https:\/\/proclass.com.br\/home\/wp-content\/uploads\/2018\/06\/fig.-1-andrew-scheps-272x182.jpg 272w\" sizes=\"(max-width: 525px) 100vw, 525px\" \/><p id=\"caption-attachment-10229\" class=\"wp-caption-text\">fig. 1 &#8211; andrew scheps<\/p><\/div>\n<p class=\"p2\">Descontando o marketing em torno desta afirma\u00e7\u00e3o, de fato, de todos os plug-ins da Waves que abordamos aqui, o Parallel Particles \u00e9 o plug-in que menos informa\u00e7\u00f5es t\u00e9cnicas foram entregues pelo fabricante.<\/p>\n<p class=\"p2\">\u00c9 um plug-in que n\u00e3o \u201ccorrige\u201d nem \u201csalva\u201d nada. A id\u00e9ia \u00e9 tentar somar, seja harm\u00f4nicos ou distor\u00e7\u00e3o ao sinal, para trazer uma identidade em um instrumento que est\u00e1 sem vida.<\/p>\n<p class=\"p2\">Fiz alguns testes, ent\u00e3o vamos mais a fundo para entender um pouco mais sobre o Scheps Parallel Particles.<\/p>\n<p class=\"p1\"><b><i>Entendendo a estrutura dos processamentos<\/i><\/b><\/p>\n<p class=\"p2\">O Scheps Parallel Particles (fig. 2) \u00e9 composto por 4 elementos. Vamos primeiro entender o Air e Sub. Para quem gosta de linguagem mais t\u00e9cnica, estes s\u00e3o harmonic exciters, ou seja, recriam artificialmente frequ\u00eancias e parciais que n\u00e3o est\u00e3o originalmente no sinal. Ou seja, ajuda a enriquecer o timbre com harm\u00f4nicos, tanto nas baixas frequ\u00eancias (sub) como nas altas frequ\u00eancias (air).<\/p>\n<div id=\"attachment_10230\" style=\"width: 612px\" class=\"wp-caption aligncenter\"><img decoding=\"async\" aria-describedby=\"caption-attachment-10230\" class=\"size-full wp-image-10230\" src=\"http:\/\/proclass.com.br\/home\/wp-content\/uploads\/2018\/06\/Fig.-2-Scheps-parallel-particles.jpg\" alt=\"\" width=\"602\" height=\"600\" srcset=\"https:\/\/proclass.com.br\/home\/wp-content\/uploads\/2018\/06\/Fig.-2-Scheps-parallel-particles.jpg 602w, https:\/\/proclass.com.br\/home\/wp-content\/uploads\/2018\/06\/Fig.-2-Scheps-parallel-particles-150x150.jpg 150w, https:\/\/proclass.com.br\/home\/wp-content\/uploads\/2018\/06\/Fig.-2-Scheps-parallel-particles-300x300.jpg 300w\" sizes=\"(max-width: 602px) 100vw, 602px\" \/><p id=\"caption-attachment-10230\" class=\"wp-caption-text\">Fig. 2 &#8211; Scheps parallel particles<\/p><\/div>\n<p class=\"p2\">Para quem \u00e9 mais \u201cantigo\u201d ou j\u00e1 teve oportunidade trabalhar em algum est\u00fadio com hardwares, pode tra\u00e7ar um paralelo com o BBE Sonic Maximizer (fig. 3) ou o Aphex Aural Exciter (fig. 4).<\/p>\n<div id=\"attachment_10231\" style=\"width: 1034px\" class=\"wp-caption aligncenter\"><img loading=\"lazy\" decoding=\"async\" aria-describedby=\"caption-attachment-10231\" class=\"size-large wp-image-10231\" src=\"http:\/\/proclass.com.br\/home\/wp-content\/uploads\/2018\/06\/fig.-3-BBE-Sonic-Maximizer-segundo-modelo-1024x326.jpg\" alt=\"\" width=\"1024\" height=\"326\" srcset=\"https:\/\/proclass.com.br\/home\/wp-content\/uploads\/2018\/06\/fig.-3-BBE-Sonic-Maximizer-segundo-modelo-1024x326.jpg 1024w, https:\/\/proclass.com.br\/home\/wp-content\/uploads\/2018\/06\/fig.-3-BBE-Sonic-Maximizer-segundo-modelo-300x96.jpg 300w, https:\/\/proclass.com.br\/home\/wp-content\/uploads\/2018\/06\/fig.-3-BBE-Sonic-Maximizer-segundo-modelo-768x245.jpg 768w, https:\/\/proclass.com.br\/home\/wp-content\/uploads\/2018\/06\/fig.-3-BBE-Sonic-Maximizer-segundo-modelo.jpg 2018w\" sizes=\"(max-width: 1024px) 100vw, 1024px\" \/><p id=\"caption-attachment-10231\" class=\"wp-caption-text\">fig. 3 &#8211; BBE Sonic Maximizer &#8211; segundo modelo<\/p><\/div>\n<p>&nbsp;<\/p>\n<div id=\"attachment_10232\" style=\"width: 492px\" class=\"wp-caption aligncenter\"><img loading=\"lazy\" decoding=\"async\" aria-describedby=\"caption-attachment-10232\" class=\"size-full wp-image-10232\" src=\"http:\/\/proclass.com.br\/home\/wp-content\/uploads\/2018\/06\/fig.-4-Aphex-Aural-Exciter-primeiro-modelo.jpg\" alt=\"\" width=\"482\" height=\"210\" srcset=\"https:\/\/proclass.com.br\/home\/wp-content\/uploads\/2018\/06\/fig.-4-Aphex-Aural-Exciter-primeiro-modelo.jpg 482w, https:\/\/proclass.com.br\/home\/wp-content\/uploads\/2018\/06\/fig.-4-Aphex-Aural-Exciter-primeiro-modelo-300x131.jpg 300w\" sizes=\"(max-width: 482px) 100vw, 482px\" \/><p id=\"caption-attachment-10232\" class=\"wp-caption-text\">fig. 4 &#8211; Aphex Aural Exciter &#8211; primeiro modelo<\/p><\/div>\n<p class=\"p2\">Os outros dois elementos s\u00e3o o Bite e Thick. Cada um deles, pode ser encarado como um \u00fanico controle que regula tr\u00eas processamentos: equaliza\u00e7\u00e3o, compress\u00e3o e distor\u00e7\u00e3o. Sendo o Bite \u00e9 mais agressivo na distor\u00e7\u00e3o nas m\u00e9dia-altas enquanto o Thick limpa os m\u00e9dio-graves com equaliza\u00e7\u00e3o enquanto tenta destacar os graves.<\/p>\n<p class=\"p1\"><b><i>Preparando o terreno para usar<\/i><\/b><\/p>\n<p class=\"p2\">Ok, e vamos usar este plug-in onde? Em um instrumento espec\u00edfico? Em um grupo? No master da mix?<\/p>\n<p class=\"p2\">Aqui vale sair um pouco do assunto central do artigo, e falar de mixagem, de uma maneira mais aberta.<\/p>\n<p class=\"p2\">Evite pensar ou procurar por um \u201cequalizador bom para voz\u201d, \u201ccompressor para viol\u00e3o\u201d e assim por diante. Mixagem n\u00e3o funciona assim.<\/p>\n<p class=\"p2\">Voc\u00ea pode ter suas prefer\u00eancias sem nenhum problema, mas nenhum equalizador \u00e9 exclusivamente \u201cpara voz\u201d.<\/p>\n<p class=\"p2\">Voltando ao assunto, este plug-in tamb\u00e9m n\u00e3o \u00e9 exclusivo para nada. Teste em tudo, pois lembre-se de que na ess\u00eancia, s\u00e3o apenas processadores comuns, j\u00e1 ligados e regulados de uma certa maneira. Voc\u00ea vai reparar que ele \u00e9 \u00fatil para a maioria dos casos, alguns mais e alguns menos.<\/p>\n<p class=\"p2\">Antes de come\u00e7ar a rodar bot\u00f5es, \u00e9 essencial ajustar o n\u00edvel de ganho da entrada corretamente. Isto porque, como muitos processamentos envolvem compress\u00e3o e distor\u00e7\u00e3o, e por consequ\u00eancia, envolvem par\u00e2metros de threshold e ratio, se o sinal de entrada n\u00e3o estiver regulado, basicamente nada funciona da maneira que foi originalmente projetado.<\/p>\n<p class=\"p2\">Ent\u00e3o deixe tocar um pouco o instrumento em quest\u00e3o, e ajuste o par\u00e2metro \u201cinput\u201d (Fig. 5B) at\u00e9 conseguir manter o LED \u201clevel\u201d (Fig. 5A) entre o amarelo e laranja.<\/p>\n<div id=\"attachment_10233\" style=\"width: 612px\" class=\"wp-caption aligncenter\"><img loading=\"lazy\" decoding=\"async\" aria-describedby=\"caption-attachment-10233\" class=\"size-full wp-image-10233\" src=\"http:\/\/proclass.com.br\/home\/wp-content\/uploads\/2018\/06\/fig.-5-Regulagem-de-input.jpg\" alt=\"\" width=\"602\" height=\"600\" srcset=\"https:\/\/proclass.com.br\/home\/wp-content\/uploads\/2018\/06\/fig.-5-Regulagem-de-input.jpg 602w, https:\/\/proclass.com.br\/home\/wp-content\/uploads\/2018\/06\/fig.-5-Regulagem-de-input-150x150.jpg 150w, https:\/\/proclass.com.br\/home\/wp-content\/uploads\/2018\/06\/fig.-5-Regulagem-de-input-300x300.jpg 300w\" sizes=\"(max-width: 602px) 100vw, 602px\" \/><p id=\"caption-attachment-10233\" class=\"wp-caption-text\">fig. 5 &#8211; Regulagem de input<\/p><\/div>\n<p class=\"p2\">Isso \u00e9 t\u00e3o importante e fundamental, que eu prefiro que voc\u00eas deixem \u201cbeslicar\u201d o vermelho do que manter no verde.<\/p>\n<p class=\"p2\">Uma coisa interessante \u00e9 o bot\u00e3o de link entre o input e output (Fig. 5C). Uma vez ligado, ele vai atenuando o output conforme voc\u00ea eleva o input.<\/p>\n<p class=\"p2\">Isso \u00e9 \u00f3timo para voc\u00ea fazer uma compara\u00e7\u00e3o com o Bypass de forma \u201cjusta\u201d, mantendo o n\u00edvel de sinal relativamente igual.<\/p>\n<p class=\"p2\">Ajustar o n\u00edvel de ganho \u00e9 de fato, a \u00fanica coisa que voc\u00ea precisa fazer \u201cdireito\u201d. O resto, \u00e9 gosto. E voc\u00ea pode ficar livre para experimentar a vontade.<\/p>\n<p class=\"p2\">Se voc\u00ea prefere uma dire\u00e7\u00e3o, eis minha sugest\u00e3o: ajuste primeiro o Thick e Bite, que s\u00e3o processamentos de ajudam a compor o timbre.<\/p>\n<p class=\"p2\">Uma vez com o timbre definido, use o Air e Sub para trazer mais clareza nos agudos ou peso no graves.<\/p>\n<p class=\"p1\"><b><i>Testes e impress\u00f5es finais<\/i><\/b><\/p>\n<p class=\"p2\">Como mencionei acima, prefiro a id\u00e9ia de usar o Bite e Thick como componentes para ajudar a esculpir o timbre, e o Air e Sub como acabamento.<\/p>\n<p class=\"p2\">Diferente de muitos outros plug-ins similares que testei da mesma empresa, em que fui bem surpreendido positivamente, o Parallel Particles n\u00e3o me trouxe a mesma experi\u00eancia e interesse.<\/p>\n<p class=\"p2\">Acho que a falta m\u00ednima de controle me incomodou, principalmente no Bite e Thick.<\/p>\n<p class=\"p2\">\u00c9 importante entender a diferen\u00e7a: na maioria dos plug-ins deste estilo, ao mexer em um bot\u00e3o, voc\u00ea est\u00e1 internamente, alterando diversos par\u00e2metros como o Threshold, Ratio, satura\u00e7\u00e3o, frequ\u00eancia e ganho de uma \u00fanica vez.<\/p>\n<p class=\"p2\">Por exemplo, em um certo plug-in, se voc\u00ea ajusta o controle para um valor baixo, internamente o Ratio do compressor fica em 3:1, mas se voc\u00ea exagerar, automaticamente, o ratio \u00e9 alterado para 6:1.<\/p>\n<p class=\"p2\">Infelizmente, com Bite e Thick \u00e9 diferente. Voc\u00ea n\u00e3o est\u00e1 regulando par\u00e2metros nem do compressor, nem do equalizador nem de ningu\u00e9m. O processamento \u00e9 100% fixo, e a \u00fanica coisa que voc\u00ea est\u00e1 regulando \u00e9 a quantidade deste processamento, a ser misturado com o seu sinal original. Ou seja, \u00e9 um \u201cDry\/Wet\u201d.<\/p>\n<p class=\"p2\">Acho que isso limitou demais as possibilidades. Mesmo sem par\u00e2metros t\u00e9cnicos, seria bom se ao menos houvesse umas 3 op\u00e7\u00f5es de cada controle, ou seja, um Thick 1, Thick 2 e Thick 3, com pequenas diferen\u00e7as nos par\u00e2metros entre eles.<\/p>\n<p class=\"p2\">Em elementos ricos em harm\u00f4nicos, como caixa, piano, guitarra distorcida etc, acaba funcionando bem, mas em elementos com faixa de frequ\u00eancia mais limitada como um bumbo, virou uma quest\u00e3o de sorte mesmo.<\/p>\n<p class=\"p2\">Repare que no Sub, o Waves incorporou um par\u00e2metro de frequ\u00eancia, que foi muito bem vindo. Serve para centralizar o ponto principal do efeito. Acho que seria bom ter isso pelo menos no Bite.<\/p>\n<p class=\"p2\">Com rela\u00e7\u00e3o ao Air, fiquei bem satisfeito, e usaria tranquilo na maioria das minhas mixagens e at\u00e9 em masteriza\u00e7\u00f5es, mas ele \u00e9 bem sutil (do jeito que eu gosto). \u00c9 importante lembrar que ele n\u00e3o \u00e9 como um shelving de equaliza\u00e7\u00e3o, e sim, um gerador de harm\u00f4nicos sintetizados. Ajuda a abrir o som e \u00e9 muito f\u00e1cil perder a m\u00e3o, e reparar no dia seguinte que voc\u00ea exagerou e deixou tudo estridente demais. Talvez por isso, o Andrew Scheps optou por n\u00e3o deixar o processamento ser t\u00e3o ativo.<\/p>\n<p class=\"p2\">Mas como falei, se para mim est\u00e1 \u00f3timo, j\u00e1 outras pessoas, podem achar sutil demais, mesmo no m\u00e1ximo.<\/p>\n<p class=\"p2\">Eu at\u00e9 entendo a decis\u00e3o deles de limitar um pouco a a\u00e7\u00e3o do controle \u201cAir\u201d e garantir que ningu\u00e9m exagere, mas tenho minhas d\u00favidas se vai ser o suficiente para todos.<\/p>\n<p class=\"p2\">Abra\u00e7os e at\u00e9 a pr\u00f3xima!<\/p>\n<p><i><a href=\"http:\/\/proclass.com.br\/home\/wp-content\/uploads\/2012\/08\/cris3x4-blog-proclass.jpg\"><img loading=\"lazy\" decoding=\"async\" class=\" size-full wp-image-1057 alignleft\" src=\"http:\/\/proclass.com.br\/home\/wp-content\/uploads\/2012\/08\/cris3x4-blog-proclass.jpg\" alt=\"cris3x4 blog proclass\" width=\"74\" height=\"99\" \/><\/a>\u00a0Cristiano Moura \u00e9 instrutor certificado oficialmente pela Avid para lecionar cursos de n\u00edvel 100, 200 e 300 em Pro Tools. Por meio da ProClass, \u00a0oferece consultoria, treinamentos\u00a0customizados al\u00e9m de cursos oficiais em Pro Tools, Mixagem e Masteriza\u00e7\u00e3o.<\/i><\/p>\n<p class=\"p1\">\n","protected":false},"excerpt":{"rendered":"<p>Artigo publicado na\u00a0Revista \u00c1udio, M\u00fasica &amp; Tecnologia.\u00a0Para conhecer mais sobre a revista,\u00a0clique aqui. \u00a0Para saber mais sobre treinamentos e certifica\u00e7\u00f5es em Pro Tools, Mixagem, Masteriza\u00e7\u00e3o e outros cursos de \u00e1udio,\u00a0clique aqui Pense pouco e experimente muito A Waves assumiu de vez esta abordagem, de poucos controles, menos termos t\u00e9cnicos e uso de nomes consagrados daContinue reading &rarr;<\/p>\n","protected":false},"author":4,"featured_media":10230,"comment_status":"closed","ping_status":"closed","sticky":false,"template":"","format":"standard","meta":{"footnotes":""},"categories":[17,1070],"tags":[],"class_list":["post-10228","post","type-post","status-publish","format-standard","has-post-thumbnail","hentry","category-artigos","category-waves","has-thumb"],"yoast_head":"<!-- This site is optimized with the Yoast SEO plugin v26.9 - https:\/\/yoast.com\/product\/yoast-seo-wordpress\/ -->\n<title>Scheps Parallel Particles - PROCLASS<\/title>\n<meta name=\"robots\" content=\"index, follow, max-snippet:-1, max-image-preview:large, max-video-preview:-1\" \/>\n<link rel=\"canonical\" href=\"https:\/\/proclass.com.br\/home\/2018\/06\/scheps-parallel-particles\/\" \/>\n<meta property=\"og:locale\" content=\"pt_BR\" \/>\n<meta property=\"og:type\" content=\"article\" \/>\n<meta property=\"og:title\" content=\"Scheps Parallel Particles - PROCLASS\" \/>\n<meta property=\"og:description\" content=\"Artigo publicado na\u00a0Revista \u00c1udio, M\u00fasica &amp; Tecnologia.\u00a0Para conhecer mais sobre a revista,\u00a0clique aqui. \u00a0Para saber mais sobre treinamentos e certifica\u00e7\u00f5es em Pro Tools, Mixagem, Masteriza\u00e7\u00e3o e outros cursos de \u00e1udio,\u00a0clique aqui Pense pouco e experimente muito A Waves assumiu de vez esta abordagem, de poucos controles, menos termos t\u00e9cnicos e uso de nomes consagrados daContinue reading &rarr;\" \/>\n<meta property=\"og:url\" content=\"https:\/\/proclass.com.br\/home\/2018\/06\/scheps-parallel-particles\/\" \/>\n<meta property=\"og:site_name\" content=\"PROCLASS\" \/>\n<meta property=\"article:published_time\" content=\"2018-06-29T19:58:41+00:00\" \/>\n<meta property=\"og:image\" content=\"https:\/\/proclass.com.br\/home\/wp-content\/uploads\/2018\/06\/Fig.-2-Scheps-parallel-particles.jpg\" \/>\n\t<meta property=\"og:image:width\" content=\"602\" \/>\n\t<meta property=\"og:image:height\" content=\"600\" \/>\n\t<meta property=\"og:image:type\" content=\"image\/jpeg\" \/>\n<meta name=\"author\" content=\"ProClass Treinamentos\" \/>\n<meta name=\"twitter:card\" content=\"summary_large_image\" \/>\n<meta name=\"twitter:label1\" content=\"Escrito por\" \/>\n\t<meta name=\"twitter:data1\" content=\"ProClass Treinamentos\" \/>\n\t<meta name=\"twitter:label2\" content=\"Est. tempo de leitura\" \/>\n\t<meta name=\"twitter:data2\" content=\"7 minutos\" \/>\n<script type=\"application\/ld+json\" class=\"yoast-schema-graph\">{\"@context\":\"https:\/\/schema.org\",\"@graph\":[{\"@type\":\"Article\",\"@id\":\"https:\/\/proclass.com.br\/home\/2018\/06\/scheps-parallel-particles\/#article\",\"isPartOf\":{\"@id\":\"https:\/\/proclass.com.br\/home\/2018\/06\/scheps-parallel-particles\/\"},\"author\":{\"name\":\"ProClass Treinamentos\",\"@id\":\"https:\/\/proclass.com.br\/home\/#\/schema\/person\/f89e1eb93d5d32c0bb465c52f87f5a00\"},\"headline\":\"Scheps Parallel Particles\",\"datePublished\":\"2018-06-29T19:58:41+00:00\",\"mainEntityOfPage\":{\"@id\":\"https:\/\/proclass.com.br\/home\/2018\/06\/scheps-parallel-particles\/\"},\"wordCount\":1309,\"publisher\":{\"@id\":\"https:\/\/proclass.com.br\/home\/#organization\"},\"image\":{\"@id\":\"https:\/\/proclass.com.br\/home\/2018\/06\/scheps-parallel-particles\/#primaryimage\"},\"thumbnailUrl\":\"https:\/\/proclass.com.br\/home\/wp-content\/uploads\/2018\/06\/Fig.-2-Scheps-parallel-particles.jpg\",\"articleSection\":[\"Artigos\",\"Waves\"],\"inLanguage\":\"pt-BR\"},{\"@type\":\"WebPage\",\"@id\":\"https:\/\/proclass.com.br\/home\/2018\/06\/scheps-parallel-particles\/\",\"url\":\"https:\/\/proclass.com.br\/home\/2018\/06\/scheps-parallel-particles\/\",\"name\":\"Scheps Parallel Particles - PROCLASS\",\"isPartOf\":{\"@id\":\"https:\/\/proclass.com.br\/home\/#website\"},\"primaryImageOfPage\":{\"@id\":\"https:\/\/proclass.com.br\/home\/2018\/06\/scheps-parallel-particles\/#primaryimage\"},\"image\":{\"@id\":\"https:\/\/proclass.com.br\/home\/2018\/06\/scheps-parallel-particles\/#primaryimage\"},\"thumbnailUrl\":\"https:\/\/proclass.com.br\/home\/wp-content\/uploads\/2018\/06\/Fig.-2-Scheps-parallel-particles.jpg\",\"datePublished\":\"2018-06-29T19:58:41+00:00\",\"breadcrumb\":{\"@id\":\"https:\/\/proclass.com.br\/home\/2018\/06\/scheps-parallel-particles\/#breadcrumb\"},\"inLanguage\":\"pt-BR\",\"potentialAction\":[{\"@type\":\"ReadAction\",\"target\":[\"https:\/\/proclass.com.br\/home\/2018\/06\/scheps-parallel-particles\/\"]}]},{\"@type\":\"ImageObject\",\"inLanguage\":\"pt-BR\",\"@id\":\"https:\/\/proclass.com.br\/home\/2018\/06\/scheps-parallel-particles\/#primaryimage\",\"url\":\"https:\/\/proclass.com.br\/home\/wp-content\/uploads\/2018\/06\/Fig.-2-Scheps-parallel-particles.jpg\",\"contentUrl\":\"https:\/\/proclass.com.br\/home\/wp-content\/uploads\/2018\/06\/Fig.-2-Scheps-parallel-particles.jpg\",\"width\":602,\"height\":600,\"caption\":\"Fig. 2 - Scheps parallel particles\"},{\"@type\":\"BreadcrumbList\",\"@id\":\"https:\/\/proclass.com.br\/home\/2018\/06\/scheps-parallel-particles\/#breadcrumb\",\"itemListElement\":[{\"@type\":\"ListItem\",\"position\":1,\"name\":\"In\u00edcio\",\"item\":\"https:\/\/proclass.com.br\/home\/\"},{\"@type\":\"ListItem\",\"position\":2,\"name\":\"Scheps Parallel Particles\"}]},{\"@type\":\"WebSite\",\"@id\":\"https:\/\/proclass.com.br\/home\/#website\",\"url\":\"https:\/\/proclass.com.br\/home\/\",\"name\":\"PROCLASS\",\"description\":\"CURSOS E TREINAMENTOS\",\"publisher\":{\"@id\":\"https:\/\/proclass.com.br\/home\/#organization\"},\"potentialAction\":[{\"@type\":\"SearchAction\",\"target\":{\"@type\":\"EntryPoint\",\"urlTemplate\":\"https:\/\/proclass.com.br\/home\/?s={search_term_string}\"},\"query-input\":{\"@type\":\"PropertyValueSpecification\",\"valueRequired\":true,\"valueName\":\"search_term_string\"}}],\"inLanguage\":\"pt-BR\"},{\"@type\":\"Organization\",\"@id\":\"https:\/\/proclass.com.br\/home\/#organization\",\"name\":\"PROCLASS\",\"url\":\"https:\/\/proclass.com.br\/home\/\",\"logo\":{\"@type\":\"ImageObject\",\"inLanguage\":\"pt-BR\",\"@id\":\"https:\/\/proclass.com.br\/home\/#\/schema\/logo\/image\/\",\"url\":\"https:\/\/proclass.com.br\/home\/wp-content\/uploads\/2023\/06\/CABECALHO-black_PROCLASS-2023.png\",\"contentUrl\":\"https:\/\/proclass.com.br\/home\/wp-content\/uploads\/2023\/06\/CABECALHO-black_PROCLASS-2023.png\",\"width\":2563,\"height\":911,\"caption\":\"PROCLASS\"},\"image\":{\"@id\":\"https:\/\/proclass.com.br\/home\/#\/schema\/logo\/image\/\"}},{\"@type\":\"Person\",\"@id\":\"https:\/\/proclass.com.br\/home\/#\/schema\/person\/f89e1eb93d5d32c0bb465c52f87f5a00\",\"name\":\"ProClass Treinamentos\",\"image\":{\"@type\":\"ImageObject\",\"inLanguage\":\"pt-BR\",\"@id\":\"https:\/\/proclass.com.br\/home\/#\/schema\/person\/image\/\",\"url\":\"https:\/\/secure.gravatar.com\/avatar\/3878d7a575c7ac355d2c778d5de04af08b7c5a7d9f19b2889f26cc7d80a6a832?s=96&d=blank&r=g\",\"contentUrl\":\"https:\/\/secure.gravatar.com\/avatar\/3878d7a575c7ac355d2c778d5de04af08b7c5a7d9f19b2889f26cc7d80a6a832?s=96&d=blank&r=g\",\"caption\":\"ProClass Treinamentos\"},\"url\":\"https:\/\/proclass.com.br\/home\/author\/proclass\/\"}]}<\/script>\n<!-- \/ Yoast SEO plugin. -->","yoast_head_json":{"title":"Scheps Parallel Particles - PROCLASS","robots":{"index":"index","follow":"follow","max-snippet":"max-snippet:-1","max-image-preview":"max-image-preview:large","max-video-preview":"max-video-preview:-1"},"canonical":"https:\/\/proclass.com.br\/home\/2018\/06\/scheps-parallel-particles\/","og_locale":"pt_BR","og_type":"article","og_title":"Scheps Parallel Particles - PROCLASS","og_description":"Artigo publicado na\u00a0Revista \u00c1udio, M\u00fasica &amp; Tecnologia.\u00a0Para conhecer mais sobre a revista,\u00a0clique aqui. \u00a0Para saber mais sobre treinamentos e certifica\u00e7\u00f5es em Pro Tools, Mixagem, Masteriza\u00e7\u00e3o e outros cursos de \u00e1udio,\u00a0clique aqui Pense pouco e experimente muito A Waves assumiu de vez esta abordagem, de poucos controles, menos termos t\u00e9cnicos e uso de nomes consagrados daContinue reading &rarr;","og_url":"https:\/\/proclass.com.br\/home\/2018\/06\/scheps-parallel-particles\/","og_site_name":"PROCLASS","article_published_time":"2018-06-29T19:58:41+00:00","og_image":[{"width":602,"height":600,"url":"https:\/\/proclass.com.br\/home\/wp-content\/uploads\/2018\/06\/Fig.-2-Scheps-parallel-particles.jpg","type":"image\/jpeg"}],"author":"ProClass Treinamentos","twitter_card":"summary_large_image","twitter_misc":{"Escrito por":"ProClass Treinamentos","Est. tempo de leitura":"7 minutos"},"schema":{"@context":"https:\/\/schema.org","@graph":[{"@type":"Article","@id":"https:\/\/proclass.com.br\/home\/2018\/06\/scheps-parallel-particles\/#article","isPartOf":{"@id":"https:\/\/proclass.com.br\/home\/2018\/06\/scheps-parallel-particles\/"},"author":{"name":"ProClass Treinamentos","@id":"https:\/\/proclass.com.br\/home\/#\/schema\/person\/f89e1eb93d5d32c0bb465c52f87f5a00"},"headline":"Scheps Parallel Particles","datePublished":"2018-06-29T19:58:41+00:00","mainEntityOfPage":{"@id":"https:\/\/proclass.com.br\/home\/2018\/06\/scheps-parallel-particles\/"},"wordCount":1309,"publisher":{"@id":"https:\/\/proclass.com.br\/home\/#organization"},"image":{"@id":"https:\/\/proclass.com.br\/home\/2018\/06\/scheps-parallel-particles\/#primaryimage"},"thumbnailUrl":"https:\/\/proclass.com.br\/home\/wp-content\/uploads\/2018\/06\/Fig.-2-Scheps-parallel-particles.jpg","articleSection":["Artigos","Waves"],"inLanguage":"pt-BR"},{"@type":"WebPage","@id":"https:\/\/proclass.com.br\/home\/2018\/06\/scheps-parallel-particles\/","url":"https:\/\/proclass.com.br\/home\/2018\/06\/scheps-parallel-particles\/","name":"Scheps Parallel Particles - PROCLASS","isPartOf":{"@id":"https:\/\/proclass.com.br\/home\/#website"},"primaryImageOfPage":{"@id":"https:\/\/proclass.com.br\/home\/2018\/06\/scheps-parallel-particles\/#primaryimage"},"image":{"@id":"https:\/\/proclass.com.br\/home\/2018\/06\/scheps-parallel-particles\/#primaryimage"},"thumbnailUrl":"https:\/\/proclass.com.br\/home\/wp-content\/uploads\/2018\/06\/Fig.-2-Scheps-parallel-particles.jpg","datePublished":"2018-06-29T19:58:41+00:00","breadcrumb":{"@id":"https:\/\/proclass.com.br\/home\/2018\/06\/scheps-parallel-particles\/#breadcrumb"},"inLanguage":"pt-BR","potentialAction":[{"@type":"ReadAction","target":["https:\/\/proclass.com.br\/home\/2018\/06\/scheps-parallel-particles\/"]}]},{"@type":"ImageObject","inLanguage":"pt-BR","@id":"https:\/\/proclass.com.br\/home\/2018\/06\/scheps-parallel-particles\/#primaryimage","url":"https:\/\/proclass.com.br\/home\/wp-content\/uploads\/2018\/06\/Fig.-2-Scheps-parallel-particles.jpg","contentUrl":"https:\/\/proclass.com.br\/home\/wp-content\/uploads\/2018\/06\/Fig.-2-Scheps-parallel-particles.jpg","width":602,"height":600,"caption":"Fig. 2 - Scheps parallel particles"},{"@type":"BreadcrumbList","@id":"https:\/\/proclass.com.br\/home\/2018\/06\/scheps-parallel-particles\/#breadcrumb","itemListElement":[{"@type":"ListItem","position":1,"name":"In\u00edcio","item":"https:\/\/proclass.com.br\/home\/"},{"@type":"ListItem","position":2,"name":"Scheps Parallel Particles"}]},{"@type":"WebSite","@id":"https:\/\/proclass.com.br\/home\/#website","url":"https:\/\/proclass.com.br\/home\/","name":"PROCLASS","description":"CURSOS E TREINAMENTOS","publisher":{"@id":"https:\/\/proclass.com.br\/home\/#organization"},"potentialAction":[{"@type":"SearchAction","target":{"@type":"EntryPoint","urlTemplate":"https:\/\/proclass.com.br\/home\/?s={search_term_string}"},"query-input":{"@type":"PropertyValueSpecification","valueRequired":true,"valueName":"search_term_string"}}],"inLanguage":"pt-BR"},{"@type":"Organization","@id":"https:\/\/proclass.com.br\/home\/#organization","name":"PROCLASS","url":"https:\/\/proclass.com.br\/home\/","logo":{"@type":"ImageObject","inLanguage":"pt-BR","@id":"https:\/\/proclass.com.br\/home\/#\/schema\/logo\/image\/","url":"https:\/\/proclass.com.br\/home\/wp-content\/uploads\/2023\/06\/CABECALHO-black_PROCLASS-2023.png","contentUrl":"https:\/\/proclass.com.br\/home\/wp-content\/uploads\/2023\/06\/CABECALHO-black_PROCLASS-2023.png","width":2563,"height":911,"caption":"PROCLASS"},"image":{"@id":"https:\/\/proclass.com.br\/home\/#\/schema\/logo\/image\/"}},{"@type":"Person","@id":"https:\/\/proclass.com.br\/home\/#\/schema\/person\/f89e1eb93d5d32c0bb465c52f87f5a00","name":"ProClass Treinamentos","image":{"@type":"ImageObject","inLanguage":"pt-BR","@id":"https:\/\/proclass.com.br\/home\/#\/schema\/person\/image\/","url":"https:\/\/secure.gravatar.com\/avatar\/3878d7a575c7ac355d2c778d5de04af08b7c5a7d9f19b2889f26cc7d80a6a832?s=96&d=blank&r=g","contentUrl":"https:\/\/secure.gravatar.com\/avatar\/3878d7a575c7ac355d2c778d5de04af08b7c5a7d9f19b2889f26cc7d80a6a832?s=96&d=blank&r=g","caption":"ProClass Treinamentos"},"url":"https:\/\/proclass.com.br\/home\/author\/proclass\/"}]}},"_links":{"self":[{"href":"https:\/\/proclass.com.br\/home\/wp-json\/wp\/v2\/posts\/10228","targetHints":{"allow":["GET"]}}],"collection":[{"href":"https:\/\/proclass.com.br\/home\/wp-json\/wp\/v2\/posts"}],"about":[{"href":"https:\/\/proclass.com.br\/home\/wp-json\/wp\/v2\/types\/post"}],"author":[{"embeddable":true,"href":"https:\/\/proclass.com.br\/home\/wp-json\/wp\/v2\/users\/4"}],"replies":[{"embeddable":true,"href":"https:\/\/proclass.com.br\/home\/wp-json\/wp\/v2\/comments?post=10228"}],"version-history":[{"count":0,"href":"https:\/\/proclass.com.br\/home\/wp-json\/wp\/v2\/posts\/10228\/revisions"}],"wp:featuredmedia":[{"embeddable":true,"href":"https:\/\/proclass.com.br\/home\/wp-json\/wp\/v2\/media\/10230"}],"wp:attachment":[{"href":"https:\/\/proclass.com.br\/home\/wp-json\/wp\/v2\/media?parent=10228"}],"wp:term":[{"taxonomy":"category","embeddable":true,"href":"https:\/\/proclass.com.br\/home\/wp-json\/wp\/v2\/categories?post=10228"},{"taxonomy":"post_tag","embeddable":true,"href":"https:\/\/proclass.com.br\/home\/wp-json\/wp\/v2\/tags?post=10228"}],"curies":[{"name":"wp","href":"https:\/\/api.w.org\/{rel}","templated":true}]}}