{"id":10203,"date":"2018-06-29T16:08:30","date_gmt":"2018-06-29T19:08:30","guid":{"rendered":"http:\/\/proclass.com.br\/home\/?p=10203"},"modified":"2018-06-29T16:08:30","modified_gmt":"2018-06-29T19:08:30","slug":"paint-effect","status":"publish","type":"post","link":"https:\/\/proclass.com.br\/home\/2018\/06\/paint-effect\/","title":{"rendered":"Paint Effect"},"content":{"rendered":"<p>Artigo publicado na Revista Luz e Cena<\/p>\n<p><a href=\"http:\/\/www.luzecena.com.br\"><img decoding=\"async\" title=\"luz e cena logo\" src=\"http:\/\/proclass.com.br\/home\/wp-content\/uploads\/2012\/11\/luz-e-cena-logo.jpg\" alt=\"\" width=\"206\" height=\"56\" \/><\/a><\/p>\n<p>Para conhecer mais sobre a revista,\u00a0<a href=\"http:\/\/www.luzecena.com.br\" target=\"_blank\" rel=\"noopener\">clique aqui.<\/a><\/p>\n<p>Para treinamentos e certifica\u00e7\u00f5es oficiais Avid Media Composer,<a href=\"http:\/\/proclass.com.br\/home\/cursos\/avid-media-composer\/\"> clique aqui.<\/a><\/p>\n<p class=\"p1\"><b><i>Explorando o seu lado art\u00edstico<\/i><\/b><\/p>\n<p class=\"p2\">O avid media composer \u00e9 repleto de efeitos, e muitos deles s\u00e3o sub-efeitos do Paint effect.<\/p>\n<p class=\"p2\">A ideia essencial do efeito \u00e9 selecionar apenas uma parte da imagem para dar tratamento. Com mais de 10 modos de opera\u00e7\u00e3o, \u00e9 uma ferramenta bem vers\u00e1til e neste artigo, vou abordar mais como um tutorial, criando alguns tratamento na imagem com voc\u00eas enquanto vamos conhecendo o efeito em si.<\/p>\n<p class=\"p1\"><b><i>Ferramentas e \u00c1reas essenciais do Paint Effect<\/i><\/b><\/p>\n<p class=\"p2\">Antes de come\u00e7ar a trabalhar efetivamente, vamos conhecer as principais \u00e1reas.<\/p>\n<p class=\"p2\">Usamos a paleta de ferramentas (fig. 1) para desenhar e manipular formas geom\u00e9tricas. Al\u00e9m da forma oval e retangular que tem seu pr\u00f3prio bot\u00e3o, temos o poly tool e o curve tool (fig. 2) que permite q voc\u00ea desenhe livremente qualquer formato geom\u00e9trico.<\/p>\n<div id=\"attachment_10204\" style=\"width: 1034px\" class=\"wp-caption aligncenter\"><img fetchpriority=\"high\" decoding=\"async\" aria-describedby=\"caption-attachment-10204\" class=\"size-large wp-image-10204\" src=\"http:\/\/proclass.com.br\/home\/wp-content\/uploads\/2018\/06\/fig.-1-Ferramentas-de-criac\u0327a\u0303o-de-objetos-1024x924.png\" alt=\"\" width=\"1024\" height=\"924\" srcset=\"https:\/\/proclass.com.br\/home\/wp-content\/uploads\/2018\/06\/fig.-1-Ferramentas-de-criac\u0327a\u0303o-de-objetos-1024x924.png 1024w, https:\/\/proclass.com.br\/home\/wp-content\/uploads\/2018\/06\/fig.-1-Ferramentas-de-criac\u0327a\u0303o-de-objetos-300x271.png 300w, https:\/\/proclass.com.br\/home\/wp-content\/uploads\/2018\/06\/fig.-1-Ferramentas-de-criac\u0327a\u0303o-de-objetos-768x693.png 768w, https:\/\/proclass.com.br\/home\/wp-content\/uploads\/2018\/06\/fig.-1-Ferramentas-de-criac\u0327a\u0303o-de-objetos.png 1192w\" sizes=\"(max-width: 1024px) 100vw, 1024px\" \/><p id=\"caption-attachment-10204\" class=\"wp-caption-text\">fig. 1 &#8211; Ferramentas de criac\u0327a\u0303o de objetos<\/p><\/div>\n<p class=\"p2\">Para fazer um bom efeito, sem erros, voc\u00ea precisa antes de tudo dominar essas duas ferramentas.<\/p>\n<p class=\"p2\">Para editar e refinar uma forma, usamos o reshape tool, que com dois clicks n\u00e1 forma geom\u00e9trica, temos todos os controles necess\u00e1rios para ajustar a forma.<\/p>\n<p class=\"p2\">Por \u00faltimo, existe uma ferramenta chamada de brush tool que tamb\u00e9m \u00e9 excelente, mas merece um cap\u00edtulo ou at\u00e9 mesmo um artigo a parte.<\/p>\n<p class=\"p2\">Ap\u00f3s voc\u00ea definir bem a \u00e1rea de atua\u00e7\u00e3o com uma forma geom\u00e9trica, vamos decidir que tipo de opera\u00e7\u00e3o ser\u00e1 feita na \u00e1rea. Isto \u00e9 feito atrav\u00e9s do menu \u201cmode\u201d, onde voc\u00ea vai encontrar opera\u00e7\u00f5es conhecidas como o blur, como tamb\u00e9m outras para colorir, escurecer e saturar por exemplo.<\/p>\n<p class=\"p2\">Abaixo do modo escolhido, veja que voc\u00ea vai ter, quase sempre, ao controle de opacidade ou de quantidade (amount) do efeito em quest\u00e3o.<\/p>\n<p class=\"p2\">Fatalmente voc\u00ea vai sentir que a atua\u00e7\u00e3o do Paint Effect est\u00e1 muito \u201cmarcada\u201d, ou seja, sem suavidade. Para melhorar isso, utilizamos a fun\u00e7\u00e3o \u201cfeathering\u201d. (fig. 3).<\/p>\n<div id=\"attachment_10205\" style=\"width: 1034px\" class=\"wp-caption aligncenter\"><img decoding=\"async\" aria-describedby=\"caption-attachment-10205\" class=\"size-large wp-image-10205\" src=\"http:\/\/proclass.com.br\/home\/wp-content\/uploads\/2018\/06\/Fig.-3-Feathering-para-suavizar-bordas-1024x924.png\" alt=\"\" width=\"1024\" height=\"924\" srcset=\"https:\/\/proclass.com.br\/home\/wp-content\/uploads\/2018\/06\/Fig.-3-Feathering-para-suavizar-bordas-1024x924.png 1024w, https:\/\/proclass.com.br\/home\/wp-content\/uploads\/2018\/06\/Fig.-3-Feathering-para-suavizar-bordas-300x271.png 300w, https:\/\/proclass.com.br\/home\/wp-content\/uploads\/2018\/06\/Fig.-3-Feathering-para-suavizar-bordas-768x693.png 768w, https:\/\/proclass.com.br\/home\/wp-content\/uploads\/2018\/06\/Fig.-3-Feathering-para-suavizar-bordas.png 1192w\" sizes=\"(max-width: 1024px) 100vw, 1024px\" \/><p id=\"caption-attachment-10205\" class=\"wp-caption-text\">Fig. 3 &#8211; Feathering para suavizar bordas<\/p><\/div>\n<p class=\"p1\"><b><i>Ajustes pontuais de luz e cor<\/i><\/b><\/p>\n<p class=\"p2\">Escolher apenas uma parte da imagem para tratar \u00e9 sempre bem-vindo, e voc\u00ea j\u00e1 deve ter ouvido algu\u00e9m se referir a esta etapa como corre\u00e7\u00e3o de cor secund\u00e1ria.<\/p>\n<p class=\"p2\">Neste primeiro exemplo, resolvi escurecer apenas a parte esquerda da imagem. (Fig 4a e 4b).<\/p>\n<div id=\"attachment_10206\" style=\"width: 1034px\" class=\"wp-caption aligncenter\"><img loading=\"lazy\" decoding=\"async\" aria-describedby=\"caption-attachment-10206\" class=\"size-large wp-image-10206\" src=\"http:\/\/proclass.com.br\/home\/wp-content\/uploads\/2018\/06\/Fig.-4a-Imagem-original-1024x799.png\" alt=\"\" width=\"1024\" height=\"799\" srcset=\"https:\/\/proclass.com.br\/home\/wp-content\/uploads\/2018\/06\/Fig.-4a-Imagem-original-1024x799.png 1024w, https:\/\/proclass.com.br\/home\/wp-content\/uploads\/2018\/06\/Fig.-4a-Imagem-original-300x234.png 300w, https:\/\/proclass.com.br\/home\/wp-content\/uploads\/2018\/06\/Fig.-4a-Imagem-original-768x599.png 768w, https:\/\/proclass.com.br\/home\/wp-content\/uploads\/2018\/06\/Fig.-4a-Imagem-original.png 1192w\" sizes=\"(max-width: 1024px) 100vw, 1024px\" \/><p id=\"caption-attachment-10206\" class=\"wp-caption-text\">Fig. 4a &#8211; Imagem original<\/p><\/div>\n<div id=\"attachment_10207\" style=\"width: 1034px\" class=\"wp-caption aligncenter\"><img loading=\"lazy\" decoding=\"async\" aria-describedby=\"caption-attachment-10207\" class=\"size-large wp-image-10207\" src=\"http:\/\/proclass.com.br\/home\/wp-content\/uploads\/2018\/06\/Fig.-4B-apenas-a\u0301rea-esquerda-escurecida-1024x799.png\" alt=\"\" width=\"1024\" height=\"799\" srcset=\"https:\/\/proclass.com.br\/home\/wp-content\/uploads\/2018\/06\/Fig.-4B-apenas-a\u0301rea-esquerda-escurecida-1024x799.png 1024w, https:\/\/proclass.com.br\/home\/wp-content\/uploads\/2018\/06\/Fig.-4B-apenas-a\u0301rea-esquerda-escurecida-300x234.png 300w, https:\/\/proclass.com.br\/home\/wp-content\/uploads\/2018\/06\/Fig.-4B-apenas-a\u0301rea-esquerda-escurecida-768x599.png 768w, https:\/\/proclass.com.br\/home\/wp-content\/uploads\/2018\/06\/Fig.-4B-apenas-a\u0301rea-esquerda-escurecida.png 1192w\" sizes=\"(max-width: 1024px) 100vw, 1024px\" \/><p id=\"caption-attachment-10207\" class=\"wp-caption-text\">Fig. 4B &#8211; apenas a\u0301rea esquerda escurecida<\/p><\/div>\n<p class=\"p2\">Para isso, usamos o poly tool para selecionar a \u00e1rea (lembre de refinar com o reshape tool de precisar) e o modo de opera\u00e7\u00e3o escolhido foi o \u201cdarken\u201d.<\/p>\n<p class=\"p2\">Neste segundo exemplo, estamos usando o \u201cColorize\u201d mode, para alterar a cor do c\u00e9u.<\/p>\n<div id=\"attachment_10208\" style=\"width: 489px\" class=\"wp-caption aligncenter\"><img loading=\"lazy\" decoding=\"async\" aria-describedby=\"caption-attachment-10208\" class=\" wp-image-10208\" src=\"http:\/\/proclass.com.br\/home\/wp-content\/uploads\/2018\/06\/fig.-4C-Imagem-original-1024x799.png\" alt=\"\" width=\"479\" height=\"374\" srcset=\"https:\/\/proclass.com.br\/home\/wp-content\/uploads\/2018\/06\/fig.-4C-Imagem-original-1024x799.png 1024w, https:\/\/proclass.com.br\/home\/wp-content\/uploads\/2018\/06\/fig.-4C-Imagem-original-300x234.png 300w, https:\/\/proclass.com.br\/home\/wp-content\/uploads\/2018\/06\/fig.-4C-Imagem-original-768x599.png 768w, https:\/\/proclass.com.br\/home\/wp-content\/uploads\/2018\/06\/fig.-4C-Imagem-original.png 1192w\" sizes=\"(max-width: 479px) 100vw, 479px\" \/><p id=\"caption-attachment-10208\" class=\"wp-caption-text\">fig. 4C &#8211; Imagem original<\/p><\/div>\n<div id=\"attachment_10209\" style=\"width: 500px\" class=\"wp-caption aligncenter\"><img loading=\"lazy\" decoding=\"async\" aria-describedby=\"caption-attachment-10209\" class=\" wp-image-10209\" src=\"http:\/\/proclass.com.br\/home\/wp-content\/uploads\/2018\/06\/Fig.-4D-Ce\u0301u-alterado-1024x799.png\" alt=\"\" width=\"490\" height=\"382\" srcset=\"https:\/\/proclass.com.br\/home\/wp-content\/uploads\/2018\/06\/Fig.-4D-Ce\u0301u-alterado-1024x799.png 1024w, https:\/\/proclass.com.br\/home\/wp-content\/uploads\/2018\/06\/Fig.-4D-Ce\u0301u-alterado-300x234.png 300w, https:\/\/proclass.com.br\/home\/wp-content\/uploads\/2018\/06\/Fig.-4D-Ce\u0301u-alterado-768x599.png 768w, https:\/\/proclass.com.br\/home\/wp-content\/uploads\/2018\/06\/Fig.-4D-Ce\u0301u-alterado.png 1192w\" sizes=\"(max-width: 490px) 100vw, 490px\" \/><p id=\"caption-attachment-10209\" class=\"wp-caption-text\">Fig. 4D &#8211; Ce\u0301u alterado<\/p><\/div>\n<p class=\"p1\"><b><i>Criando um Vignette<\/i><\/b><\/p>\n<p class=\"p2\">O Vignette (No Brasil, muitos chamam de \u201cvinheta\u201d) \u00e9 um efeito onde as bordas da imagem tem menos luz do que \u00e1rea central. \u00c9 uma estrat\u00e9gia usada para dar mais destaque a um personagem ou objeto, mas no final das contas, como \u00e9 um efeito muito bonito, voc\u00ea vai encontrar muita gente usando simplesmente por uma quest\u00e3o de estilo.<\/p>\n<p class=\"p2\">Para criarmos nosso Vignette, a primeira coisa a fazer \u00e9 criar um ret\u00e2ngulo que cubra toda a imagem. Para isso, \u00e9 \u00fatil diminuir um pouco o zoom do seu Record Monitor, clicando no bot\u00e3o de Zoom Out (fig. 5).<\/p>\n<div id=\"attachment_10210\" style=\"width: 1034px\" class=\"wp-caption aligncenter\"><img loading=\"lazy\" decoding=\"async\" aria-describedby=\"caption-attachment-10210\" class=\"size-large wp-image-10210\" src=\"http:\/\/proclass.com.br\/home\/wp-content\/uploads\/2018\/06\/Fig.-5-Zoom-Out-Record-Monitor-1024x799.png\" alt=\"\" width=\"1024\" height=\"799\" srcset=\"https:\/\/proclass.com.br\/home\/wp-content\/uploads\/2018\/06\/Fig.-5-Zoom-Out-Record-Monitor-1024x799.png 1024w, https:\/\/proclass.com.br\/home\/wp-content\/uploads\/2018\/06\/Fig.-5-Zoom-Out-Record-Monitor-300x234.png 300w, https:\/\/proclass.com.br\/home\/wp-content\/uploads\/2018\/06\/Fig.-5-Zoom-Out-Record-Monitor-768x599.png 768w, https:\/\/proclass.com.br\/home\/wp-content\/uploads\/2018\/06\/Fig.-5-Zoom-Out-Record-Monitor.png 1192w\" sizes=\"(max-width: 1024px) 100vw, 1024px\" \/><p id=\"caption-attachment-10210\" class=\"wp-caption-text\">Fig. 5 &#8211; Zoom Out &#8211; Record Monitor<\/p><\/div>\n<p class=\"p2\">Neste ret\u00e2ngulo, vamos usar o modo \u201cDarken\u201d de novo, e a princ\u00edpio o efeito n\u00e3o ser\u00e1 o desejado, pois vai escurecer toda a imagem obviamente.<\/p>\n<p class=\"p2\">A \u201cm\u00e1gica\u201d acontece ao criarmos um segundo objeto, desta vez oval, na \u00e1rea central da imagem. Para este objeto, vamos usar o modo \u201cerase\u201d, que tem a fun\u00e7\u00e3o de cancelar o efeito do Darken na \u00e1rea selecionada. (Fig. 6A e 6B)<\/p>\n<div id=\"attachment_10211\" style=\"width: 1034px\" class=\"wp-caption aligncenter\"><img loading=\"lazy\" decoding=\"async\" aria-describedby=\"caption-attachment-10211\" class=\"size-large wp-image-10211\" src=\"http:\/\/proclass.com.br\/home\/wp-content\/uploads\/2018\/06\/Fig.-6A-Original-1024x799.png\" alt=\"\" width=\"1024\" height=\"799\" srcset=\"https:\/\/proclass.com.br\/home\/wp-content\/uploads\/2018\/06\/Fig.-6A-Original-1024x799.png 1024w, https:\/\/proclass.com.br\/home\/wp-content\/uploads\/2018\/06\/Fig.-6A-Original-300x234.png 300w, https:\/\/proclass.com.br\/home\/wp-content\/uploads\/2018\/06\/Fig.-6A-Original-768x599.png 768w, https:\/\/proclass.com.br\/home\/wp-content\/uploads\/2018\/06\/Fig.-6A-Original.png 1192w\" sizes=\"(max-width: 1024px) 100vw, 1024px\" \/><p id=\"caption-attachment-10211\" class=\"wp-caption-text\">Fig. 6A &#8211; Original<\/p><\/div>\n<div id=\"attachment_10215\" style=\"width: 1034px\" class=\"wp-caption aligncenter\"><img loading=\"lazy\" decoding=\"async\" aria-describedby=\"caption-attachment-10215\" class=\"size-large wp-image-10215\" src=\"http:\/\/proclass.com.br\/home\/wp-content\/uploads\/2018\/06\/Fig.-6B-Shape-oval-no-modo-Erase-1024x799.png\" alt=\"\" width=\"1024\" height=\"799\" srcset=\"https:\/\/proclass.com.br\/home\/wp-content\/uploads\/2018\/06\/Fig.-6B-Shape-oval-no-modo-Erase-1024x799.png 1024w, https:\/\/proclass.com.br\/home\/wp-content\/uploads\/2018\/06\/Fig.-6B-Shape-oval-no-modo-Erase-300x234.png 300w, https:\/\/proclass.com.br\/home\/wp-content\/uploads\/2018\/06\/Fig.-6B-Shape-oval-no-modo-Erase-768x599.png 768w, https:\/\/proclass.com.br\/home\/wp-content\/uploads\/2018\/06\/Fig.-6B-Shape-oval-no-modo-Erase.png 1192w\" sizes=\"(max-width: 1024px) 100vw, 1024px\" \/><p id=\"caption-attachment-10215\" class=\"wp-caption-text\">Fig. 6B &#8211; Shape oval no modo Erase<\/p><\/div>\n<p class=\"p2\">Para dar o toque final, n\u00e3o esque\u00e7a do feathering. (Fig. 6C).<\/p>\n<div id=\"attachment_10216\" style=\"width: 1034px\" class=\"wp-caption aligncenter\"><img loading=\"lazy\" decoding=\"async\" aria-describedby=\"caption-attachment-10216\" class=\"size-large wp-image-10216\" src=\"http:\/\/proclass.com.br\/home\/wp-content\/uploads\/2018\/06\/Fig.-6C-Vignette-aplicado-com-Feathering-2-1024x799.png\" alt=\"\" width=\"1024\" height=\"799\" srcset=\"https:\/\/proclass.com.br\/home\/wp-content\/uploads\/2018\/06\/Fig.-6C-Vignette-aplicado-com-Feathering-2-1024x799.png 1024w, https:\/\/proclass.com.br\/home\/wp-content\/uploads\/2018\/06\/Fig.-6C-Vignette-aplicado-com-Feathering-2-300x234.png 300w, https:\/\/proclass.com.br\/home\/wp-content\/uploads\/2018\/06\/Fig.-6C-Vignette-aplicado-com-Feathering-2-768x599.png 768w, https:\/\/proclass.com.br\/home\/wp-content\/uploads\/2018\/06\/Fig.-6C-Vignette-aplicado-com-Feathering-2.png 1192w\" sizes=\"(max-width: 1024px) 100vw, 1024px\" \/><p id=\"caption-attachment-10216\" class=\"wp-caption-text\">Fig. 6C &#8211; Vignette aplicado com Feathering<\/p><\/div>\n<p class=\"p2\">Vale a pena experimentar este tipo de l\u00f3gica com outros modos ao inv\u00e9s do Darken. Por exemplo, o modo Blur (desfoque), \u00e9 muito usado tamb\u00e9m para o mesmo prop\u00f3sito. (Fig. 7).<\/p>\n<div id=\"attachment_10217\" style=\"width: 1034px\" class=\"wp-caption aligncenter\"><img loading=\"lazy\" decoding=\"async\" aria-describedby=\"caption-attachment-10217\" class=\"size-large wp-image-10217\" src=\"http:\/\/proclass.com.br\/home\/wp-content\/uploads\/2018\/06\/Fig.-7-Modo-Blur-ao-inve\u0301s-do-modo-Darken-1024x799.png\" alt=\"\" width=\"1024\" height=\"799\" srcset=\"https:\/\/proclass.com.br\/home\/wp-content\/uploads\/2018\/06\/Fig.-7-Modo-Blur-ao-inve\u0301s-do-modo-Darken-1024x799.png 1024w, https:\/\/proclass.com.br\/home\/wp-content\/uploads\/2018\/06\/Fig.-7-Modo-Blur-ao-inve\u0301s-do-modo-Darken-300x234.png 300w, https:\/\/proclass.com.br\/home\/wp-content\/uploads\/2018\/06\/Fig.-7-Modo-Blur-ao-inve\u0301s-do-modo-Darken-768x599.png 768w, https:\/\/proclass.com.br\/home\/wp-content\/uploads\/2018\/06\/Fig.-7-Modo-Blur-ao-inve\u0301s-do-modo-Darken.png 1192w\" sizes=\"(max-width: 1024px) 100vw, 1024px\" \/><p id=\"caption-attachment-10217\" class=\"wp-caption-text\">Fig. 7 &#8211; Modo Blur ao inve\u0301s do modo Darken<\/p><\/div>\n<p class=\"p1\"><b><i>Magic Mask &#8211; atuando baseado em Luma e Chroma<\/i><\/b><\/p>\n<p class=\"p2\">Al\u00e9m de modificar uma \u00e1rea do seu v\u00eddeo baseado em figuras geom\u00e9tricas, tamb\u00e9m \u00e9 poss\u00edvel dentro desta \u00e1rea, selecionar o que ser\u00e1 modificado baseado em Luma ou Chroma.<\/p>\n<p class=\"p2\">O que isso significa na pr\u00e1tica? Voc\u00ea pode optar por modificar apenas as partes escuras da imagem, ou apenas a parte laranja da imagem para modificar. Ainda parece confuso? Ent\u00e3o vamos colocar em pr\u00e1tica.<\/p>\n<p class=\"p2\">Neste exemplo, quero modificar a grama, deixando-a mais alaranjada, lembrando o outono.<\/p>\n<p class=\"p2\">Criar um objeto em torno da grana \u00e9 muito complicado, pois n\u00e3o \u00e9 uma forma simples de se desenhar perfeitamente. Ent\u00e3o o que vamos fazer \u00e9 criar nosso objeto primeiro, mas sem se preocupar muito com as bordas.<\/p>\n<p class=\"p2\">O segundo passo \u00e9, como fizemos antes, escolher um modo de opera\u00e7\u00e3o (colorize) e escolher uma cor em quest\u00e3o, no meu caso,laranja. Como imagin\u00e1vamos, tudo ficou laranja. N\u00e3o \u00e9 ainda isso que queremos.<\/p>\n<p class=\"p2\">Agora entra em a\u00e7\u00e3o o Magic Mask, que serve para refinar ainda mais a \u00e1rea de atua\u00e7\u00e3o. Para isso, vamos clicar e arrastar o ret\u00e2ngulo de sele\u00e7\u00e3o de pixel (fig. 8) e vamos escolher a cor verde.<\/p>\n<div id=\"attachment_10218\" style=\"width: 1034px\" class=\"wp-caption aligncenter\"><img loading=\"lazy\" decoding=\"async\" aria-describedby=\"caption-attachment-10218\" class=\"size-large wp-image-10218\" src=\"http:\/\/proclass.com.br\/home\/wp-content\/uploads\/2018\/06\/Fig.-8-Magic-Mask-atuando-no-verde-1024x924.png\" alt=\"\" width=\"1024\" height=\"924\" srcset=\"https:\/\/proclass.com.br\/home\/wp-content\/uploads\/2018\/06\/Fig.-8-Magic-Mask-atuando-no-verde-1024x924.png 1024w, https:\/\/proclass.com.br\/home\/wp-content\/uploads\/2018\/06\/Fig.-8-Magic-Mask-atuando-no-verde-300x271.png 300w, https:\/\/proclass.com.br\/home\/wp-content\/uploads\/2018\/06\/Fig.-8-Magic-Mask-atuando-no-verde-768x693.png 768w, https:\/\/proclass.com.br\/home\/wp-content\/uploads\/2018\/06\/Fig.-8-Magic-Mask-atuando-no-verde.png 1192w\" sizes=\"(max-width: 1024px) 100vw, 1024px\" \/><p id=\"caption-attachment-10218\" class=\"wp-caption-text\">Fig. 8 &#8211; Magic Mask atuando no verde<\/p><\/div>\n<p class=\"p2\">Agora sim, deu certo. Apesar do objeto ser maior do que a \u00e1rea do gramado, somente elementos \u201cverdes\u201d est\u00e3o sendo afetados. O ch\u00e3o que \u00e9 cinza por exemplo, \u00e9 totalmente ignorado.<\/p>\n<p class=\"p1\"><b><i>Outros modos de opera\u00e7\u00e3o e dicas finais<\/i><\/b><\/p>\n<p class=\"p2\">Agora \u00e9 com voc\u00ea. O Paint Effect \u00e9 uma ferramenta bem flex\u00edvel e depende apenas do usu\u00e1rio ser criativo e ter paci\u00eancia com os ajustes.<\/p>\n<p class=\"p2\">Outros modos de opera\u00e7\u00e3o interessantes para explorar s\u00e3o o \u201cDarken\/Lighten Only\u201d, que afetam apenas as partes mais escuras\/claras da imagem, o Median, para tentar melhorar uma imagem fora de foco, Scratch Removal para substituir \u00e1reas da imagem e saturation, para dar mais \u00eanfase na satura\u00e7\u00e3o de uma certa \u00e1rea.<\/p>\n<p class=\"p2\">Lembre-se tamb\u00e9m de que tudo pode ser animado com keyframes. N\u00e3o apenas os par\u00e2metros mas tamb\u00e9m os objetos. Por exemplo, no caso do Vignette, fazer mudan\u00e7as no tamanho e forma do objeto durante o tempo \u00e9 bem interessante para n\u00e3o parecer simplesmente uma m\u00e1scara est\u00e1tica.<\/p>\n<p class=\"p2\">Abra\u00e7os e at\u00e9 a pr\u00f3xima!<\/p>\n<p><strong><a href=\"http:\/\/proclass.com.br\/home\/wp-content\/uploads\/2012\/11\/cris3x4.jpg\"><img loading=\"lazy\" decoding=\"async\" class=\"alignleft\" title=\"cris3x4\" src=\"http:\/\/proclass.com.br\/home\/wp-content\/uploads\/2012\/11\/cris3x4.jpg\" alt=\"\" width=\"62\" height=\"83\" \/><\/a>Cristiano Moura<\/strong>\u00a0\u00e9 um instrutor certificado pela Avid em Media Composer e ministra treinamentos oficiais de certifica\u00e7\u00e3o Avid em todo o Brasil pelo centro de treinamentos<a href=\"http:\/\/www.proclass.com.br\" target=\"_blank\" rel=\"noopener\">\u00a0ProClass<\/a>, com sede no Rio de Janeiro.<\/p>\n","protected":false},"excerpt":{"rendered":"<p>Artigo publicado na Revista Luz e Cena Para conhecer mais sobre a revista,\u00a0clique aqui. Para treinamentos e certifica\u00e7\u00f5es oficiais Avid Media Composer, clique aqui. Explorando o seu lado art\u00edstico O avid media composer \u00e9 repleto de efeitos, e muitos deles s\u00e3o sub-efeitos do Paint effect. A ideia essencial do efeito \u00e9 selecionar apenas uma parteContinue reading &rarr;<\/p>\n","protected":false},"author":4,"featured_media":10215,"comment_status":"closed","ping_status":"closed","sticky":false,"template":"","format":"standard","meta":{"footnotes":""},"categories":[17,797],"tags":[],"class_list":["post-10203","post","type-post","status-publish","format-standard","has-post-thumbnail","hentry","category-artigos","category-avid-media-composer-2","has-thumb"],"yoast_head":"<!-- This site is optimized with the Yoast SEO plugin v26.9 - https:\/\/yoast.com\/product\/yoast-seo-wordpress\/ -->\n<title>Paint Effect - PROCLASS<\/title>\n<meta name=\"robots\" content=\"index, follow, max-snippet:-1, max-image-preview:large, max-video-preview:-1\" \/>\n<link rel=\"canonical\" href=\"https:\/\/proclass.com.br\/home\/2018\/06\/paint-effect\/\" \/>\n<meta property=\"og:locale\" content=\"pt_BR\" \/>\n<meta property=\"og:type\" content=\"article\" \/>\n<meta property=\"og:title\" content=\"Paint Effect - PROCLASS\" \/>\n<meta property=\"og:description\" content=\"Artigo publicado na Revista Luz e Cena Para conhecer mais sobre a revista,\u00a0clique aqui. Para treinamentos e certifica\u00e7\u00f5es oficiais Avid Media Composer, clique aqui. Explorando o seu lado art\u00edstico O avid media composer \u00e9 repleto de efeitos, e muitos deles s\u00e3o sub-efeitos do Paint effect. A ideia essencial do efeito \u00e9 selecionar apenas uma parteContinue reading &rarr;\" \/>\n<meta property=\"og:url\" content=\"https:\/\/proclass.com.br\/home\/2018\/06\/paint-effect\/\" \/>\n<meta property=\"og:site_name\" content=\"PROCLASS\" \/>\n<meta property=\"article:published_time\" content=\"2018-06-29T19:08:30+00:00\" \/>\n<meta property=\"og:image\" content=\"https:\/\/proclass.com.br\/home\/wp-content\/uploads\/2018\/06\/Fig.-6B-Shape-oval-no-modo-Erase.png\" \/>\n\t<meta property=\"og:image:width\" content=\"1192\" \/>\n\t<meta property=\"og:image:height\" content=\"930\" \/>\n\t<meta property=\"og:image:type\" content=\"image\/png\" \/>\n<meta name=\"author\" content=\"ProClass Treinamentos\" \/>\n<meta name=\"twitter:card\" content=\"summary_large_image\" \/>\n<meta name=\"twitter:label1\" content=\"Escrito por\" \/>\n\t<meta name=\"twitter:data1\" content=\"ProClass Treinamentos\" \/>\n\t<meta name=\"twitter:label2\" content=\"Est. tempo de leitura\" \/>\n\t<meta name=\"twitter:data2\" content=\"6 minutos\" \/>\n<script type=\"application\/ld+json\" class=\"yoast-schema-graph\">{\"@context\":\"https:\/\/schema.org\",\"@graph\":[{\"@type\":\"Article\",\"@id\":\"https:\/\/proclass.com.br\/home\/2018\/06\/paint-effect\/#article\",\"isPartOf\":{\"@id\":\"https:\/\/proclass.com.br\/home\/2018\/06\/paint-effect\/\"},\"author\":{\"name\":\"ProClass Treinamentos\",\"@id\":\"https:\/\/proclass.com.br\/home\/#\/schema\/person\/f89e1eb93d5d32c0bb465c52f87f5a00\"},\"headline\":\"Paint Effect\",\"datePublished\":\"2018-06-29T19:08:30+00:00\",\"mainEntityOfPage\":{\"@id\":\"https:\/\/proclass.com.br\/home\/2018\/06\/paint-effect\/\"},\"wordCount\":1230,\"publisher\":{\"@id\":\"https:\/\/proclass.com.br\/home\/#organization\"},\"image\":{\"@id\":\"https:\/\/proclass.com.br\/home\/2018\/06\/paint-effect\/#primaryimage\"},\"thumbnailUrl\":\"https:\/\/proclass.com.br\/home\/wp-content\/uploads\/2018\/06\/Fig.-6B-Shape-oval-no-modo-Erase.png\",\"articleSection\":[\"Artigos\",\"Avid Media Composer\"],\"inLanguage\":\"pt-BR\"},{\"@type\":\"WebPage\",\"@id\":\"https:\/\/proclass.com.br\/home\/2018\/06\/paint-effect\/\",\"url\":\"https:\/\/proclass.com.br\/home\/2018\/06\/paint-effect\/\",\"name\":\"Paint Effect - PROCLASS\",\"isPartOf\":{\"@id\":\"https:\/\/proclass.com.br\/home\/#website\"},\"primaryImageOfPage\":{\"@id\":\"https:\/\/proclass.com.br\/home\/2018\/06\/paint-effect\/#primaryimage\"},\"image\":{\"@id\":\"https:\/\/proclass.com.br\/home\/2018\/06\/paint-effect\/#primaryimage\"},\"thumbnailUrl\":\"https:\/\/proclass.com.br\/home\/wp-content\/uploads\/2018\/06\/Fig.-6B-Shape-oval-no-modo-Erase.png\",\"datePublished\":\"2018-06-29T19:08:30+00:00\",\"breadcrumb\":{\"@id\":\"https:\/\/proclass.com.br\/home\/2018\/06\/paint-effect\/#breadcrumb\"},\"inLanguage\":\"pt-BR\",\"potentialAction\":[{\"@type\":\"ReadAction\",\"target\":[\"https:\/\/proclass.com.br\/home\/2018\/06\/paint-effect\/\"]}]},{\"@type\":\"ImageObject\",\"inLanguage\":\"pt-BR\",\"@id\":\"https:\/\/proclass.com.br\/home\/2018\/06\/paint-effect\/#primaryimage\",\"url\":\"https:\/\/proclass.com.br\/home\/wp-content\/uploads\/2018\/06\/Fig.-6B-Shape-oval-no-modo-Erase.png\",\"contentUrl\":\"https:\/\/proclass.com.br\/home\/wp-content\/uploads\/2018\/06\/Fig.-6B-Shape-oval-no-modo-Erase.png\",\"width\":1192,\"height\":930,\"caption\":\"Fig. 6B - Shape oval no modo Erase\"},{\"@type\":\"BreadcrumbList\",\"@id\":\"https:\/\/proclass.com.br\/home\/2018\/06\/paint-effect\/#breadcrumb\",\"itemListElement\":[{\"@type\":\"ListItem\",\"position\":1,\"name\":\"In\u00edcio\",\"item\":\"https:\/\/proclass.com.br\/home\/\"},{\"@type\":\"ListItem\",\"position\":2,\"name\":\"Paint Effect\"}]},{\"@type\":\"WebSite\",\"@id\":\"https:\/\/proclass.com.br\/home\/#website\",\"url\":\"https:\/\/proclass.com.br\/home\/\",\"name\":\"PROCLASS\",\"description\":\"CURSOS E TREINAMENTOS\",\"publisher\":{\"@id\":\"https:\/\/proclass.com.br\/home\/#organization\"},\"potentialAction\":[{\"@type\":\"SearchAction\",\"target\":{\"@type\":\"EntryPoint\",\"urlTemplate\":\"https:\/\/proclass.com.br\/home\/?s={search_term_string}\"},\"query-input\":{\"@type\":\"PropertyValueSpecification\",\"valueRequired\":true,\"valueName\":\"search_term_string\"}}],\"inLanguage\":\"pt-BR\"},{\"@type\":\"Organization\",\"@id\":\"https:\/\/proclass.com.br\/home\/#organization\",\"name\":\"PROCLASS\",\"url\":\"https:\/\/proclass.com.br\/home\/\",\"logo\":{\"@type\":\"ImageObject\",\"inLanguage\":\"pt-BR\",\"@id\":\"https:\/\/proclass.com.br\/home\/#\/schema\/logo\/image\/\",\"url\":\"https:\/\/proclass.com.br\/home\/wp-content\/uploads\/2023\/06\/CABECALHO-black_PROCLASS-2023.png\",\"contentUrl\":\"https:\/\/proclass.com.br\/home\/wp-content\/uploads\/2023\/06\/CABECALHO-black_PROCLASS-2023.png\",\"width\":2563,\"height\":911,\"caption\":\"PROCLASS\"},\"image\":{\"@id\":\"https:\/\/proclass.com.br\/home\/#\/schema\/logo\/image\/\"}},{\"@type\":\"Person\",\"@id\":\"https:\/\/proclass.com.br\/home\/#\/schema\/person\/f89e1eb93d5d32c0bb465c52f87f5a00\",\"name\":\"ProClass Treinamentos\",\"image\":{\"@type\":\"ImageObject\",\"inLanguage\":\"pt-BR\",\"@id\":\"https:\/\/proclass.com.br\/home\/#\/schema\/person\/image\/\",\"url\":\"https:\/\/secure.gravatar.com\/avatar\/3878d7a575c7ac355d2c778d5de04af08b7c5a7d9f19b2889f26cc7d80a6a832?s=96&d=blank&r=g\",\"contentUrl\":\"https:\/\/secure.gravatar.com\/avatar\/3878d7a575c7ac355d2c778d5de04af08b7c5a7d9f19b2889f26cc7d80a6a832?s=96&d=blank&r=g\",\"caption\":\"ProClass Treinamentos\"},\"url\":\"https:\/\/proclass.com.br\/home\/author\/proclass\/\"}]}<\/script>\n<!-- \/ Yoast SEO plugin. -->","yoast_head_json":{"title":"Paint Effect - PROCLASS","robots":{"index":"index","follow":"follow","max-snippet":"max-snippet:-1","max-image-preview":"max-image-preview:large","max-video-preview":"max-video-preview:-1"},"canonical":"https:\/\/proclass.com.br\/home\/2018\/06\/paint-effect\/","og_locale":"pt_BR","og_type":"article","og_title":"Paint Effect - PROCLASS","og_description":"Artigo publicado na Revista Luz e Cena Para conhecer mais sobre a revista,\u00a0clique aqui. Para treinamentos e certifica\u00e7\u00f5es oficiais Avid Media Composer, clique aqui. Explorando o seu lado art\u00edstico O avid media composer \u00e9 repleto de efeitos, e muitos deles s\u00e3o sub-efeitos do Paint effect. A ideia essencial do efeito \u00e9 selecionar apenas uma parteContinue reading &rarr;","og_url":"https:\/\/proclass.com.br\/home\/2018\/06\/paint-effect\/","og_site_name":"PROCLASS","article_published_time":"2018-06-29T19:08:30+00:00","og_image":[{"width":1192,"height":930,"url":"https:\/\/proclass.com.br\/home\/wp-content\/uploads\/2018\/06\/Fig.-6B-Shape-oval-no-modo-Erase.png","type":"image\/png"}],"author":"ProClass Treinamentos","twitter_card":"summary_large_image","twitter_misc":{"Escrito por":"ProClass Treinamentos","Est. tempo de leitura":"6 minutos"},"schema":{"@context":"https:\/\/schema.org","@graph":[{"@type":"Article","@id":"https:\/\/proclass.com.br\/home\/2018\/06\/paint-effect\/#article","isPartOf":{"@id":"https:\/\/proclass.com.br\/home\/2018\/06\/paint-effect\/"},"author":{"name":"ProClass Treinamentos","@id":"https:\/\/proclass.com.br\/home\/#\/schema\/person\/f89e1eb93d5d32c0bb465c52f87f5a00"},"headline":"Paint Effect","datePublished":"2018-06-29T19:08:30+00:00","mainEntityOfPage":{"@id":"https:\/\/proclass.com.br\/home\/2018\/06\/paint-effect\/"},"wordCount":1230,"publisher":{"@id":"https:\/\/proclass.com.br\/home\/#organization"},"image":{"@id":"https:\/\/proclass.com.br\/home\/2018\/06\/paint-effect\/#primaryimage"},"thumbnailUrl":"https:\/\/proclass.com.br\/home\/wp-content\/uploads\/2018\/06\/Fig.-6B-Shape-oval-no-modo-Erase.png","articleSection":["Artigos","Avid Media Composer"],"inLanguage":"pt-BR"},{"@type":"WebPage","@id":"https:\/\/proclass.com.br\/home\/2018\/06\/paint-effect\/","url":"https:\/\/proclass.com.br\/home\/2018\/06\/paint-effect\/","name":"Paint Effect - PROCLASS","isPartOf":{"@id":"https:\/\/proclass.com.br\/home\/#website"},"primaryImageOfPage":{"@id":"https:\/\/proclass.com.br\/home\/2018\/06\/paint-effect\/#primaryimage"},"image":{"@id":"https:\/\/proclass.com.br\/home\/2018\/06\/paint-effect\/#primaryimage"},"thumbnailUrl":"https:\/\/proclass.com.br\/home\/wp-content\/uploads\/2018\/06\/Fig.-6B-Shape-oval-no-modo-Erase.png","datePublished":"2018-06-29T19:08:30+00:00","breadcrumb":{"@id":"https:\/\/proclass.com.br\/home\/2018\/06\/paint-effect\/#breadcrumb"},"inLanguage":"pt-BR","potentialAction":[{"@type":"ReadAction","target":["https:\/\/proclass.com.br\/home\/2018\/06\/paint-effect\/"]}]},{"@type":"ImageObject","inLanguage":"pt-BR","@id":"https:\/\/proclass.com.br\/home\/2018\/06\/paint-effect\/#primaryimage","url":"https:\/\/proclass.com.br\/home\/wp-content\/uploads\/2018\/06\/Fig.-6B-Shape-oval-no-modo-Erase.png","contentUrl":"https:\/\/proclass.com.br\/home\/wp-content\/uploads\/2018\/06\/Fig.-6B-Shape-oval-no-modo-Erase.png","width":1192,"height":930,"caption":"Fig. 6B - Shape oval no modo Erase"},{"@type":"BreadcrumbList","@id":"https:\/\/proclass.com.br\/home\/2018\/06\/paint-effect\/#breadcrumb","itemListElement":[{"@type":"ListItem","position":1,"name":"In\u00edcio","item":"https:\/\/proclass.com.br\/home\/"},{"@type":"ListItem","position":2,"name":"Paint Effect"}]},{"@type":"WebSite","@id":"https:\/\/proclass.com.br\/home\/#website","url":"https:\/\/proclass.com.br\/home\/","name":"PROCLASS","description":"CURSOS E TREINAMENTOS","publisher":{"@id":"https:\/\/proclass.com.br\/home\/#organization"},"potentialAction":[{"@type":"SearchAction","target":{"@type":"EntryPoint","urlTemplate":"https:\/\/proclass.com.br\/home\/?s={search_term_string}"},"query-input":{"@type":"PropertyValueSpecification","valueRequired":true,"valueName":"search_term_string"}}],"inLanguage":"pt-BR"},{"@type":"Organization","@id":"https:\/\/proclass.com.br\/home\/#organization","name":"PROCLASS","url":"https:\/\/proclass.com.br\/home\/","logo":{"@type":"ImageObject","inLanguage":"pt-BR","@id":"https:\/\/proclass.com.br\/home\/#\/schema\/logo\/image\/","url":"https:\/\/proclass.com.br\/home\/wp-content\/uploads\/2023\/06\/CABECALHO-black_PROCLASS-2023.png","contentUrl":"https:\/\/proclass.com.br\/home\/wp-content\/uploads\/2023\/06\/CABECALHO-black_PROCLASS-2023.png","width":2563,"height":911,"caption":"PROCLASS"},"image":{"@id":"https:\/\/proclass.com.br\/home\/#\/schema\/logo\/image\/"}},{"@type":"Person","@id":"https:\/\/proclass.com.br\/home\/#\/schema\/person\/f89e1eb93d5d32c0bb465c52f87f5a00","name":"ProClass Treinamentos","image":{"@type":"ImageObject","inLanguage":"pt-BR","@id":"https:\/\/proclass.com.br\/home\/#\/schema\/person\/image\/","url":"https:\/\/secure.gravatar.com\/avatar\/3878d7a575c7ac355d2c778d5de04af08b7c5a7d9f19b2889f26cc7d80a6a832?s=96&d=blank&r=g","contentUrl":"https:\/\/secure.gravatar.com\/avatar\/3878d7a575c7ac355d2c778d5de04af08b7c5a7d9f19b2889f26cc7d80a6a832?s=96&d=blank&r=g","caption":"ProClass Treinamentos"},"url":"https:\/\/proclass.com.br\/home\/author\/proclass\/"}]}},"_links":{"self":[{"href":"https:\/\/proclass.com.br\/home\/wp-json\/wp\/v2\/posts\/10203","targetHints":{"allow":["GET"]}}],"collection":[{"href":"https:\/\/proclass.com.br\/home\/wp-json\/wp\/v2\/posts"}],"about":[{"href":"https:\/\/proclass.com.br\/home\/wp-json\/wp\/v2\/types\/post"}],"author":[{"embeddable":true,"href":"https:\/\/proclass.com.br\/home\/wp-json\/wp\/v2\/users\/4"}],"replies":[{"embeddable":true,"href":"https:\/\/proclass.com.br\/home\/wp-json\/wp\/v2\/comments?post=10203"}],"version-history":[{"count":0,"href":"https:\/\/proclass.com.br\/home\/wp-json\/wp\/v2\/posts\/10203\/revisions"}],"wp:featuredmedia":[{"embeddable":true,"href":"https:\/\/proclass.com.br\/home\/wp-json\/wp\/v2\/media\/10215"}],"wp:attachment":[{"href":"https:\/\/proclass.com.br\/home\/wp-json\/wp\/v2\/media?parent=10203"}],"wp:term":[{"taxonomy":"category","embeddable":true,"href":"https:\/\/proclass.com.br\/home\/wp-json\/wp\/v2\/categories?post=10203"},{"taxonomy":"post_tag","embeddable":true,"href":"https:\/\/proclass.com.br\/home\/wp-json\/wp\/v2\/tags?post=10203"}],"curies":[{"name":"wp","href":"https:\/\/api.w.org\/{rel}","templated":true}]}}