{"id":10183,"date":"2018-06-29T15:44:40","date_gmt":"2018-06-29T18:44:40","guid":{"rendered":"http:\/\/proclass.com.br\/home\/?p=10183"},"modified":"2018-06-29T15:44:40","modified_gmt":"2018-06-29T18:44:40","slug":"edicao-multicamera-no-avid-media-composer","status":"publish","type":"post","link":"https:\/\/proclass.com.br\/home\/2018\/06\/edicao-multicamera-no-avid-media-composer\/","title":{"rendered":"Edi\u00e7\u00e3o Multicamera no Avid Media Composer"},"content":{"rendered":"<p>Artigo publicado na Revista Luz e Cena<\/p>\n<p><a href=\"http:\/\/www.luzecena.com.br\"><img decoding=\"async\" title=\"luz e cena logo\" src=\"http:\/\/proclass.com.br\/home\/wp-content\/uploads\/2012\/11\/luz-e-cena-logo.jpg\" alt=\"\" width=\"206\" height=\"56\" \/><\/a><\/p>\n<p>Para conhecer mais sobre a revista,\u00a0<a href=\"http:\/\/www.luzecena.com.br\" target=\"_blank\" rel=\"noopener\">clique aqui.<\/a><\/p>\n<p>Para treinamentos e certifica\u00e7\u00f5es oficiais Avid Media Composer,<a href=\"http:\/\/proclass.com.br\/home\/cursos\/avid-media-composer\/\"> clique aqui.<\/a><\/p>\n<p class=\"p1\"><b><i>Edi\u00e7\u00e3o de m\u00faltiplos \u00e2ngulos, sem dor de cabe\u00e7a<\/i><\/b><\/p>\n<p class=\"p2\">A edi\u00e7\u00e3o de m\u00faltiplas c\u00e2meras pode ser \u00fatil em diversos cen\u00e1rios. Entrevistas, reality shows, esquetes, shows, videoclipes e muito mais.<\/p>\n<p class=\"p2\">O Avid Media Composer possui uma gama de recursos, que fazem desta desafiadora edi\u00e7\u00e3o em algo pr\u00e1tico e confort\u00e1vel.<\/p>\n<p class=\"p2\">Vamos conhecer alguns dos principais fluxos de trabalho e recursos a partir de agora!<\/p>\n<p class=\"p1\"><b><i>M\u00e9todos de sincronismo<\/i><\/b><\/p>\n<p class=\"p2\">A edi\u00e7\u00e3o multicamera \u00e9 relativamente simples. A prepara\u00e7\u00e3o \u00e9 que toma mais tempo, portanto, neste artigo vamos nos dedicar a falar com mais cuidado sobre os m\u00e9todos de sincronismo do que a edi\u00e7\u00e3o em si.<\/p>\n<p class=\"p2\">Quando mais de uma c\u00e2mera \u00e9 utilizada, temos um problema que n\u00e3o temos como escapar. N\u00e3o tem como todos os cinegrafistas pressionarem o bot\u00e3o de grava\u00e7\u00e3o no exato mesmo momento, ent\u00e3o para editar Multicamera (em qualquer programa de edi\u00e7\u00e3o) \u00e9 necess\u00e1rio encontrar alguma refer\u00eancia que possa servir de sincronismo.<\/p>\n<p class=\"p2\">Em um mundo ideal, utilizamos c\u00e2meras capazes de fornecer e receber informa\u00e7\u00f5es de timecode, que funciona como um rel\u00f3gio universal para posteriormente servir como refer\u00eancia de sincronismo.<\/p>\n<p class=\"p2\">O processo \u00e9 relativamente simples, onde um c\u00e2mera \u201cmestre\u201d gera informa\u00e7\u00f5es de tempo (timecode) para as demais c\u00e2meras, e assim, todas registram informa\u00e7\u00f5es baseadas na c\u00e2mera mestre.<\/p>\n<p class=\"p2\">Na pr\u00e1tica, a vida n\u00e3o \u00e9 t\u00e3o bela. Em primeiro lugar, sem querer discutir os motivos, o fato \u00e9 que nem sempre este processo de sincronismo entre as c\u00e2meras funciona.<\/p>\n<p class=\"p2\">Em segundo, muitas c\u00e2meras n\u00e3o possuem esta funcionalidade, ent\u00e3o temos que pensar em outras solu\u00e7\u00f5es.<\/p>\n<p class=\"p2\">Como segunda op\u00e7\u00e3o, o Avid Media Composer \u00e9 capaz de usar o \u00e1udio como refer\u00eancia de sincronismo. Se as c\u00e2meras gravaram \u00e1udio, pela an\u00e1lise das formas de onda, o Avid \u00e9 capaz de fazer o sincronismo.<\/p>\n<p class=\"p2\">Esta j\u00e1 \u00e9 uma op\u00e7\u00e3o muito mais popular, j\u00e1 que a maioria das c\u00e2meras tem microfones embutidos e gravam \u00e1udio e v\u00eddeo sem problemas. Mesmo que a qualidade do microfone n\u00e3o seja boa, isso n\u00e3o tem relev\u00e2ncia para o processo de sincronismo via an\u00e1lise de formas de onda.<\/p>\n<p class=\"p2\">Agora, como fazer se uma das c\u00e2meras n\u00e3o gravaram \u00e1udio, ou se a an\u00e1lise pelas formas de onda falhar?<\/p>\n<p class=\"p2\">Neste caso, vamos partir para a terceira t\u00e1tica, que \u00e9 a identifica\u00e7\u00e3o manual de uma refer\u00eancia de sincronismo.<\/p>\n<p class=\"p2\">Ou seja, vamos carregar um clip por vez no source monitor e colocar um In Point em um momento de f\u00e1cil identifica\u00e7\u00e3o em todas as c\u00e2meras. Este \u00e9 um dos v\u00e1rios motivos de se usar uma claquete a cada novo take de uma cena. Ela fornece uma informa\u00e7\u00e3o precisa de \u00e1udio e v\u00eddeo, ent\u00e3o basta localizar o frame exato onde a claquete \u00e9 feita e marcar o In Point.<\/p>\n<p class=\"p2\">Se voc\u00ea pretende filmar algo com m\u00faltiplas c\u00e2meras e n\u00e3o possui uma claquete, n\u00e3o se preocupe. Simplesmente bata uma palma antes de cada take que ser\u00e1 suficiente para este processo.<\/p>\n<p class=\"p2\">Agora, se voc\u00ea quer de fato ser mais organizado, e ter registro de take, cena e tudo mais, mas n\u00e3o quer comprar uma claquete, uma boa solu\u00e7\u00e3o s\u00e3o os aplicativos de claquete para iOS e Android. Basta procurar pelo termo em ingl\u00eas \u201cSlate\u201d (fig. 1).<\/p>\n<div id=\"attachment_10184\" style=\"width: 1034px\" class=\"wp-caption aligncenter\"><img fetchpriority=\"high\" decoding=\"async\" aria-describedby=\"caption-attachment-10184\" class=\"size-large wp-image-10184\" src=\"http:\/\/proclass.com.br\/home\/wp-content\/uploads\/2018\/06\/Fig.-1-Uma-das-muitas-opc\u0327o\u0303es-de-aplicativos-de-Claquete-para-iOS-1024x663.png\" alt=\"\" width=\"1024\" height=\"663\" srcset=\"https:\/\/proclass.com.br\/home\/wp-content\/uploads\/2018\/06\/Fig.-1-Uma-das-muitas-opc\u0327o\u0303es-de-aplicativos-de-Claquete-para-iOS-1024x663.png 1024w, https:\/\/proclass.com.br\/home\/wp-content\/uploads\/2018\/06\/Fig.-1-Uma-das-muitas-opc\u0327o\u0303es-de-aplicativos-de-Claquete-para-iOS-300x194.png 300w, https:\/\/proclass.com.br\/home\/wp-content\/uploads\/2018\/06\/Fig.-1-Uma-das-muitas-opc\u0327o\u0303es-de-aplicativos-de-Claquete-para-iOS-768x497.png 768w\" sizes=\"(max-width: 1024px) 100vw, 1024px\" \/><p id=\"caption-attachment-10184\" class=\"wp-caption-text\">Fig. 1 &#8211; Uma das muitas opc\u0327o\u0303es de aplicativos de Claquete para iOS<\/p><\/div>\n<p class=\"p2\">Por \u00faltimo, se o material j\u00e1 foi filmado e entregue a voc\u00ea sem nenhuma refer\u00eancia de claquete, palmas ou similar, voc\u00ea pode procurar um momento de f\u00e1cil identifica\u00e7\u00e3o em todas as c\u00e2meras. Pode ser um frame onde o baterista bate em um prato, o entrevistado coloca a m\u00e3o na cabe\u00e7a, ou mesmo um flash disparado por algum fot\u00f3grafo pode ser facilmente identific\u00e1vel (fig. 2A, B, C e D).<\/p>\n<div id=\"attachment_10185\" style=\"width: 535px\" class=\"wp-caption aligncenter\"><img decoding=\"async\" aria-describedby=\"caption-attachment-10185\" class=\" wp-image-10185\" src=\"http:\/\/proclass.com.br\/home\/wp-content\/uploads\/2018\/06\/Fig.-2A-U\u0301ltimo-Frame-antes-do-Flash-1024x572.png\" alt=\"\" width=\"525\" height=\"293\" srcset=\"https:\/\/proclass.com.br\/home\/wp-content\/uploads\/2018\/06\/Fig.-2A-U\u0301ltimo-Frame-antes-do-Flash-1024x572.png 1024w, https:\/\/proclass.com.br\/home\/wp-content\/uploads\/2018\/06\/Fig.-2A-U\u0301ltimo-Frame-antes-do-Flash-300x168.png 300w, https:\/\/proclass.com.br\/home\/wp-content\/uploads\/2018\/06\/Fig.-2A-U\u0301ltimo-Frame-antes-do-Flash-768x429.png 768w, https:\/\/proclass.com.br\/home\/wp-content\/uploads\/2018\/06\/Fig.-2A-U\u0301ltimo-Frame-antes-do-Flash.png 1440w\" sizes=\"(max-width: 525px) 100vw, 525px\" \/><p id=\"caption-attachment-10185\" class=\"wp-caption-text\">Fig. 2A &#8211; U\u0301ltimo Frame antes do Flash<\/p><\/div>\n<div id=\"attachment_10186\" style=\"width: 528px\" class=\"wp-caption aligncenter\"><img loading=\"lazy\" decoding=\"async\" aria-describedby=\"caption-attachment-10186\" class=\" wp-image-10186\" src=\"http:\/\/proclass.com.br\/home\/wp-content\/uploads\/2018\/06\/Fig.-2B-Frame-do-momento-do-Flash-1024x576.png\" alt=\"\" width=\"518\" height=\"292\" srcset=\"https:\/\/proclass.com.br\/home\/wp-content\/uploads\/2018\/06\/Fig.-2B-Frame-do-momento-do-Flash-1024x576.png 1024w, https:\/\/proclass.com.br\/home\/wp-content\/uploads\/2018\/06\/Fig.-2B-Frame-do-momento-do-Flash-300x169.png 300w, https:\/\/proclass.com.br\/home\/wp-content\/uploads\/2018\/06\/Fig.-2B-Frame-do-momento-do-Flash-768x432.png 768w, https:\/\/proclass.com.br\/home\/wp-content\/uploads\/2018\/06\/Fig.-2B-Frame-do-momento-do-Flash.png 1430w\" sizes=\"(max-width: 518px) 100vw, 518px\" \/><p id=\"caption-attachment-10186\" class=\"wp-caption-text\">Fig. 2B &#8211; Frame do momento do Flash<\/p><\/div>\n<div id=\"attachment_10187\" style=\"width: 538px\" class=\"wp-caption aligncenter\"><img loading=\"lazy\" decoding=\"async\" aria-describedby=\"caption-attachment-10187\" class=\" wp-image-10187\" src=\"http:\/\/proclass.com.br\/home\/wp-content\/uploads\/2018\/06\/Fig.-2C-Frame-seguinte-ao-Flash-1024x577.png\" alt=\"\" width=\"528\" height=\"298\" srcset=\"https:\/\/proclass.com.br\/home\/wp-content\/uploads\/2018\/06\/Fig.-2C-Frame-seguinte-ao-Flash-1024x577.png 1024w, https:\/\/proclass.com.br\/home\/wp-content\/uploads\/2018\/06\/Fig.-2C-Frame-seguinte-ao-Flash-300x169.png 300w, https:\/\/proclass.com.br\/home\/wp-content\/uploads\/2018\/06\/Fig.-2C-Frame-seguinte-ao-Flash-768x432.png 768w, https:\/\/proclass.com.br\/home\/wp-content\/uploads\/2018\/06\/Fig.-2C-Frame-seguinte-ao-Flash.png 1428w\" sizes=\"(max-width: 528px) 100vw, 528px\" \/><p id=\"caption-attachment-10187\" class=\"wp-caption-text\">Fig. 2C &#8211; Frame seguinte ao Flash<\/p><\/div>\n<div id=\"attachment_10188\" style=\"width: 541px\" class=\"wp-caption aligncenter\"><img loading=\"lazy\" decoding=\"async\" aria-describedby=\"caption-attachment-10188\" class=\" wp-image-10188\" src=\"http:\/\/proclass.com.br\/home\/wp-content\/uploads\/2018\/06\/Fig.-2D-Dois-frames-seguintes-ao-Flash-1024x578.png\" alt=\"\" width=\"531\" height=\"300\" srcset=\"https:\/\/proclass.com.br\/home\/wp-content\/uploads\/2018\/06\/Fig.-2D-Dois-frames-seguintes-ao-Flash-1024x578.png 1024w, https:\/\/proclass.com.br\/home\/wp-content\/uploads\/2018\/06\/Fig.-2D-Dois-frames-seguintes-ao-Flash-300x169.png 300w, https:\/\/proclass.com.br\/home\/wp-content\/uploads\/2018\/06\/Fig.-2D-Dois-frames-seguintes-ao-Flash-768x434.png 768w, https:\/\/proclass.com.br\/home\/wp-content\/uploads\/2018\/06\/Fig.-2D-Dois-frames-seguintes-ao-Flash.png 1424w\" sizes=\"(max-width: 531px) 100vw, 531px\" \/><p id=\"caption-attachment-10188\" class=\"wp-caption-text\">Fig. 2D &#8211; Dois frames seguintes ao Flash<\/p><\/div>\n<p class=\"p1\"><b><i>Agrupando os clips para Multicam<\/i><\/b><\/p>\n<p class=\"p2\">Continuando nossa prepara\u00e7\u00e3o, temos que avisar ao Avid Media Composer que temos diversos master clips, que na realidade s\u00e3o da mesma cena, por\u00e9m gravadas por \u00e2ngulos diferentes.<\/p>\n<p class=\"p2\">O procedimento \u00e9 bem simples. Primeiro selecionamos todos os master clips e depois, pelo menu Clip, acessamos a op\u00e7\u00e3o \u201cGroup\u201d.<\/p>\n<p class=\"p2\"><b>Observa\u00e7\u00e3o: em vers\u00f5es anteriores ao Media Composer 8.5, a mesma fun\u00e7\u00e3o encontra-se no menu Bin, com o nome de \u201cGroup Clips<\/b>\u201d.<\/p>\n<p class=\"p2\">Na caixa de di\u00e1logo a seguir (fig. 3), temos que informar qual o m\u00e9todo de sincronismo que usamos. Basta escolher qual dos m\u00e9todos mencionados acima foi usado para fornecer refer\u00eancia de sincronismo e apertar ok.<\/p>\n<div id=\"attachment_10189\" style=\"width: 438px\" class=\"wp-caption aligncenter\"><img loading=\"lazy\" decoding=\"async\" aria-describedby=\"caption-attachment-10189\" class=\"size-full wp-image-10189\" src=\"http:\/\/proclass.com.br\/home\/wp-content\/uploads\/2018\/06\/Fig.-3-Opc\u0327o\u0303es-de-sincronismo.png\" alt=\"\" width=\"428\" height=\"520\" srcset=\"https:\/\/proclass.com.br\/home\/wp-content\/uploads\/2018\/06\/Fig.-3-Opc\u0327o\u0303es-de-sincronismo.png 428w, https:\/\/proclass.com.br\/home\/wp-content\/uploads\/2018\/06\/Fig.-3-Opc\u0327o\u0303es-de-sincronismo-247x300.png 247w\" sizes=\"(max-width: 428px) 100vw, 428px\" \/><p id=\"caption-attachment-10189\" class=\"wp-caption-text\">Fig. 3 &#8211; Opc\u0327o\u0303es de sincronismo<\/p><\/div>\n<p class=\"p2\">Um novo clip ser\u00e1 criado no mesmo bin, e repare que o \u00edcone \u00e9 bem diferente. Este clip cont\u00e9m todos os masterclips selecionados. Agora estamos prontos para editar!<\/p>\n<p class=\"p1\"><b><i>Editando multicamera<\/i><\/b><\/p>\n<p class=\"p2\">Obviamente, a primeira a fazer \u00e9 criar uma sequ\u00eancia e jogar o master clip rec\u00e9m criado na sua timeline.<\/p>\n<p class=\"p2\">A princ\u00edpio parece um clip comum, mas todos os \u00e2ngulos est\u00e3o embutidos neste \u00fanico segmento.<\/p>\n<p class=\"p2\">Para acessar os outros \u00e2ngulos, vamos acessar pelo menu Composer, a fun\u00e7\u00e3o Multicamera Mode.<\/p>\n<p class=\"p2\"><b>Observa\u00e7\u00e3o: em vers\u00f5es anteriores ao Media Composer 8.5, a mesma fun\u00e7\u00e3o encontra-se no menu Special<\/b>.<\/p>\n<p class=\"p2\">Com a fun\u00e7\u00e3o habilitada, o usu\u00e1rio pode visualizar 4 ou 9 \u00e2ngulos simultaneamente pelo source monitor (fig. 4). Para fazer a edi\u00e7\u00e3o\/troca de c\u00e2mera, basta posicionar o cursor na timeline no local onde a edi\u00e7\u00e3o deve ser feita, e clicar em um dos v\u00eddeos do source monitor.<\/p>\n<div id=\"attachment_10190\" style=\"width: 535px\" class=\"wp-caption aligncenter\"><img loading=\"lazy\" decoding=\"async\" aria-describedby=\"caption-attachment-10190\" class=\" wp-image-10190\" src=\"http:\/\/proclass.com.br\/home\/wp-content\/uploads\/2018\/06\/Fig.-4-Multicamera-Mode-1024x730.png\" alt=\"\" width=\"525\" height=\"374\" srcset=\"https:\/\/proclass.com.br\/home\/wp-content\/uploads\/2018\/06\/Fig.-4-Multicamera-Mode-1024x730.png 1024w, https:\/\/proclass.com.br\/home\/wp-content\/uploads\/2018\/06\/Fig.-4-Multicamera-Mode-300x214.png 300w, https:\/\/proclass.com.br\/home\/wp-content\/uploads\/2018\/06\/Fig.-4-Multicamera-Mode-768x548.png 768w, https:\/\/proclass.com.br\/home\/wp-content\/uploads\/2018\/06\/Fig.-4-Multicamera-Mode.png 1444w\" sizes=\"(max-width: 525px) 100vw, 525px\" \/><p id=\"caption-attachment-10190\" class=\"wp-caption-text\">Fig. 4 &#8211; Multicamera Mode<\/p><\/div>\n<p class=\"p2\">Esta edi\u00e7\u00e3o pode ser feita tanto com o cursor parado, quanto com o playback ativo, onde o usu\u00e1rio pode simular a edi\u00e7\u00e3o como se fosse \u201cao vivo, em uma mesa de corte. Basta acionar o playback e seguir clicando com o mouse nos \u00e2ngulos de prefer\u00eancia. Ao pressionar o stop, os cortes ser\u00e3o feitos.<\/p>\n<p class=\"p1\"><b><i>Repensando seus cortes<\/i><\/b><\/p>\n<p class=\"p2\">Dificilmente vamos conseguir fazer uma edi\u00e7\u00e3o perfeita de primeira. Fatalmente, dois ajustes v\u00e3o ser solicitados. Ou altera\u00e7\u00e3o no ponto\/momento do corte, ou uma substitui\u00e7\u00e3o da c\u00e2mera escolhida.<\/p>\n<p class=\"p2\">Para o primeiro caso, podemos usar a fun\u00e7\u00e3o Trim com o dual Roller habilitado (fig. 5) ou Extend para alterar o ponto de corte.<\/p>\n<div id=\"attachment_10191\" style=\"width: 540px\" class=\"wp-caption aligncenter\"><img loading=\"lazy\" decoding=\"async\" aria-describedby=\"caption-attachment-10191\" class=\" wp-image-10191\" src=\"http:\/\/proclass.com.br\/home\/wp-content\/uploads\/2018\/06\/Fig.-5-Trim-Dual-Roller.png\" alt=\"\" width=\"530\" height=\"462\" srcset=\"https:\/\/proclass.com.br\/home\/wp-content\/uploads\/2018\/06\/Fig.-5-Trim-Dual-Roller.png 792w, https:\/\/proclass.com.br\/home\/wp-content\/uploads\/2018\/06\/Fig.-5-Trim-Dual-Roller-300x261.png 300w, https:\/\/proclass.com.br\/home\/wp-content\/uploads\/2018\/06\/Fig.-5-Trim-Dual-Roller-768x669.png 768w\" sizes=\"(max-width: 530px) 100vw, 530px\" \/><p id=\"caption-attachment-10191\" class=\"wp-caption-text\">Fig. 5 &#8211; Trim Dual Roller<\/p><\/div>\n<p class=\"p2\">Por fim, para a troca de c\u00e2meras, basta posicionar o cursor da timeline em qualquer ponto do clip em quest\u00e3o, e utilizar as setas para cima e para baixo no seu teclado para alterar os \u00e2ngulos.<\/p>\n<p class=\"p2\">E com isso, vamos ficando por aqui. At\u00e9 a pr\u00f3xima!<\/p>\n<p class=\"p2\">Abra\u00e7os<\/p>\n<p><strong><a href=\"http:\/\/proclass.com.br\/home\/wp-content\/uploads\/2012\/11\/cris3x4.jpg\"><img loading=\"lazy\" decoding=\"async\" class=\"alignleft\" title=\"cris3x4\" src=\"http:\/\/proclass.com.br\/home\/wp-content\/uploads\/2012\/11\/cris3x4.jpg\" alt=\"\" width=\"62\" height=\"83\" \/><\/a>Cristiano Moura<\/strong>\u00a0\u00e9 um instrutor certificado pela Avid em Media Composer e ministra treinamentos oficiais de certifica\u00e7\u00e3o Avid em todo o Brasil pelo centro de treinamentos<a href=\"http:\/\/www.proclass.com.br\" target=\"_blank\" rel=\"noopener\">\u00a0ProClass<\/a>, com sede no Rio de Janeiro.<\/p>\n","protected":false},"excerpt":{"rendered":"<p>Artigo publicado na Revista Luz e Cena Para conhecer mais sobre a revista,\u00a0clique aqui. Para treinamentos e certifica\u00e7\u00f5es oficiais Avid Media Composer, clique aqui. Edi\u00e7\u00e3o de m\u00faltiplos \u00e2ngulos, sem dor de cabe\u00e7a A edi\u00e7\u00e3o de m\u00faltiplas c\u00e2meras pode ser \u00fatil em diversos cen\u00e1rios. Entrevistas, reality shows, esquetes, shows, videoclipes e muito mais. O Avid MediaContinue reading &rarr;<\/p>\n","protected":false},"author":4,"featured_media":10190,"comment_status":"closed","ping_status":"closed","sticky":false,"template":"","format":"standard","meta":{"footnotes":""},"categories":[17,797],"tags":[],"class_list":["post-10183","post","type-post","status-publish","format-standard","has-post-thumbnail","hentry","category-artigos","category-avid-media-composer-2","has-thumb"],"yoast_head":"<!-- This site is optimized with the Yoast SEO plugin v26.9 - https:\/\/yoast.com\/product\/yoast-seo-wordpress\/ -->\n<title>Edi\u00e7\u00e3o Multicamera no Avid Media Composer - PROCLASS<\/title>\n<meta name=\"robots\" content=\"index, follow, max-snippet:-1, max-image-preview:large, max-video-preview:-1\" \/>\n<link rel=\"canonical\" href=\"https:\/\/proclass.com.br\/home\/2018\/06\/edicao-multicamera-no-avid-media-composer\/\" \/>\n<meta property=\"og:locale\" content=\"pt_BR\" \/>\n<meta property=\"og:type\" content=\"article\" \/>\n<meta property=\"og:title\" content=\"Edi\u00e7\u00e3o Multicamera no Avid Media Composer - PROCLASS\" \/>\n<meta property=\"og:description\" content=\"Artigo publicado na Revista Luz e Cena Para conhecer mais sobre a revista,\u00a0clique aqui. Para treinamentos e certifica\u00e7\u00f5es oficiais Avid Media Composer, clique aqui. Edi\u00e7\u00e3o de m\u00faltiplos \u00e2ngulos, sem dor de cabe\u00e7a A edi\u00e7\u00e3o de m\u00faltiplas c\u00e2meras pode ser \u00fatil em diversos cen\u00e1rios. Entrevistas, reality shows, esquetes, shows, videoclipes e muito mais. O Avid MediaContinue reading &rarr;\" \/>\n<meta property=\"og:url\" content=\"https:\/\/proclass.com.br\/home\/2018\/06\/edicao-multicamera-no-avid-media-composer\/\" \/>\n<meta property=\"og:site_name\" content=\"PROCLASS\" \/>\n<meta property=\"article:published_time\" content=\"2018-06-29T18:44:40+00:00\" \/>\n<meta property=\"og:image\" content=\"https:\/\/proclass.com.br\/home\/wp-content\/uploads\/2018\/06\/Fig.-4-Multicamera-Mode.png\" \/>\n\t<meta property=\"og:image:width\" content=\"1444\" \/>\n\t<meta property=\"og:image:height\" content=\"1030\" \/>\n\t<meta property=\"og:image:type\" content=\"image\/png\" \/>\n<meta name=\"author\" content=\"ProClass Treinamentos\" \/>\n<meta name=\"twitter:card\" content=\"summary_large_image\" \/>\n<meta name=\"twitter:label1\" content=\"Escrito por\" \/>\n\t<meta name=\"twitter:data1\" content=\"ProClass Treinamentos\" \/>\n\t<meta name=\"twitter:label2\" content=\"Est. tempo de leitura\" \/>\n\t<meta name=\"twitter:data2\" content=\"6 minutos\" \/>\n<script type=\"application\/ld+json\" class=\"yoast-schema-graph\">{\"@context\":\"https:\/\/schema.org\",\"@graph\":[{\"@type\":\"Article\",\"@id\":\"https:\/\/proclass.com.br\/home\/2018\/06\/edicao-multicamera-no-avid-media-composer\/#article\",\"isPartOf\":{\"@id\":\"https:\/\/proclass.com.br\/home\/2018\/06\/edicao-multicamera-no-avid-media-composer\/\"},\"author\":{\"name\":\"ProClass Treinamentos\",\"@id\":\"https:\/\/proclass.com.br\/home\/#\/schema\/person\/f89e1eb93d5d32c0bb465c52f87f5a00\"},\"headline\":\"Edi\u00e7\u00e3o Multicamera no Avid Media Composer\",\"datePublished\":\"2018-06-29T18:44:40+00:00\",\"mainEntityOfPage\":{\"@id\":\"https:\/\/proclass.com.br\/home\/2018\/06\/edicao-multicamera-no-avid-media-composer\/\"},\"wordCount\":1267,\"publisher\":{\"@id\":\"https:\/\/proclass.com.br\/home\/#organization\"},\"image\":{\"@id\":\"https:\/\/proclass.com.br\/home\/2018\/06\/edicao-multicamera-no-avid-media-composer\/#primaryimage\"},\"thumbnailUrl\":\"https:\/\/proclass.com.br\/home\/wp-content\/uploads\/2018\/06\/Fig.-4-Multicamera-Mode.png\",\"articleSection\":[\"Artigos\",\"Avid Media Composer\"],\"inLanguage\":\"pt-BR\"},{\"@type\":\"WebPage\",\"@id\":\"https:\/\/proclass.com.br\/home\/2018\/06\/edicao-multicamera-no-avid-media-composer\/\",\"url\":\"https:\/\/proclass.com.br\/home\/2018\/06\/edicao-multicamera-no-avid-media-composer\/\",\"name\":\"Edi\u00e7\u00e3o Multicamera no Avid Media Composer - PROCLASS\",\"isPartOf\":{\"@id\":\"https:\/\/proclass.com.br\/home\/#website\"},\"primaryImageOfPage\":{\"@id\":\"https:\/\/proclass.com.br\/home\/2018\/06\/edicao-multicamera-no-avid-media-composer\/#primaryimage\"},\"image\":{\"@id\":\"https:\/\/proclass.com.br\/home\/2018\/06\/edicao-multicamera-no-avid-media-composer\/#primaryimage\"},\"thumbnailUrl\":\"https:\/\/proclass.com.br\/home\/wp-content\/uploads\/2018\/06\/Fig.-4-Multicamera-Mode.png\",\"datePublished\":\"2018-06-29T18:44:40+00:00\",\"breadcrumb\":{\"@id\":\"https:\/\/proclass.com.br\/home\/2018\/06\/edicao-multicamera-no-avid-media-composer\/#breadcrumb\"},\"inLanguage\":\"pt-BR\",\"potentialAction\":[{\"@type\":\"ReadAction\",\"target\":[\"https:\/\/proclass.com.br\/home\/2018\/06\/edicao-multicamera-no-avid-media-composer\/\"]}]},{\"@type\":\"ImageObject\",\"inLanguage\":\"pt-BR\",\"@id\":\"https:\/\/proclass.com.br\/home\/2018\/06\/edicao-multicamera-no-avid-media-composer\/#primaryimage\",\"url\":\"https:\/\/proclass.com.br\/home\/wp-content\/uploads\/2018\/06\/Fig.-4-Multicamera-Mode.png\",\"contentUrl\":\"https:\/\/proclass.com.br\/home\/wp-content\/uploads\/2018\/06\/Fig.-4-Multicamera-Mode.png\",\"width\":1444,\"height\":1030,\"caption\":\"Fig. 4 - Multicamera Mode\"},{\"@type\":\"BreadcrumbList\",\"@id\":\"https:\/\/proclass.com.br\/home\/2018\/06\/edicao-multicamera-no-avid-media-composer\/#breadcrumb\",\"itemListElement\":[{\"@type\":\"ListItem\",\"position\":1,\"name\":\"In\u00edcio\",\"item\":\"https:\/\/proclass.com.br\/home\/\"},{\"@type\":\"ListItem\",\"position\":2,\"name\":\"Edi\u00e7\u00e3o Multicamera no Avid Media Composer\"}]},{\"@type\":\"WebSite\",\"@id\":\"https:\/\/proclass.com.br\/home\/#website\",\"url\":\"https:\/\/proclass.com.br\/home\/\",\"name\":\"PROCLASS\",\"description\":\"CURSOS E TREINAMENTOS\",\"publisher\":{\"@id\":\"https:\/\/proclass.com.br\/home\/#organization\"},\"potentialAction\":[{\"@type\":\"SearchAction\",\"target\":{\"@type\":\"EntryPoint\",\"urlTemplate\":\"https:\/\/proclass.com.br\/home\/?s={search_term_string}\"},\"query-input\":{\"@type\":\"PropertyValueSpecification\",\"valueRequired\":true,\"valueName\":\"search_term_string\"}}],\"inLanguage\":\"pt-BR\"},{\"@type\":\"Organization\",\"@id\":\"https:\/\/proclass.com.br\/home\/#organization\",\"name\":\"PROCLASS\",\"url\":\"https:\/\/proclass.com.br\/home\/\",\"logo\":{\"@type\":\"ImageObject\",\"inLanguage\":\"pt-BR\",\"@id\":\"https:\/\/proclass.com.br\/home\/#\/schema\/logo\/image\/\",\"url\":\"https:\/\/proclass.com.br\/home\/wp-content\/uploads\/2023\/06\/CABECALHO-black_PROCLASS-2023.png\",\"contentUrl\":\"https:\/\/proclass.com.br\/home\/wp-content\/uploads\/2023\/06\/CABECALHO-black_PROCLASS-2023.png\",\"width\":2563,\"height\":911,\"caption\":\"PROCLASS\"},\"image\":{\"@id\":\"https:\/\/proclass.com.br\/home\/#\/schema\/logo\/image\/\"}},{\"@type\":\"Person\",\"@id\":\"https:\/\/proclass.com.br\/home\/#\/schema\/person\/f89e1eb93d5d32c0bb465c52f87f5a00\",\"name\":\"ProClass Treinamentos\",\"image\":{\"@type\":\"ImageObject\",\"inLanguage\":\"pt-BR\",\"@id\":\"https:\/\/proclass.com.br\/home\/#\/schema\/person\/image\/\",\"url\":\"https:\/\/secure.gravatar.com\/avatar\/3878d7a575c7ac355d2c778d5de04af08b7c5a7d9f19b2889f26cc7d80a6a832?s=96&d=blank&r=g\",\"contentUrl\":\"https:\/\/secure.gravatar.com\/avatar\/3878d7a575c7ac355d2c778d5de04af08b7c5a7d9f19b2889f26cc7d80a6a832?s=96&d=blank&r=g\",\"caption\":\"ProClass Treinamentos\"},\"url\":\"https:\/\/proclass.com.br\/home\/author\/proclass\/\"}]}<\/script>\n<!-- \/ Yoast SEO plugin. -->","yoast_head_json":{"title":"Edi\u00e7\u00e3o Multicamera no Avid Media Composer - PROCLASS","robots":{"index":"index","follow":"follow","max-snippet":"max-snippet:-1","max-image-preview":"max-image-preview:large","max-video-preview":"max-video-preview:-1"},"canonical":"https:\/\/proclass.com.br\/home\/2018\/06\/edicao-multicamera-no-avid-media-composer\/","og_locale":"pt_BR","og_type":"article","og_title":"Edi\u00e7\u00e3o Multicamera no Avid Media Composer - PROCLASS","og_description":"Artigo publicado na Revista Luz e Cena Para conhecer mais sobre a revista,\u00a0clique aqui. Para treinamentos e certifica\u00e7\u00f5es oficiais Avid Media Composer, clique aqui. Edi\u00e7\u00e3o de m\u00faltiplos \u00e2ngulos, sem dor de cabe\u00e7a A edi\u00e7\u00e3o de m\u00faltiplas c\u00e2meras pode ser \u00fatil em diversos cen\u00e1rios. Entrevistas, reality shows, esquetes, shows, videoclipes e muito mais. O Avid MediaContinue reading &rarr;","og_url":"https:\/\/proclass.com.br\/home\/2018\/06\/edicao-multicamera-no-avid-media-composer\/","og_site_name":"PROCLASS","article_published_time":"2018-06-29T18:44:40+00:00","og_image":[{"width":1444,"height":1030,"url":"https:\/\/proclass.com.br\/home\/wp-content\/uploads\/2018\/06\/Fig.-4-Multicamera-Mode.png","type":"image\/png"}],"author":"ProClass Treinamentos","twitter_card":"summary_large_image","twitter_misc":{"Escrito por":"ProClass Treinamentos","Est. tempo de leitura":"6 minutos"},"schema":{"@context":"https:\/\/schema.org","@graph":[{"@type":"Article","@id":"https:\/\/proclass.com.br\/home\/2018\/06\/edicao-multicamera-no-avid-media-composer\/#article","isPartOf":{"@id":"https:\/\/proclass.com.br\/home\/2018\/06\/edicao-multicamera-no-avid-media-composer\/"},"author":{"name":"ProClass Treinamentos","@id":"https:\/\/proclass.com.br\/home\/#\/schema\/person\/f89e1eb93d5d32c0bb465c52f87f5a00"},"headline":"Edi\u00e7\u00e3o Multicamera no Avid Media Composer","datePublished":"2018-06-29T18:44:40+00:00","mainEntityOfPage":{"@id":"https:\/\/proclass.com.br\/home\/2018\/06\/edicao-multicamera-no-avid-media-composer\/"},"wordCount":1267,"publisher":{"@id":"https:\/\/proclass.com.br\/home\/#organization"},"image":{"@id":"https:\/\/proclass.com.br\/home\/2018\/06\/edicao-multicamera-no-avid-media-composer\/#primaryimage"},"thumbnailUrl":"https:\/\/proclass.com.br\/home\/wp-content\/uploads\/2018\/06\/Fig.-4-Multicamera-Mode.png","articleSection":["Artigos","Avid Media Composer"],"inLanguage":"pt-BR"},{"@type":"WebPage","@id":"https:\/\/proclass.com.br\/home\/2018\/06\/edicao-multicamera-no-avid-media-composer\/","url":"https:\/\/proclass.com.br\/home\/2018\/06\/edicao-multicamera-no-avid-media-composer\/","name":"Edi\u00e7\u00e3o Multicamera no Avid Media Composer - PROCLASS","isPartOf":{"@id":"https:\/\/proclass.com.br\/home\/#website"},"primaryImageOfPage":{"@id":"https:\/\/proclass.com.br\/home\/2018\/06\/edicao-multicamera-no-avid-media-composer\/#primaryimage"},"image":{"@id":"https:\/\/proclass.com.br\/home\/2018\/06\/edicao-multicamera-no-avid-media-composer\/#primaryimage"},"thumbnailUrl":"https:\/\/proclass.com.br\/home\/wp-content\/uploads\/2018\/06\/Fig.-4-Multicamera-Mode.png","datePublished":"2018-06-29T18:44:40+00:00","breadcrumb":{"@id":"https:\/\/proclass.com.br\/home\/2018\/06\/edicao-multicamera-no-avid-media-composer\/#breadcrumb"},"inLanguage":"pt-BR","potentialAction":[{"@type":"ReadAction","target":["https:\/\/proclass.com.br\/home\/2018\/06\/edicao-multicamera-no-avid-media-composer\/"]}]},{"@type":"ImageObject","inLanguage":"pt-BR","@id":"https:\/\/proclass.com.br\/home\/2018\/06\/edicao-multicamera-no-avid-media-composer\/#primaryimage","url":"https:\/\/proclass.com.br\/home\/wp-content\/uploads\/2018\/06\/Fig.-4-Multicamera-Mode.png","contentUrl":"https:\/\/proclass.com.br\/home\/wp-content\/uploads\/2018\/06\/Fig.-4-Multicamera-Mode.png","width":1444,"height":1030,"caption":"Fig. 4 - Multicamera Mode"},{"@type":"BreadcrumbList","@id":"https:\/\/proclass.com.br\/home\/2018\/06\/edicao-multicamera-no-avid-media-composer\/#breadcrumb","itemListElement":[{"@type":"ListItem","position":1,"name":"In\u00edcio","item":"https:\/\/proclass.com.br\/home\/"},{"@type":"ListItem","position":2,"name":"Edi\u00e7\u00e3o Multicamera no Avid Media Composer"}]},{"@type":"WebSite","@id":"https:\/\/proclass.com.br\/home\/#website","url":"https:\/\/proclass.com.br\/home\/","name":"PROCLASS","description":"CURSOS E TREINAMENTOS","publisher":{"@id":"https:\/\/proclass.com.br\/home\/#organization"},"potentialAction":[{"@type":"SearchAction","target":{"@type":"EntryPoint","urlTemplate":"https:\/\/proclass.com.br\/home\/?s={search_term_string}"},"query-input":{"@type":"PropertyValueSpecification","valueRequired":true,"valueName":"search_term_string"}}],"inLanguage":"pt-BR"},{"@type":"Organization","@id":"https:\/\/proclass.com.br\/home\/#organization","name":"PROCLASS","url":"https:\/\/proclass.com.br\/home\/","logo":{"@type":"ImageObject","inLanguage":"pt-BR","@id":"https:\/\/proclass.com.br\/home\/#\/schema\/logo\/image\/","url":"https:\/\/proclass.com.br\/home\/wp-content\/uploads\/2023\/06\/CABECALHO-black_PROCLASS-2023.png","contentUrl":"https:\/\/proclass.com.br\/home\/wp-content\/uploads\/2023\/06\/CABECALHO-black_PROCLASS-2023.png","width":2563,"height":911,"caption":"PROCLASS"},"image":{"@id":"https:\/\/proclass.com.br\/home\/#\/schema\/logo\/image\/"}},{"@type":"Person","@id":"https:\/\/proclass.com.br\/home\/#\/schema\/person\/f89e1eb93d5d32c0bb465c52f87f5a00","name":"ProClass Treinamentos","image":{"@type":"ImageObject","inLanguage":"pt-BR","@id":"https:\/\/proclass.com.br\/home\/#\/schema\/person\/image\/","url":"https:\/\/secure.gravatar.com\/avatar\/3878d7a575c7ac355d2c778d5de04af08b7c5a7d9f19b2889f26cc7d80a6a832?s=96&d=blank&r=g","contentUrl":"https:\/\/secure.gravatar.com\/avatar\/3878d7a575c7ac355d2c778d5de04af08b7c5a7d9f19b2889f26cc7d80a6a832?s=96&d=blank&r=g","caption":"ProClass Treinamentos"},"url":"https:\/\/proclass.com.br\/home\/author\/proclass\/"}]}},"_links":{"self":[{"href":"https:\/\/proclass.com.br\/home\/wp-json\/wp\/v2\/posts\/10183","targetHints":{"allow":["GET"]}}],"collection":[{"href":"https:\/\/proclass.com.br\/home\/wp-json\/wp\/v2\/posts"}],"about":[{"href":"https:\/\/proclass.com.br\/home\/wp-json\/wp\/v2\/types\/post"}],"author":[{"embeddable":true,"href":"https:\/\/proclass.com.br\/home\/wp-json\/wp\/v2\/users\/4"}],"replies":[{"embeddable":true,"href":"https:\/\/proclass.com.br\/home\/wp-json\/wp\/v2\/comments?post=10183"}],"version-history":[{"count":0,"href":"https:\/\/proclass.com.br\/home\/wp-json\/wp\/v2\/posts\/10183\/revisions"}],"wp:featuredmedia":[{"embeddable":true,"href":"https:\/\/proclass.com.br\/home\/wp-json\/wp\/v2\/media\/10190"}],"wp:attachment":[{"href":"https:\/\/proclass.com.br\/home\/wp-json\/wp\/v2\/media?parent=10183"}],"wp:term":[{"taxonomy":"category","embeddable":true,"href":"https:\/\/proclass.com.br\/home\/wp-json\/wp\/v2\/categories?post=10183"},{"taxonomy":"post_tag","embeddable":true,"href":"https:\/\/proclass.com.br\/home\/wp-json\/wp\/v2\/tags?post=10183"}],"curies":[{"name":"wp","href":"https:\/\/api.w.org\/{rel}","templated":true}]}}