{"id":10154,"date":"2018-06-29T15:06:37","date_gmt":"2018-06-29T18:06:37","guid":{"rendered":"http:\/\/proclass.com.br\/home\/?p=10154"},"modified":"2018-06-29T15:06:37","modified_gmt":"2018-06-29T18:06:37","slug":"preparacao-uma-sessao-para-musica","status":"publish","type":"post","link":"https:\/\/proclass.com.br\/home\/2018\/06\/preparacao-uma-sessao-para-musica\/","title":{"rendered":"Prepara\u00e7\u00e3o uma sess\u00e3o para m\u00fasica"},"content":{"rendered":"<p><a href=\"http:\/\/proclass.com.br\/home\/wp-content\/uploads\/2015\/03\/logo_backstage.png\"><img decoding=\"async\" class=\"aligncenter wp-image-4341\" src=\"http:\/\/proclass.com.br\/home\/wp-content\/uploads\/2015\/03\/logo_backstage.png\" alt=\"logo_backstage\" width=\"364\" height=\"91\" srcset=\"https:\/\/proclass.com.br\/home\/wp-content\/uploads\/2015\/03\/logo_backstage.png 432w, https:\/\/proclass.com.br\/home\/wp-content\/uploads\/2015\/03\/logo_backstage-300x75.png 300w, https:\/\/proclass.com.br\/home\/wp-content\/uploads\/2015\/03\/logo_backstage-100x25.png 100w\" sizes=\"(max-width: 364px) 100vw, 364px\" \/><\/a><\/p>\n<p style=\"text-align: left;\">Artigo publicado na Backstage.\u00a0Para conhecer mais sobre a revista,\u00a0<a href=\"http:\/\/backstage.com.br\/\" target=\"_blank\" rel=\"noopener\">clique aqui.<\/a><\/p>\n<p style=\"text-align: left;\">Para saber mais sobre treinamentos e certifica\u00e7\u00f5es oficiais em Waves, Pro Tools, Sibelius ou outros treinamentos em \u00e1udio,\u00a0<a href=\"http:\/\/proclass.com.br\/home\/certificacoes\/waves\/waves-certification-program\/\" target=\"_blank\" rel=\"noopener\">clique aqui<\/a>.<\/p>\n<p class=\"p1\"><b><i>Organize-se e evite imprevistos<\/i><\/b><\/p>\n<p class=\"p2\">Nas edi\u00e7\u00f5es de setembro de 2016 e dezembro de 2017, aprendemos sobre os fundamentos de uma produ\u00e7\u00e3o de v\u00eddeo e como preparar um projeto de p\u00f3s-produ\u00e7\u00e3o de som para v\u00eddeo no Pro Tools.<\/p>\n<p class=\"p2\">Lembrando que estas edi\u00e7\u00f5es est\u00e3o dispon\u00edveis gratuitamente atrav\u00e9s do site da Backstage.<\/p>\n<p class=\"p2\">Desta vez, vamos confirmar se realmente estamos realizando todas as etapas de prepara\u00e7\u00e3o de uma sess\u00e3o para m\u00fasica. Muito mais do que dar nome \u00e0 sess\u00e3o e escolher configura\u00e7\u00f5es de digitaliza\u00e7\u00e3o do \u00e1udio, muito mais informa\u00e7\u00e3o pode constar na sua sess\u00e3o.<\/p>\n<p class=\"p1\"><b><i>Configura\u00e7\u00f5es ao criar uma sess\u00e3o<\/i><\/b><\/p>\n<p class=\"p2\">Ao criar uma sess\u00e3o, precisamos definir detalhes sobre a gera\u00e7\u00e3o de arquivos de \u00e1udio (fig. 1). A taxa de amostragem (sample rate) mais convencional usada em projetos musicais \u00e9 de 44.1kHz, que \u00e9 o mesmo de um CD. Por\u00e9m se voc\u00ea tem um bom computador, espa\u00e7o de disco de sobra e vontade de registrar sua grava\u00e7\u00e3o numa taxa de amostragem maior em busca de uma convers\u00e3o mais precisa, fique \u00e0 vontade para escolher taxas de amostragem maiores, mas \u00e9 recomendado usar valores que sejam m\u00faltiplos de 44.1kHz. Ou seja, 88.2 kHz ou 176.4kHz.<\/p>\n<div id=\"attachment_10162\" style=\"width: 1005px\" class=\"wp-caption aligncenter\"><img fetchpriority=\"high\" decoding=\"async\" aria-describedby=\"caption-attachment-10162\" class=\"size-large wp-image-10162\" src=\"http:\/\/proclass.com.br\/home\/wp-content\/uploads\/2018\/06\/Fig.-1-Configurac\u0327o\u0303es-iniciais-da-Sessa\u0303o-1-995x1024.png\" alt=\"\" width=\"995\" height=\"1024\" srcset=\"https:\/\/proclass.com.br\/home\/wp-content\/uploads\/2018\/06\/Fig.-1-Configurac\u0327o\u0303es-iniciais-da-Sessa\u0303o-1-995x1024.png 995w, https:\/\/proclass.com.br\/home\/wp-content\/uploads\/2018\/06\/Fig.-1-Configurac\u0327o\u0303es-iniciais-da-Sessa\u0303o-1-292x300.png 292w, https:\/\/proclass.com.br\/home\/wp-content\/uploads\/2018\/06\/Fig.-1-Configurac\u0327o\u0303es-iniciais-da-Sessa\u0303o-1-768x790.png 768w, https:\/\/proclass.com.br\/home\/wp-content\/uploads\/2018\/06\/Fig.-1-Configurac\u0327o\u0303es-iniciais-da-Sessa\u0303o-1.png 1392w\" sizes=\"(max-width: 995px) 100vw, 995px\" \/><p id=\"caption-attachment-10162\" class=\"wp-caption-text\">Fig. 1 &#8211; Configurac\u0327o\u0303es iniciais da Sessa\u0303o<\/p><\/div>\n<p>&nbsp;<\/p>\n<p class=\"p2\">Com rela\u00e7\u00e3o a quantiza\u00e7\u00e3o (Bit Depth), a recomenda\u00e7\u00e3o geral \u00e9 usar 24 bits, mesmo sabendo que um CD registra apenas 16 bits. Isto porque durante a produ\u00e7\u00e3o, normalmente vamos acrescentar outros processamentos como equaliza\u00e7\u00e3o, compress\u00e3o e muito mais, ent\u00e3o considere os 8 bits a mais como uma \u201cmargem de gordura\u201d.<\/p>\n<p class=\"p2\">Mas cuidado com o desperd\u00edcio! Al\u00e9m de 16 e 24 bits, o Pro Tools possui a op\u00e7\u00e3o de 32 Bit Float, que \u00e9 \u00fatil ao fazer processamentos internos, por exemplo gravar de uma pista para outra. Mas \u00e9 desperd\u00edcio usar para gravar instrumentos externos como guitarra, voz, baixo etc, pois os conversores das interfaces de \u00e1udio s\u00e3o de 24 bits.<\/p>\n<p class=\"p2\">Ent\u00e3o voc\u00ea pode configurar inicialmente sua sess\u00e3o para 24 bits, e eventualmente, se alguma hora voc\u00ea for gravar ou renderizar qualquer sinal internamente, voc\u00ea pode se quiser mudar a sess\u00e3o para 32 Bit Float atrav\u00e9s do menu Setup &gt; Session (fig. 2).<\/p>\n<div id=\"attachment_10156\" style=\"width: 1034px\" class=\"wp-caption aligncenter\"><img decoding=\"async\" aria-describedby=\"caption-attachment-10156\" class=\"size-large wp-image-10156\" src=\"http:\/\/proclass.com.br\/home\/wp-content\/uploads\/2018\/06\/Fig.-2-Session-Setup-para-alterar-o-Bit-Depth-1024x871.png\" alt=\"\" width=\"1024\" height=\"871\" srcset=\"https:\/\/proclass.com.br\/home\/wp-content\/uploads\/2018\/06\/Fig.-2-Session-Setup-para-alterar-o-Bit-Depth-1024x871.png 1024w, https:\/\/proclass.com.br\/home\/wp-content\/uploads\/2018\/06\/Fig.-2-Session-Setup-para-alterar-o-Bit-Depth-300x255.png 300w, https:\/\/proclass.com.br\/home\/wp-content\/uploads\/2018\/06\/Fig.-2-Session-Setup-para-alterar-o-Bit-Depth-768x653.png 768w, https:\/\/proclass.com.br\/home\/wp-content\/uploads\/2018\/06\/Fig.-2-Session-Setup-para-alterar-o-Bit-Depth.png 1362w\" sizes=\"(max-width: 1024px) 100vw, 1024px\" \/><p id=\"caption-attachment-10156\" class=\"wp-caption-text\">Fig. 2 &#8211; Session Setup &#8211; para alterar o Bit Depth<\/p><\/div>\n<p class=\"p2\">Tamb\u00e9m precisamos configurar o Playback Engine (fig. 3), que est\u00e1 no menu Setup.<\/p>\n<div id=\"attachment_10157\" style=\"width: 1034px\" class=\"wp-caption aligncenter\"><img loading=\"lazy\" decoding=\"async\" aria-describedby=\"caption-attachment-10157\" class=\"size-large wp-image-10157\" src=\"http:\/\/proclass.com.br\/home\/wp-content\/uploads\/2018\/06\/Fig.-3-Playback-Engine-1024x735.png\" alt=\"\" width=\"1024\" height=\"735\" srcset=\"https:\/\/proclass.com.br\/home\/wp-content\/uploads\/2018\/06\/Fig.-3-Playback-Engine-1024x735.png 1024w, https:\/\/proclass.com.br\/home\/wp-content\/uploads\/2018\/06\/Fig.-3-Playback-Engine-300x215.png 300w, https:\/\/proclass.com.br\/home\/wp-content\/uploads\/2018\/06\/Fig.-3-Playback-Engine-768x551.png 768w, https:\/\/proclass.com.br\/home\/wp-content\/uploads\/2018\/06\/Fig.-3-Playback-Engine.png 1324w\" sizes=\"(max-width: 1024px) 100vw, 1024px\" \/><p id=\"caption-attachment-10157\" class=\"wp-caption-text\">Fig. 3 &#8211; Playback Engine<\/p><\/div>\n<p class=\"p2\">Para gravar sem lat\u00eancia, ou seja, sem ouvir o seu instrumento com atraso, vamos alterar o H\/W Buffer Size para 128 samples ou menor.<\/p>\n<p class=\"p2\">Tamb\u00e9m n\u00e3o vamos usar v\u00eddeo, ent\u00e3o \u00e9 essencial desligar a op\u00e7\u00e3o \u201cVideo Engine\u201d, que consome uma enormidade de mem\u00f3ria RAM do seu sistema.<\/p>\n<p class=\"p1\"><b><i>Configurando sua grade &#8211; Andamento e Compasso<\/i><\/b><\/p>\n<p class=\"p2\">Al\u00e9m de servir de refer\u00eancia de tempo para um baterista ou qualquer outro m\u00fasico, existem outras centenas de utilidades em produzir sua m\u00fasica atrelada ao click, seja de navega\u00e7\u00e3o, edi\u00e7\u00e3o ou at\u00e9 mixagem.<\/p>\n<p class=\"p2\">Primeiro vamos criar o track de click, que \u00e9 f\u00e1cil; basta acessar o menu track &gt; create Click Track.<\/p>\n<p class=\"p2\">Por\u00e9m, h\u00e1 um pequeno problema\u2026 O Pro Tools vem configurado com um som de click p\u00e9ssimo, com notas bem definidas e que v\u00e3o atrapalhar muito. Ent\u00e3o vamos alterar para o timbre \u201cMarimba 2\u201d nos dois campos. (fig. 4)<\/p>\n<div id=\"attachment_10158\" style=\"width: 984px\" class=\"wp-caption aligncenter\"><img loading=\"lazy\" decoding=\"async\" aria-describedby=\"caption-attachment-10158\" class=\"size-full wp-image-10158\" src=\"http:\/\/proclass.com.br\/home\/wp-content\/uploads\/2018\/06\/Fig.-4-Configurac\u0327o\u0303es-Click.png\" alt=\"\" width=\"974\" height=\"668\" srcset=\"https:\/\/proclass.com.br\/home\/wp-content\/uploads\/2018\/06\/Fig.-4-Configurac\u0327o\u0303es-Click.png 974w, https:\/\/proclass.com.br\/home\/wp-content\/uploads\/2018\/06\/Fig.-4-Configurac\u0327o\u0303es-Click-300x206.png 300w, https:\/\/proclass.com.br\/home\/wp-content\/uploads\/2018\/06\/Fig.-4-Configurac\u0327o\u0303es-Click-768x527.png 768w\" sizes=\"(max-width: 974px) 100vw, 974px\" \/><p id=\"caption-attachment-10158\" class=\"wp-caption-text\">Fig. 4 &#8211; Configurac\u0327o\u0303es Click<\/p><\/div>\n<p class=\"p2\">Agora para descobrir qual o andamento da m\u00fasica que pretende registrar, podemos usar um recurso chamado de \u201ctap tempo\u201d. Primeiro, pelo menu Window vamos abrir a janela \u201cTransport\u201d. Em segundo, se a fun\u00e7\u00e3o \u201cConductor\u201d estiver habilitada, vamos desativa-la temporariamente (fig. 5).<\/p>\n<div id=\"attachment_10159\" style=\"width: 1034px\" class=\"wp-caption aligncenter\"><img loading=\"lazy\" decoding=\"async\" aria-describedby=\"caption-attachment-10159\" class=\"size-large wp-image-10159\" src=\"http:\/\/proclass.com.br\/home\/wp-content\/uploads\/2018\/06\/Fig.-5-Transport-Window-Func\u0327a\u0303o-Conductor--1024x288.png\" alt=\"\" width=\"1024\" height=\"288\" srcset=\"https:\/\/proclass.com.br\/home\/wp-content\/uploads\/2018\/06\/Fig.-5-Transport-Window-Func\u0327a\u0303o-Conductor--1024x288.png 1024w, https:\/\/proclass.com.br\/home\/wp-content\/uploads\/2018\/06\/Fig.-5-Transport-Window-Func\u0327a\u0303o-Conductor--300x84.png 300w, https:\/\/proclass.com.br\/home\/wp-content\/uploads\/2018\/06\/Fig.-5-Transport-Window-Func\u0327a\u0303o-Conductor--768x216.png 768w, https:\/\/proclass.com.br\/home\/wp-content\/uploads\/2018\/06\/Fig.-5-Transport-Window-Func\u0327a\u0303o-Conductor-.png 1080w\" sizes=\"(max-width: 1024px) 100vw, 1024px\" \/><p id=\"caption-attachment-10159\" class=\"wp-caption-text\">Fig. 5 &#8211; Transport Window &#8211; Func\u0327a\u0303o Conductor<\/p><\/div>\n<p class=\"p2\">Agora em terceiro, click no valor 120 BPM e pressione a letra \u201ct\u201d repetidamente, na velocidade do andamento que voc\u00ea imagina para a m\u00fasica e repare que o valor vai sendo atualizado.<\/p>\n<p class=\"p2\">Agora que voc\u00ea tem uma boa id\u00e9ia de qual tempo usar, vamos habilitar a fun\u00e7\u00e3o \u201cConductor\u201d novamente. Repare que a sess\u00e3o vai voltar a mostrar o valor de 120 BPM, mas vamos alterar isso j\u00e1. Voltando ao Edit Window, encontre um tri\u00e2ngulo vermelho no in\u00edcio da r\u00e9gua de tempo (fig. 6) e com um duplo click, digite o BPM correto na janela que se abre.<\/p>\n<div id=\"attachment_10160\" style=\"width: 540px\" class=\"wp-caption aligncenter\"><img loading=\"lazy\" decoding=\"async\" aria-describedby=\"caption-attachment-10160\" class=\" wp-image-10160\" src=\"http:\/\/proclass.com.br\/home\/wp-content\/uploads\/2018\/06\/Fig.-6-Song-Start-Reconfigurac\u0327a\u0303o-do-tempo-inicial-1024x513.png\" alt=\"\" width=\"530\" height=\"266\" srcset=\"https:\/\/proclass.com.br\/home\/wp-content\/uploads\/2018\/06\/Fig.-6-Song-Start-Reconfigurac\u0327a\u0303o-do-tempo-inicial-1024x513.png 1024w, https:\/\/proclass.com.br\/home\/wp-content\/uploads\/2018\/06\/Fig.-6-Song-Start-Reconfigurac\u0327a\u0303o-do-tempo-inicial-300x150.png 300w, https:\/\/proclass.com.br\/home\/wp-content\/uploads\/2018\/06\/Fig.-6-Song-Start-Reconfigurac\u0327a\u0303o-do-tempo-inicial-768x385.png 768w, https:\/\/proclass.com.br\/home\/wp-content\/uploads\/2018\/06\/Fig.-6-Song-Start-Reconfigurac\u0327a\u0303o-do-tempo-inicial.png 1078w\" sizes=\"(max-width: 530px) 100vw, 530px\" \/><p id=\"caption-attachment-10160\" class=\"wp-caption-text\">Fig. 6 &#8211; Song Start &#8211; Reconfigurac\u0327a\u0303o do tempo inicial<\/p><\/div>\n<p class=\"p2\">Se houver mudan\u00e7a de andamento ou de compasso durante a m\u00fasica, voc\u00ea tamb\u00e9m pode alterar pelo menu Event &gt; Tempo Operations &gt; Tempo Operations Window\u2026 para ajustes de andamento, ou Event &gt; Time Operations &gt; Change Meter\u2026 para modificar o tipo de compasso.<\/p>\n<p class=\"p2\">Outro detalhe que se passa desapercebido muitas vezes \u00e9 a contagem de compassos. \u00c9 normal deixar os dois primeiros compassos em branco, para usar de pre-contagem, antes da m\u00fasica de fato iniciar.<\/p>\n<p class=\"p2\">Com isso, a m\u00fasica acaba iniciando na realidade no compasso 3, o que gera conflito e desentendimento entre o operador de Pro Tools e os m\u00fasicos que estiverem gravando acompanhados de uma partitura, pois no papel, provavelmente a m\u00fasica come\u00e7a no compasso 1, e n\u00e3o no 3.<\/p>\n<p class=\"p2\">Vamos corrigir isso atrav\u00e9s do menu Event &gt; Renumber Bars. Na caixa de di\u00e1logo que se abre, basta configurar para que fique da seguinte forma: bar 3 becomes bar 1.<\/p>\n<p class=\"p2\">Com isso, os primeiros dois compassos ter\u00e3o n\u00fameros negativos, e o compasso 3, vai ficar corretamente organizado como compasso 1.<\/p>\n<p class=\"p1\"><b><i>Prepare hoje, tudo que voc\u00ea pretende usar amanh\u00e3<\/i><\/b><\/p>\n<p class=\"p2\">Mesmo antes do processo de produ\u00e7\u00e3o, voc\u00ea j\u00e1 sabe mais ou menos que tipo de sonoridade voc\u00ea vai procurar, que instrumentos vai usar, efeitos e muito mais. Se voc\u00ea j\u00e1 deixar o cen\u00e1rio preparado, seu fluxo criativo que sai ganhando.<\/p>\n<p class=\"p2\">Por exemplo: se a m\u00fasica foi pensada para uma voz principal e tr\u00eas canais de backing vocals, j\u00e1 crie as quatro pistas para adiantar.<\/p>\n<p class=\"p2\">Certamente no meio do processo de grava\u00e7\u00e3o, voc\u00ea vai querer ouvir seu material com reverb ou delay pelo menos. Ent\u00e3o j\u00e1 se adiante, e crie alguns canais de auxiliares de efeito. Por exemplo, 2 tipos de reverb, um delay longo e um curto, e um canal de phaser ou flanger, s\u00f3 por divers\u00e3o.<\/p>\n<p class=\"p2\">Al\u00e9m disso, j\u00e1 deixe os sends endere\u00e7ados, com ganho zerado. Na hora que precisar, \u00e9 s\u00f3 subir um fader e n\u00e3o toda a rotina burocr\u00e1tica de cria\u00e7\u00e3o de tracks, nomes, endere\u00e7ados, escolha de efeitos etc.<\/p>\n<p class=\"p2\">Voc\u00ea pode estender este conceito para os instrumentos virtuais tamb\u00e9m. Crie com anteced\u00eancia tracks com cordas, pads, percuss\u00e3o e todos aqueles outros elementos que a gente costuma sentir falta assim que a m\u00fasica vai tomando forma.<\/p>\n<p class=\"p2\">Neste caso, s\u00f3 recomendo mante-los inativos, pois eles consomem muita CPU e mem\u00f3ria RAM, mesmo quando n\u00e3o est\u00e3o sendo usados ainda.<\/p>\n<p class=\"p2\">Ent\u00e3o para encerrar, vamos guardar todo esse trabalho que tivemos, pois ser\u00e1 \u00fatil ao criar as pr\u00f3ximas sess\u00f5es.<\/p>\n<p class=\"p2\">Atr\u00e1ves do Menu File &gt; voc\u00ea vai encontrar a op\u00e7\u00e3o \u201cSave as Template\u201d.<\/p>\n<p class=\"p2\">Salve com um nome f\u00e1cil de lembrar. Assim, na hora de criar sua pr\u00f3xima sess\u00e3o, voc\u00ea pode na janela iniciar usar a op\u00e7\u00e3o \u201cCreate From Template\u201d (Fig. 7) e usar as mesmas configura\u00e7\u00f5es que estar\u00e3o l\u00e1 armazenadas.<\/p>\n<div id=\"attachment_10161\" style=\"width: 1005px\" class=\"wp-caption aligncenter\"><img loading=\"lazy\" decoding=\"async\" aria-describedby=\"caption-attachment-10161\" class=\"size-large wp-image-10161\" src=\"http:\/\/proclass.com.br\/home\/wp-content\/uploads\/2018\/06\/Fig.-7-Uso-do-template-rece\u0301m-criado-995x1024.png\" alt=\"\" width=\"995\" height=\"1024\" srcset=\"https:\/\/proclass.com.br\/home\/wp-content\/uploads\/2018\/06\/Fig.-7-Uso-do-template-rece\u0301m-criado-995x1024.png 995w, https:\/\/proclass.com.br\/home\/wp-content\/uploads\/2018\/06\/Fig.-7-Uso-do-template-rece\u0301m-criado-292x300.png 292w, https:\/\/proclass.com.br\/home\/wp-content\/uploads\/2018\/06\/Fig.-7-Uso-do-template-rece\u0301m-criado-768x790.png 768w, https:\/\/proclass.com.br\/home\/wp-content\/uploads\/2018\/06\/Fig.-7-Uso-do-template-rece\u0301m-criado.png 1392w\" sizes=\"(max-width: 995px) 100vw, 995px\" \/><p id=\"caption-attachment-10161\" class=\"wp-caption-text\">Fig. 7 &#8211; Uso do template rece\u0301m criado<\/p><\/div>\n<p class=\"p2\">Abra\u00e7os e at\u00e9 a pr\u00f3xima!<\/p>\n<p><i><a href=\"http:\/\/proclass.com.br\/home\/wp-content\/uploads\/2012\/08\/cris3x4-blog-proclass.jpg\"><img loading=\"lazy\" decoding=\"async\" class=\"alignleft wp-image-1057 size-full\" src=\"http:\/\/proclass.com.br\/home\/wp-content\/uploads\/2012\/08\/cris3x4-blog-proclass.jpg\" alt=\"cris3x4 blog proclass\" width=\"74\" height=\"99\" \/><\/a>Cristiano Moura \u00e9 produtor musical e instrutor certificado da Avid. Atualmente leciona cursos oficiais em Pro Tools, Waves, Sibelius e os treinamentos em mixagem na ProClass. Por meio da ProClass, oferece consultoria, treinamentos customizados em todo o Brasil.<\/i><\/p>\n","protected":false},"excerpt":{"rendered":"<p>Artigo publicado na Backstage.\u00a0Para conhecer mais sobre a revista,\u00a0clique aqui. Para saber mais sobre treinamentos e certifica\u00e7\u00f5es oficiais em Waves, Pro Tools, Sibelius ou outros treinamentos em \u00e1udio,\u00a0clique aqui. Organize-se e evite imprevistos Nas edi\u00e7\u00f5es de setembro de 2016 e dezembro de 2017, aprendemos sobre os fundamentos de uma produ\u00e7\u00e3o de v\u00eddeo e como prepararContinue reading &rarr;<\/p>\n","protected":false},"author":4,"featured_media":10160,"comment_status":"closed","ping_status":"closed","sticky":false,"template":"","format":"standard","meta":{"footnotes":""},"categories":[17,1000],"tags":[],"class_list":["post-10154","post","type-post","status-publish","format-standard","has-post-thumbnail","hentry","category-artigos","category-pro-tools-2","has-thumb"],"yoast_head":"<!-- This site is optimized with the Yoast SEO plugin v26.9 - https:\/\/yoast.com\/product\/yoast-seo-wordpress\/ -->\n<title>Prepara\u00e7\u00e3o uma sess\u00e3o para m\u00fasica - PROCLASS<\/title>\n<meta name=\"robots\" content=\"index, follow, max-snippet:-1, max-image-preview:large, max-video-preview:-1\" \/>\n<link rel=\"canonical\" href=\"https:\/\/proclass.com.br\/home\/2018\/06\/preparacao-uma-sessao-para-musica\/\" \/>\n<meta property=\"og:locale\" content=\"pt_BR\" \/>\n<meta property=\"og:type\" content=\"article\" \/>\n<meta property=\"og:title\" content=\"Prepara\u00e7\u00e3o uma sess\u00e3o para m\u00fasica - PROCLASS\" \/>\n<meta property=\"og:description\" content=\"Artigo publicado na Backstage.\u00a0Para conhecer mais sobre a revista,\u00a0clique aqui. Para saber mais sobre treinamentos e certifica\u00e7\u00f5es oficiais em Waves, Pro Tools, Sibelius ou outros treinamentos em \u00e1udio,\u00a0clique aqui. Organize-se e evite imprevistos Nas edi\u00e7\u00f5es de setembro de 2016 e dezembro de 2017, aprendemos sobre os fundamentos de uma produ\u00e7\u00e3o de v\u00eddeo e como prepararContinue reading &rarr;\" \/>\n<meta property=\"og:url\" content=\"https:\/\/proclass.com.br\/home\/2018\/06\/preparacao-uma-sessao-para-musica\/\" \/>\n<meta property=\"og:site_name\" content=\"PROCLASS\" \/>\n<meta property=\"article:published_time\" content=\"2018-06-29T18:06:37+00:00\" \/>\n<meta property=\"og:image\" content=\"https:\/\/proclass.com.br\/home\/wp-content\/uploads\/2018\/06\/Fig.-6-Song-Start-Reconfigurac\u0327a\u0303o-do-tempo-inicial.png\" \/>\n\t<meta property=\"og:image:width\" content=\"1078\" \/>\n\t<meta property=\"og:image:height\" content=\"540\" \/>\n\t<meta property=\"og:image:type\" content=\"image\/png\" \/>\n<meta name=\"author\" content=\"ProClass Treinamentos\" \/>\n<meta name=\"twitter:card\" content=\"summary_large_image\" \/>\n<meta name=\"twitter:label1\" content=\"Escrito por\" \/>\n\t<meta name=\"twitter:data1\" content=\"ProClass Treinamentos\" \/>\n\t<meta name=\"twitter:label2\" content=\"Est. tempo de leitura\" \/>\n\t<meta name=\"twitter:data2\" content=\"7 minutos\" \/>\n<script type=\"application\/ld+json\" class=\"yoast-schema-graph\">{\"@context\":\"https:\/\/schema.org\",\"@graph\":[{\"@type\":\"Article\",\"@id\":\"https:\/\/proclass.com.br\/home\/2018\/06\/preparacao-uma-sessao-para-musica\/#article\",\"isPartOf\":{\"@id\":\"https:\/\/proclass.com.br\/home\/2018\/06\/preparacao-uma-sessao-para-musica\/\"},\"author\":{\"name\":\"ProClass Treinamentos\",\"@id\":\"https:\/\/proclass.com.br\/home\/#\/schema\/person\/f89e1eb93d5d32c0bb465c52f87f5a00\"},\"headline\":\"Prepara\u00e7\u00e3o uma sess\u00e3o para m\u00fasica\",\"datePublished\":\"2018-06-29T18:06:37+00:00\",\"mainEntityOfPage\":{\"@id\":\"https:\/\/proclass.com.br\/home\/2018\/06\/preparacao-uma-sessao-para-musica\/\"},\"wordCount\":1356,\"publisher\":{\"@id\":\"https:\/\/proclass.com.br\/home\/#organization\"},\"image\":{\"@id\":\"https:\/\/proclass.com.br\/home\/2018\/06\/preparacao-uma-sessao-para-musica\/#primaryimage\"},\"thumbnailUrl\":\"https:\/\/proclass.com.br\/home\/wp-content\/uploads\/2018\/06\/Fig.-6-Song-Start-Reconfigurac\u0327a\u0303o-do-tempo-inicial.png\",\"articleSection\":[\"Artigos\",\"Pro Tools\"],\"inLanguage\":\"pt-BR\"},{\"@type\":\"WebPage\",\"@id\":\"https:\/\/proclass.com.br\/home\/2018\/06\/preparacao-uma-sessao-para-musica\/\",\"url\":\"https:\/\/proclass.com.br\/home\/2018\/06\/preparacao-uma-sessao-para-musica\/\",\"name\":\"Prepara\u00e7\u00e3o uma sess\u00e3o para m\u00fasica - PROCLASS\",\"isPartOf\":{\"@id\":\"https:\/\/proclass.com.br\/home\/#website\"},\"primaryImageOfPage\":{\"@id\":\"https:\/\/proclass.com.br\/home\/2018\/06\/preparacao-uma-sessao-para-musica\/#primaryimage\"},\"image\":{\"@id\":\"https:\/\/proclass.com.br\/home\/2018\/06\/preparacao-uma-sessao-para-musica\/#primaryimage\"},\"thumbnailUrl\":\"https:\/\/proclass.com.br\/home\/wp-content\/uploads\/2018\/06\/Fig.-6-Song-Start-Reconfigurac\u0327a\u0303o-do-tempo-inicial.png\",\"datePublished\":\"2018-06-29T18:06:37+00:00\",\"breadcrumb\":{\"@id\":\"https:\/\/proclass.com.br\/home\/2018\/06\/preparacao-uma-sessao-para-musica\/#breadcrumb\"},\"inLanguage\":\"pt-BR\",\"potentialAction\":[{\"@type\":\"ReadAction\",\"target\":[\"https:\/\/proclass.com.br\/home\/2018\/06\/preparacao-uma-sessao-para-musica\/\"]}]},{\"@type\":\"ImageObject\",\"inLanguage\":\"pt-BR\",\"@id\":\"https:\/\/proclass.com.br\/home\/2018\/06\/preparacao-uma-sessao-para-musica\/#primaryimage\",\"url\":\"https:\/\/proclass.com.br\/home\/wp-content\/uploads\/2018\/06\/Fig.-6-Song-Start-Reconfigurac\u0327a\u0303o-do-tempo-inicial.png\",\"contentUrl\":\"https:\/\/proclass.com.br\/home\/wp-content\/uploads\/2018\/06\/Fig.-6-Song-Start-Reconfigurac\u0327a\u0303o-do-tempo-inicial.png\",\"width\":1078,\"height\":540,\"caption\":\"Fig. 6 - Song Start - Reconfigurac\u0327a\u0303o do tempo inicial\"},{\"@type\":\"BreadcrumbList\",\"@id\":\"https:\/\/proclass.com.br\/home\/2018\/06\/preparacao-uma-sessao-para-musica\/#breadcrumb\",\"itemListElement\":[{\"@type\":\"ListItem\",\"position\":1,\"name\":\"In\u00edcio\",\"item\":\"https:\/\/proclass.com.br\/home\/\"},{\"@type\":\"ListItem\",\"position\":2,\"name\":\"Prepara\u00e7\u00e3o uma sess\u00e3o para m\u00fasica\"}]},{\"@type\":\"WebSite\",\"@id\":\"https:\/\/proclass.com.br\/home\/#website\",\"url\":\"https:\/\/proclass.com.br\/home\/\",\"name\":\"PROCLASS\",\"description\":\"CURSOS E TREINAMENTOS\",\"publisher\":{\"@id\":\"https:\/\/proclass.com.br\/home\/#organization\"},\"potentialAction\":[{\"@type\":\"SearchAction\",\"target\":{\"@type\":\"EntryPoint\",\"urlTemplate\":\"https:\/\/proclass.com.br\/home\/?s={search_term_string}\"},\"query-input\":{\"@type\":\"PropertyValueSpecification\",\"valueRequired\":true,\"valueName\":\"search_term_string\"}}],\"inLanguage\":\"pt-BR\"},{\"@type\":\"Organization\",\"@id\":\"https:\/\/proclass.com.br\/home\/#organization\",\"name\":\"PROCLASS\",\"url\":\"https:\/\/proclass.com.br\/home\/\",\"logo\":{\"@type\":\"ImageObject\",\"inLanguage\":\"pt-BR\",\"@id\":\"https:\/\/proclass.com.br\/home\/#\/schema\/logo\/image\/\",\"url\":\"https:\/\/proclass.com.br\/home\/wp-content\/uploads\/2023\/06\/CABECALHO-black_PROCLASS-2023.png\",\"contentUrl\":\"https:\/\/proclass.com.br\/home\/wp-content\/uploads\/2023\/06\/CABECALHO-black_PROCLASS-2023.png\",\"width\":2563,\"height\":911,\"caption\":\"PROCLASS\"},\"image\":{\"@id\":\"https:\/\/proclass.com.br\/home\/#\/schema\/logo\/image\/\"}},{\"@type\":\"Person\",\"@id\":\"https:\/\/proclass.com.br\/home\/#\/schema\/person\/f89e1eb93d5d32c0bb465c52f87f5a00\",\"name\":\"ProClass Treinamentos\",\"image\":{\"@type\":\"ImageObject\",\"inLanguage\":\"pt-BR\",\"@id\":\"https:\/\/proclass.com.br\/home\/#\/schema\/person\/image\/\",\"url\":\"https:\/\/secure.gravatar.com\/avatar\/3878d7a575c7ac355d2c778d5de04af08b7c5a7d9f19b2889f26cc7d80a6a832?s=96&d=blank&r=g\",\"contentUrl\":\"https:\/\/secure.gravatar.com\/avatar\/3878d7a575c7ac355d2c778d5de04af08b7c5a7d9f19b2889f26cc7d80a6a832?s=96&d=blank&r=g\",\"caption\":\"ProClass Treinamentos\"},\"url\":\"https:\/\/proclass.com.br\/home\/author\/proclass\/\"}]}<\/script>\n<!-- \/ Yoast SEO plugin. -->","yoast_head_json":{"title":"Prepara\u00e7\u00e3o uma sess\u00e3o para m\u00fasica - PROCLASS","robots":{"index":"index","follow":"follow","max-snippet":"max-snippet:-1","max-image-preview":"max-image-preview:large","max-video-preview":"max-video-preview:-1"},"canonical":"https:\/\/proclass.com.br\/home\/2018\/06\/preparacao-uma-sessao-para-musica\/","og_locale":"pt_BR","og_type":"article","og_title":"Prepara\u00e7\u00e3o uma sess\u00e3o para m\u00fasica - PROCLASS","og_description":"Artigo publicado na Backstage.\u00a0Para conhecer mais sobre a revista,\u00a0clique aqui. Para saber mais sobre treinamentos e certifica\u00e7\u00f5es oficiais em Waves, Pro Tools, Sibelius ou outros treinamentos em \u00e1udio,\u00a0clique aqui. Organize-se e evite imprevistos Nas edi\u00e7\u00f5es de setembro de 2016 e dezembro de 2017, aprendemos sobre os fundamentos de uma produ\u00e7\u00e3o de v\u00eddeo e como prepararContinue reading &rarr;","og_url":"https:\/\/proclass.com.br\/home\/2018\/06\/preparacao-uma-sessao-para-musica\/","og_site_name":"PROCLASS","article_published_time":"2018-06-29T18:06:37+00:00","og_image":[{"width":1078,"height":540,"url":"https:\/\/proclass.com.br\/home\/wp-content\/uploads\/2018\/06\/Fig.-6-Song-Start-Reconfigurac\u0327a\u0303o-do-tempo-inicial.png","type":"image\/png"}],"author":"ProClass Treinamentos","twitter_card":"summary_large_image","twitter_misc":{"Escrito por":"ProClass Treinamentos","Est. tempo de leitura":"7 minutos"},"schema":{"@context":"https:\/\/schema.org","@graph":[{"@type":"Article","@id":"https:\/\/proclass.com.br\/home\/2018\/06\/preparacao-uma-sessao-para-musica\/#article","isPartOf":{"@id":"https:\/\/proclass.com.br\/home\/2018\/06\/preparacao-uma-sessao-para-musica\/"},"author":{"name":"ProClass Treinamentos","@id":"https:\/\/proclass.com.br\/home\/#\/schema\/person\/f89e1eb93d5d32c0bb465c52f87f5a00"},"headline":"Prepara\u00e7\u00e3o uma sess\u00e3o para m\u00fasica","datePublished":"2018-06-29T18:06:37+00:00","mainEntityOfPage":{"@id":"https:\/\/proclass.com.br\/home\/2018\/06\/preparacao-uma-sessao-para-musica\/"},"wordCount":1356,"publisher":{"@id":"https:\/\/proclass.com.br\/home\/#organization"},"image":{"@id":"https:\/\/proclass.com.br\/home\/2018\/06\/preparacao-uma-sessao-para-musica\/#primaryimage"},"thumbnailUrl":"https:\/\/proclass.com.br\/home\/wp-content\/uploads\/2018\/06\/Fig.-6-Song-Start-Reconfigurac\u0327a\u0303o-do-tempo-inicial.png","articleSection":["Artigos","Pro Tools"],"inLanguage":"pt-BR"},{"@type":"WebPage","@id":"https:\/\/proclass.com.br\/home\/2018\/06\/preparacao-uma-sessao-para-musica\/","url":"https:\/\/proclass.com.br\/home\/2018\/06\/preparacao-uma-sessao-para-musica\/","name":"Prepara\u00e7\u00e3o uma sess\u00e3o para m\u00fasica - PROCLASS","isPartOf":{"@id":"https:\/\/proclass.com.br\/home\/#website"},"primaryImageOfPage":{"@id":"https:\/\/proclass.com.br\/home\/2018\/06\/preparacao-uma-sessao-para-musica\/#primaryimage"},"image":{"@id":"https:\/\/proclass.com.br\/home\/2018\/06\/preparacao-uma-sessao-para-musica\/#primaryimage"},"thumbnailUrl":"https:\/\/proclass.com.br\/home\/wp-content\/uploads\/2018\/06\/Fig.-6-Song-Start-Reconfigurac\u0327a\u0303o-do-tempo-inicial.png","datePublished":"2018-06-29T18:06:37+00:00","breadcrumb":{"@id":"https:\/\/proclass.com.br\/home\/2018\/06\/preparacao-uma-sessao-para-musica\/#breadcrumb"},"inLanguage":"pt-BR","potentialAction":[{"@type":"ReadAction","target":["https:\/\/proclass.com.br\/home\/2018\/06\/preparacao-uma-sessao-para-musica\/"]}]},{"@type":"ImageObject","inLanguage":"pt-BR","@id":"https:\/\/proclass.com.br\/home\/2018\/06\/preparacao-uma-sessao-para-musica\/#primaryimage","url":"https:\/\/proclass.com.br\/home\/wp-content\/uploads\/2018\/06\/Fig.-6-Song-Start-Reconfigurac\u0327a\u0303o-do-tempo-inicial.png","contentUrl":"https:\/\/proclass.com.br\/home\/wp-content\/uploads\/2018\/06\/Fig.-6-Song-Start-Reconfigurac\u0327a\u0303o-do-tempo-inicial.png","width":1078,"height":540,"caption":"Fig. 6 - Song Start - Reconfigurac\u0327a\u0303o do tempo inicial"},{"@type":"BreadcrumbList","@id":"https:\/\/proclass.com.br\/home\/2018\/06\/preparacao-uma-sessao-para-musica\/#breadcrumb","itemListElement":[{"@type":"ListItem","position":1,"name":"In\u00edcio","item":"https:\/\/proclass.com.br\/home\/"},{"@type":"ListItem","position":2,"name":"Prepara\u00e7\u00e3o uma sess\u00e3o para m\u00fasica"}]},{"@type":"WebSite","@id":"https:\/\/proclass.com.br\/home\/#website","url":"https:\/\/proclass.com.br\/home\/","name":"PROCLASS","description":"CURSOS E TREINAMENTOS","publisher":{"@id":"https:\/\/proclass.com.br\/home\/#organization"},"potentialAction":[{"@type":"SearchAction","target":{"@type":"EntryPoint","urlTemplate":"https:\/\/proclass.com.br\/home\/?s={search_term_string}"},"query-input":{"@type":"PropertyValueSpecification","valueRequired":true,"valueName":"search_term_string"}}],"inLanguage":"pt-BR"},{"@type":"Organization","@id":"https:\/\/proclass.com.br\/home\/#organization","name":"PROCLASS","url":"https:\/\/proclass.com.br\/home\/","logo":{"@type":"ImageObject","inLanguage":"pt-BR","@id":"https:\/\/proclass.com.br\/home\/#\/schema\/logo\/image\/","url":"https:\/\/proclass.com.br\/home\/wp-content\/uploads\/2023\/06\/CABECALHO-black_PROCLASS-2023.png","contentUrl":"https:\/\/proclass.com.br\/home\/wp-content\/uploads\/2023\/06\/CABECALHO-black_PROCLASS-2023.png","width":2563,"height":911,"caption":"PROCLASS"},"image":{"@id":"https:\/\/proclass.com.br\/home\/#\/schema\/logo\/image\/"}},{"@type":"Person","@id":"https:\/\/proclass.com.br\/home\/#\/schema\/person\/f89e1eb93d5d32c0bb465c52f87f5a00","name":"ProClass Treinamentos","image":{"@type":"ImageObject","inLanguage":"pt-BR","@id":"https:\/\/proclass.com.br\/home\/#\/schema\/person\/image\/","url":"https:\/\/secure.gravatar.com\/avatar\/3878d7a575c7ac355d2c778d5de04af08b7c5a7d9f19b2889f26cc7d80a6a832?s=96&d=blank&r=g","contentUrl":"https:\/\/secure.gravatar.com\/avatar\/3878d7a575c7ac355d2c778d5de04af08b7c5a7d9f19b2889f26cc7d80a6a832?s=96&d=blank&r=g","caption":"ProClass Treinamentos"},"url":"https:\/\/proclass.com.br\/home\/author\/proclass\/"}]}},"_links":{"self":[{"href":"https:\/\/proclass.com.br\/home\/wp-json\/wp\/v2\/posts\/10154","targetHints":{"allow":["GET"]}}],"collection":[{"href":"https:\/\/proclass.com.br\/home\/wp-json\/wp\/v2\/posts"}],"about":[{"href":"https:\/\/proclass.com.br\/home\/wp-json\/wp\/v2\/types\/post"}],"author":[{"embeddable":true,"href":"https:\/\/proclass.com.br\/home\/wp-json\/wp\/v2\/users\/4"}],"replies":[{"embeddable":true,"href":"https:\/\/proclass.com.br\/home\/wp-json\/wp\/v2\/comments?post=10154"}],"version-history":[{"count":0,"href":"https:\/\/proclass.com.br\/home\/wp-json\/wp\/v2\/posts\/10154\/revisions"}],"wp:featuredmedia":[{"embeddable":true,"href":"https:\/\/proclass.com.br\/home\/wp-json\/wp\/v2\/media\/10160"}],"wp:attachment":[{"href":"https:\/\/proclass.com.br\/home\/wp-json\/wp\/v2\/media?parent=10154"}],"wp:term":[{"taxonomy":"category","embeddable":true,"href":"https:\/\/proclass.com.br\/home\/wp-json\/wp\/v2\/categories?post=10154"},{"taxonomy":"post_tag","embeddable":true,"href":"https:\/\/proclass.com.br\/home\/wp-json\/wp\/v2\/tags?post=10154"}],"curies":[{"name":"wp","href":"https:\/\/api.w.org\/{rel}","templated":true}]}}