{"id":10067,"date":"2018-06-25T16:20:30","date_gmt":"2018-06-25T19:20:30","guid":{"rendered":"http:\/\/proclass.com.br\/home\/?p=10067"},"modified":"2018-06-25T16:20:30","modified_gmt":"2018-06-25T19:20:30","slug":"efeitos-de-audio-no-avid-media-composer","status":"publish","type":"post","link":"https:\/\/proclass.com.br\/home\/2018\/06\/efeitos-de-audio-no-avid-media-composer\/","title":{"rendered":"Efeitos de \u00e1udio no Avid Media Composer"},"content":{"rendered":"<p>Artigo publicado na Revista Luz e Cena<\/p>\n<p><a href=\"http:\/\/www.luzecena.com.br\"><img decoding=\"async\" title=\"luz e cena logo\" src=\"http:\/\/proclass.com.br\/home\/wp-content\/uploads\/2012\/11\/luz-e-cena-logo.jpg\" alt=\"\" width=\"206\" height=\"56\" \/><\/a><\/p>\n<p>Para conhecer mais sobre a revista,\u00a0<a href=\"http:\/\/www.luzecena.com.br\" target=\"_blank\" rel=\"noopener\">clique aqui.<\/a><\/p>\n<p>Para treinamentos e certifica\u00e7\u00f5es oficiais Avid Media Composer,<a href=\"http:\/\/proclass.com.br\/home\/cursos\/avid-media-composer\/\"> clique aqui.<\/a><\/p>\n<p class=\"p1\"><b><i>Conhe\u00e7a alguns dos principais processadores inclu\u00eddos<\/i><\/b><\/p>\n<p class=\"p2\">Em edi\u00e7\u00f5es anteriores, vimos as possibilidades de recursos de \u00e1udio do Avid Media Composer. Sendo da mesma empresa desenvolvedora do Pro Tools, a equipe de desenvolvimento da ferramenta foi capaz de trazer para dentro do ambiente de edi\u00e7\u00e3o os processadores usados no Pro Tools, que utilizam o protocolo RTAS e AAX para se comunicar.<\/p>\n<p class=\"p2\">Neste artigo, vamos conhecer alguns dos principais processadores de som inclu\u00eddos no pacote para a produ\u00e7\u00e3o de v\u00eddeos.<\/p>\n<p class=\"p1\"><b><i>Se o audio \u00e9 profissional, deixe para um profissional<\/i><\/b><\/p>\n<p class=\"p2\">Vivemos uma \u00e9poca muito curiosa, onde algumas produtoras anunciam vaga de \u201cest\u00e1gio\u201d com mais requisitos do que para passar pela imigra\u00e7\u00e3o nos Estados Unidos. Eles esperam que o candidato-estudante j\u00e1 saiba Avid, Premiere, Final Cut Pro, Photoshop, After Effects, manuten\u00e7\u00e3o de computadores, al\u00e9m de saber andar de moto para buscar HDs e \u201cter disposi\u00e7\u00e3o\u201d para abra\u00e7ar os projetos com um sal\u00e1rio m\u00ednimo + VR + VT.<\/p>\n<p class=\"p2\">N\u00e3o temos como combater esta tend\u00eancia onde as fun\u00e7\u00f5es come\u00e7aram a acumular, mas este artigo tem um objetivo espec\u00edfico: prover este \u201cb\u00f4nus\u201d e n\u00e3o ser um substituto de um profissional de \u00e1udio.<\/p>\n<p class=\"p2\">\u00c9 uma atribui\u00e7\u00e3o que n\u00e3o compete ao editor mas que pode ajud\u00e1-lo a ser mais independente, flex\u00edvel e capaz de somar e valorizar sua import\u00e2ncia numa equipe.<\/p>\n<p class=\"p1\"><b><i>Amenizando flutua\u00e7\u00f5es de volume<\/i><\/b><\/p>\n<p class=\"p2\">\u00c9 normal que uma pessoa fale mais alto ou mais baixo, mesmo numa entrevista calma, por\u00e9m, \u00e9 uma situa\u00e7\u00e3o que pode e deve ser amenizada com um processador chamado de \u201ccompressor\u201d. No Avid, podemos utilizar o Dyn 3 Compressor\/Limiter (fig. 1A) ou o BF\u201376 (fig. 1B) que s\u00e3o inclu\u00eddos.<\/p>\n<div id=\"attachment_10068\" style=\"width: 1034px\" class=\"wp-caption aligncenter\"><img fetchpriority=\"high\" decoding=\"async\" aria-describedby=\"caption-attachment-10068\" class=\"size-large wp-image-10068\" src=\"http:\/\/proclass.com.br\/home\/wp-content\/uploads\/2018\/06\/Fig.-1A-Dyn3-Compressor-Limiter-1-1024x830.png\" alt=\"\" width=\"1024\" height=\"830\" srcset=\"https:\/\/proclass.com.br\/home\/wp-content\/uploads\/2018\/06\/Fig.-1A-Dyn3-Compressor-Limiter-1-1024x830.png 1024w, https:\/\/proclass.com.br\/home\/wp-content\/uploads\/2018\/06\/Fig.-1A-Dyn3-Compressor-Limiter-1-300x243.png 300w, https:\/\/proclass.com.br\/home\/wp-content\/uploads\/2018\/06\/Fig.-1A-Dyn3-Compressor-Limiter-1-768x622.png 768w, https:\/\/proclass.com.br\/home\/wp-content\/uploads\/2018\/06\/Fig.-1A-Dyn3-Compressor-Limiter-1.png 1140w\" sizes=\"(max-width: 1024px) 100vw, 1024px\" \/><p id=\"caption-attachment-10068\" class=\"wp-caption-text\">Fig. 1A &#8211; Dyn3 Compressor \/ Limiter<\/p><\/div>\n<div id=\"attachment_10069\" style=\"width: 1034px\" class=\"wp-caption aligncenter\"><img decoding=\"async\" aria-describedby=\"caption-attachment-10069\" class=\"size-large wp-image-10069\" src=\"http:\/\/proclass.com.br\/home\/wp-content\/uploads\/2018\/06\/Fig.-1B-BF-76-1-1024x532.png\" alt=\"\" width=\"1024\" height=\"532\" srcset=\"https:\/\/proclass.com.br\/home\/wp-content\/uploads\/2018\/06\/Fig.-1B-BF-76-1-1024x532.png 1024w, https:\/\/proclass.com.br\/home\/wp-content\/uploads\/2018\/06\/Fig.-1B-BF-76-1-300x156.png 300w, https:\/\/proclass.com.br\/home\/wp-content\/uploads\/2018\/06\/Fig.-1B-BF-76-1-768x399.png 768w, https:\/\/proclass.com.br\/home\/wp-content\/uploads\/2018\/06\/Fig.-1B-BF-76-1.png 1364w\" sizes=\"(max-width: 1024px) 100vw, 1024px\" \/><p id=\"caption-attachment-10069\" class=\"wp-caption-text\">Fig. 1B &#8211; BF-76<\/p><\/div>\n<p class=\"p2\">Aten\u00e7\u00e3o especial no termo \u201camenizar\u201d, que j\u00e1 usei duas vezes. \u00c9 importante entender que o conceito n\u00e3o \u00e9 \u201celiminar\u201d flutua\u00e7\u00f5es de volume. Tamb\u00e9m n\u00e3o \u00e9 deixar \u201ctudo igual\u201d. Na teoria pode at\u00e9 parecer bom, mas na pr\u00e1tica \u00e9 p\u00e9ssimo. Como num texto, \u00c9 MUITO RUIM TER QUE LER UM TEXTO LONGO EM CAIXA ALTA. MESMO QUE PARE\u00c7A UMA BOA ID\u00c9IA PARA CHAMAR ATEN\u00c7\u00c3O, NO FINAL DAS CONTAS \u00c9 CANSATIVO PARA A VISTA, EXATAMENTE COMO UM \u00c1UDIO TODO NIVELADO, SEM NUANCES E \u00caNFASES, CANSA NOSSA AUDI\u00c7\u00c3O.<\/p>\n<p class=\"p2\">Para nosso prop\u00f3sito, o ajuste do compressor \u00e9 relativamente simples pois depende mais de uma boa t\u00e9cnica e que de um \u201ctalento\u201d. Existem v\u00e1rias abordagens, mas vamos come\u00e7ar com o par\u00e2metro \u201cratio\u201d. Ele \u00e9 respons\u00e1vel por definir o \u201cn\u00edvel de agressividade\u201d do processador. Quanto maior o valor, mais flutua\u00e7\u00f5es estar\u00e3o sendo eliminadas.<\/p>\n<p class=\"p2\">A primeira coisa a fazer ent\u00e3o \u00e9 simplesmente ouvir seu material e tentar identificar o \u201ctamanho do problema\u201d. Se voc\u00ea j\u00e1 consegue ouvir todos os di\u00e1logos, significa que h\u00e1 uma certa consist\u00eancia e pouca necessidade de compress\u00e3o, ent\u00e3o utilize valores de 2:1 ou 3:1. Por outro lado, se voc\u00ea identificou muita flutua\u00e7\u00e3o, vamos usar valores mais altos no Ratio. Pode ser algo entre 4:1 e 8:1.<\/p>\n<p class=\"p2\">O segundo par\u00e2metro a ajustar \u00e9 o Threshold, que informa ao compressor a partir de que n\u00edvel o compressor deve atuar. A maneira de ajustar o Threshold \u00e9 olhando para o medidor de redu\u00e7\u00e3o de ganho (GR).<\/p>\n<p class=\"p2\">Se o material est\u00e1 bom e tem pouca flutua\u00e7\u00e3o, ajuste o Threshold at\u00e9 ver o medidor de redu\u00e7\u00e3o de ganho atuando com os picos em 3\u20134dB. Se o material \u00e9 mais problem\u00e1tico, ajuste entre 5\u20138dB.<\/p>\n<p class=\"p2\">Se mesmo com valores altos recomendados voc\u00ea ainda n\u00e3o chegou no resultado esperado, n\u00e3o tente ir mais longe com o compressor.<\/p>\n<p class=\"p2\">O que isto indica \u00e9 que o material precisa ter seus momentos mais fortes ajustados manualmente com o Clip Gain (fig. 2) do Avid Media Composer.<\/p>\n<div id=\"attachment_10070\" style=\"width: 932px\" class=\"wp-caption aligncenter\"><img loading=\"lazy\" decoding=\"async\" aria-describedby=\"caption-attachment-10070\" class=\"size-full wp-image-10070\" src=\"http:\/\/proclass.com.br\/home\/wp-content\/uploads\/2018\/06\/Fig.-2-Clip-Gain.png\" alt=\"\" width=\"922\" height=\"560\" srcset=\"https:\/\/proclass.com.br\/home\/wp-content\/uploads\/2018\/06\/Fig.-2-Clip-Gain.png 922w, https:\/\/proclass.com.br\/home\/wp-content\/uploads\/2018\/06\/Fig.-2-Clip-Gain-300x182.png 300w, https:\/\/proclass.com.br\/home\/wp-content\/uploads\/2018\/06\/Fig.-2-Clip-Gain-768x466.png 768w\" sizes=\"(max-width: 922px) 100vw, 922px\" \/><p id=\"caption-attachment-10070\" class=\"wp-caption-text\">Fig. 2 &#8211; Clip Gain<\/p><\/div>\n<p class=\"p2\">Veja na figura 3, o antes e o depois da aplica\u00e7\u00e3o de compressor via AudioSuite.<\/p>\n<div id=\"attachment_10071\" style=\"width: 420px\" class=\"wp-caption aligncenter\"><img loading=\"lazy\" decoding=\"async\" aria-describedby=\"caption-attachment-10071\" class=\"size-full wp-image-10071\" src=\"http:\/\/proclass.com.br\/home\/wp-content\/uploads\/2018\/06\/Fig.-3-Antes-e-depois-do-compressor.png\" alt=\"\" width=\"410\" height=\"544\" srcset=\"https:\/\/proclass.com.br\/home\/wp-content\/uploads\/2018\/06\/Fig.-3-Antes-e-depois-do-compressor.png 410w, https:\/\/proclass.com.br\/home\/wp-content\/uploads\/2018\/06\/Fig.-3-Antes-e-depois-do-compressor-226x300.png 226w\" sizes=\"(max-width: 410px) 100vw, 410px\" \/><p id=\"caption-attachment-10071\" class=\"wp-caption-text\">Fig. 3 &#8211; Antes e depois do compressor<\/p><\/div>\n<p class=\"p1\"><b><i>Amenizando apenas os \u201cSss\u201d<\/i><\/b><\/p>\n<p class=\"p2\">Muitas pessoas tem um \u201cs\u201d e \u201cch\u201d muito pronunciado. Para este casos, temos o De-Esser (fig. 4), tamb\u00e9m inclu\u00eddo no Avid Media Composer e podemos pensar como ele sendo um \u201ccompressor para o S e CH\u201d.<\/p>\n<div id=\"attachment_10072\" style=\"width: 854px\" class=\"wp-caption aligncenter\"><img loading=\"lazy\" decoding=\"async\" aria-describedby=\"caption-attachment-10072\" class=\"size-full wp-image-10072\" src=\"http:\/\/proclass.com.br\/home\/wp-content\/uploads\/2018\/06\/Fig.-4-Dyn3-De-esser.png\" alt=\"\" width=\"844\" height=\"766\" srcset=\"https:\/\/proclass.com.br\/home\/wp-content\/uploads\/2018\/06\/Fig.-4-Dyn3-De-esser.png 844w, https:\/\/proclass.com.br\/home\/wp-content\/uploads\/2018\/06\/Fig.-4-Dyn3-De-esser-300x272.png 300w, https:\/\/proclass.com.br\/home\/wp-content\/uploads\/2018\/06\/Fig.-4-Dyn3-De-esser-768x697.png 768w\" sizes=\"(max-width: 844px) 100vw, 844px\" \/><p id=\"caption-attachment-10072\" class=\"wp-caption-text\">Fig. 4 &#8211; Dyn3 De-esser<\/p><\/div>\n<p class=\"p2\">Seu funcionamento \u00e9 bem simples. Acione o bot\u00e3o HF Only e v\u00e1 alterando o controle \u201crange\u201d at\u00e9 sentir a redu\u00e7\u00e3o acontecendo. H\u00e1 se de ter cuidado com os exageros, pois altera drasticamente o timbre da pessoa.<\/p>\n<p class=\"p2\">Se sentir que n\u00e3o est\u00e1 funcionando bem, provavelmente a frequ\u00eancia em que o De-Esser est\u00e1 sintonizando n\u00e3o \u00e9 a mais correta. Voc\u00ea pode tentar ajustar sozinho apesar de ser mais um caso onde um profissional de \u00e1udio seria o mais adequado. Ative o bot\u00e3o \u201clisten\u201d para ouvir apenas a frequ\u00eancia em que o \u201cS\u201d que est\u00e1 configurado, e vasculhe com o controle \u201cfreq\u201d a frequ\u00eancia em que o \u201cS\u201d seja mais pronunciado.<\/p>\n<p class=\"p1\"><b><i>Equil\u00edbrio tonal<\/i><\/b><\/p>\n<p class=\"p2\">O equalizador \u00e9 um processador de \u00e1udio que conhecemos de outros locais. O som de casa, som do carro e o iTunes tem equalizadores. Sua fun\u00e7\u00e3o \u00e9 melhorar o equil\u00edbrio de graves, m\u00e9dios e agudos para valorizar ainda mais nossa experi\u00eancia sonora.<\/p>\n<p class=\"p2\">Num ambiente profissional, sua fun\u00e7\u00e3o vai um pouco al\u00e9m. Ele \u00e9 usado tamb\u00e9m para corrigir defici\u00eancias e limita\u00e7\u00f5es da capta\u00e7\u00e3o.<\/p>\n<p class=\"p2\">O fato \u00e9 que agora o material j\u00e1 est\u00e1 na p\u00f3s-produ\u00e7\u00e3o e, o que editor pode fazer para melhorar o \u00e1udio, mesmo que seja temporariamente para apresentar um offline ao produtor?<\/p>\n<p class=\"p2\">No Avid Media Composer, tanto pelo AudioSuite quanto pelo RTAS, temos acesso ao EQ3 7-Band (fig. 5), que \u00e9 o mesmo equalizador incluso no Pro Tools.<\/p>\n<div id=\"attachment_10073\" style=\"width: 1034px\" class=\"wp-caption aligncenter\"><img loading=\"lazy\" decoding=\"async\" aria-describedby=\"caption-attachment-10073\" class=\"size-large wp-image-10073\" src=\"http:\/\/proclass.com.br\/home\/wp-content\/uploads\/2018\/06\/Fig.-5-Dyn3-Equalizer-1024x803.png\" alt=\"\" width=\"1024\" height=\"803\" srcset=\"https:\/\/proclass.com.br\/home\/wp-content\/uploads\/2018\/06\/Fig.-5-Dyn3-Equalizer-1024x803.png 1024w, https:\/\/proclass.com.br\/home\/wp-content\/uploads\/2018\/06\/Fig.-5-Dyn3-Equalizer-300x235.png 300w, https:\/\/proclass.com.br\/home\/wp-content\/uploads\/2018\/06\/Fig.-5-Dyn3-Equalizer-768x602.png 768w, https:\/\/proclass.com.br\/home\/wp-content\/uploads\/2018\/06\/Fig.-5-Dyn3-Equalizer.png 1434w\" sizes=\"(max-width: 1024px) 100vw, 1024px\" \/><p id=\"caption-attachment-10073\" class=\"wp-caption-text\">Fig. 5 &#8211; Dyn3 Equalizer<\/p><\/div>\n<p class=\"p2\">Pelo gr\u00e1fico, podemos fazer pequenas corre\u00e7\u00f5es no timbre. O eixo horizontal representa o grave, m\u00e9dio e agudo. J\u00e1 o eixo vertical representa o ganho.<\/p>\n<p class=\"p2\">Ent\u00e3o, \u00e9 poss\u00edvel fazer uma redu\u00e7\u00e3o nos graves de uma entrevista e incremento no ganho na regi\u00e3o m\u00e9dia para deixar a fala mais aud\u00edvel.<\/p>\n<p class=\"p2\">Diferente do compressor, este trabalho exige muito mais sensibilidade e experi\u00eancia para identificar as frequ\u00eancias e ganhos ideias, mas existem centenas de tabelas na internet que d\u00e3o pontos de partida para equaliza\u00e7\u00e3o.<\/p>\n<p class=\"p1\"><b><i>Reduzindo ru\u00eddo<\/i><\/b><\/p>\n<p class=\"p2\">Este assunto merece um artigo \u00e0 parte, mas vale esclarecermos desde j\u00e1 a diferen\u00e7a entre os dois processadores essenciais: Noise Gate e Noise Reduction.<\/p>\n<p class=\"p2\">O Dyn3 Expander\/Gate (fig. 6) \u00e9 utilizado para cortar o sinal sempre que uma pessoa n\u00e3o estiver falando. Ele faz esta detec\u00e7\u00e3o baseado num n\u00edvel ajustado pelo usu\u00e1rio (Threshold), similar ao compressor.<\/p>\n<div id=\"attachment_10074\" style=\"width: 1034px\" class=\"wp-caption aligncenter\"><img loading=\"lazy\" decoding=\"async\" aria-describedby=\"caption-attachment-10074\" class=\"size-large wp-image-10074\" src=\"http:\/\/proclass.com.br\/home\/wp-content\/uploads\/2018\/06\/Fig.-6-Dyn3-ExpanderGate-1024x830.png\" alt=\"\" width=\"1024\" height=\"830\" srcset=\"https:\/\/proclass.com.br\/home\/wp-content\/uploads\/2018\/06\/Fig.-6-Dyn3-ExpanderGate-1024x830.png 1024w, https:\/\/proclass.com.br\/home\/wp-content\/uploads\/2018\/06\/Fig.-6-Dyn3-ExpanderGate-300x243.png 300w, https:\/\/proclass.com.br\/home\/wp-content\/uploads\/2018\/06\/Fig.-6-Dyn3-ExpanderGate-768x622.png 768w, https:\/\/proclass.com.br\/home\/wp-content\/uploads\/2018\/06\/Fig.-6-Dyn3-ExpanderGate.png 1140w\" sizes=\"(max-width: 1024px) 100vw, 1024px\" \/><p id=\"caption-attachment-10074\" class=\"wp-caption-text\">Fig. 6 &#8211; Dyn3 Expander\/Gate<\/p><\/div>\n<p class=\"p2\">Ele \u00e9 \u00fatil para situa\u00e7\u00f5es onde h\u00e1 um ru\u00eddo de fundo que n\u00e3o chega a incomodar quando a pessoa est\u00e1 falando, mas que aparece e chama aten\u00e7\u00e3o nas pausas.<\/p>\n<p class=\"p2\">Repare que ele n\u00e3o elimina o ru\u00eddo enquanto a pessoa est\u00e1 falando.<\/p>\n<p class=\"p2\">O Noise Reduction tem o nome parecido mas \u00e9 completamente diferente. Ele \u00e9 indicado para casos mais extremos, onde o ru\u00eddo de fundo \u00e9 muito alto, chegando a incomodar mesmo quando a pessoa est\u00e1 falando.<\/p>\n<p class=\"p2\">Pode acontecer em casos em que o microfone precisa estar mais distante para n\u00e3o vazar na cena ou perto de um ar condicionado.<\/p>\n<p class=\"p2\">Infelizmente, este processador n\u00e3o vem inclu\u00eddo no Pro Tools e nem no Avid Media Composer mas podem ser adquiridos separadamente para integrar ao Avid. Uma sugest\u00e3o \u00e9 o Waves X-Noise e a outra \u00e9 o iZotope RX.<\/p>\n<p class=\"p2\">Abra\u00e7os e at\u00e9 a pr\u00f3xima!<\/p>\n<p><strong><a href=\"http:\/\/proclass.com.br\/home\/wp-content\/uploads\/2012\/11\/cris3x4.jpg\"><img loading=\"lazy\" decoding=\"async\" class=\"alignleft\" title=\"cris3x4\" src=\"http:\/\/proclass.com.br\/home\/wp-content\/uploads\/2012\/11\/cris3x4.jpg\" alt=\"\" width=\"62\" height=\"83\" \/><\/a>Cristiano Moura<\/strong>\u00a0\u00e9 um instrutor certificado pela Avid em Media Composer e ministra treinamentos oficiais de certifica\u00e7\u00e3o Avid em todo o Brasil pelo centro de treinamentos<a href=\"http:\/\/www.proclass.com.br\" target=\"_blank\" rel=\"noopener\">\u00a0ProClass<\/a>, com sede no Rio de Janeiro.<\/p>\n","protected":false},"excerpt":{"rendered":"<p>Artigo publicado na Revista Luz e Cena Para conhecer mais sobre a revista,\u00a0clique aqui. Para treinamentos e certifica\u00e7\u00f5es oficiais Avid Media Composer, clique aqui. Conhe\u00e7a alguns dos principais processadores inclu\u00eddos Em edi\u00e7\u00f5es anteriores, vimos as possibilidades de recursos de \u00e1udio do Avid Media Composer. Sendo da mesma empresa desenvolvedora do Pro Tools, a equipe deContinue reading &rarr;<\/p>\n","protected":false},"author":4,"featured_media":10073,"comment_status":"closed","ping_status":"closed","sticky":false,"template":"","format":"standard","meta":{"footnotes":""},"categories":[17,797],"tags":[],"class_list":["post-10067","post","type-post","status-publish","format-standard","has-post-thumbnail","hentry","category-artigos","category-avid-media-composer-2","has-thumb"],"yoast_head":"<!-- This site is optimized with the Yoast SEO plugin v26.9 - https:\/\/yoast.com\/product\/yoast-seo-wordpress\/ -->\n<title>Efeitos de \u00e1udio no Avid Media Composer - PROCLASS<\/title>\n<meta name=\"robots\" content=\"index, follow, max-snippet:-1, max-image-preview:large, max-video-preview:-1\" \/>\n<link rel=\"canonical\" href=\"https:\/\/proclass.com.br\/home\/2018\/06\/efeitos-de-audio-no-avid-media-composer\/\" \/>\n<meta property=\"og:locale\" content=\"pt_BR\" \/>\n<meta property=\"og:type\" content=\"article\" \/>\n<meta property=\"og:title\" content=\"Efeitos de \u00e1udio no Avid Media Composer - PROCLASS\" \/>\n<meta property=\"og:description\" content=\"Artigo publicado na Revista Luz e Cena Para conhecer mais sobre a revista,\u00a0clique aqui. Para treinamentos e certifica\u00e7\u00f5es oficiais Avid Media Composer, clique aqui. Conhe\u00e7a alguns dos principais processadores inclu\u00eddos Em edi\u00e7\u00f5es anteriores, vimos as possibilidades de recursos de \u00e1udio do Avid Media Composer. Sendo da mesma empresa desenvolvedora do Pro Tools, a equipe deContinue reading &rarr;\" \/>\n<meta property=\"og:url\" content=\"https:\/\/proclass.com.br\/home\/2018\/06\/efeitos-de-audio-no-avid-media-composer\/\" \/>\n<meta property=\"og:site_name\" content=\"PROCLASS\" \/>\n<meta property=\"article:published_time\" content=\"2018-06-25T19:20:30+00:00\" \/>\n<meta property=\"og:image\" content=\"https:\/\/proclass.com.br\/home\/wp-content\/uploads\/2018\/06\/Fig.-5-Dyn3-Equalizer.png\" \/>\n\t<meta property=\"og:image:width\" content=\"1434\" \/>\n\t<meta property=\"og:image:height\" content=\"1124\" \/>\n\t<meta property=\"og:image:type\" content=\"image\/png\" \/>\n<meta name=\"author\" content=\"ProClass Treinamentos\" \/>\n<meta name=\"twitter:card\" content=\"summary_large_image\" \/>\n<meta name=\"twitter:label1\" content=\"Escrito por\" \/>\n\t<meta name=\"twitter:data1\" content=\"ProClass Treinamentos\" \/>\n\t<meta name=\"twitter:label2\" content=\"Est. tempo de leitura\" \/>\n\t<meta name=\"twitter:data2\" content=\"7 minutos\" \/>\n<script type=\"application\/ld+json\" class=\"yoast-schema-graph\">{\"@context\":\"https:\/\/schema.org\",\"@graph\":[{\"@type\":\"Article\",\"@id\":\"https:\/\/proclass.com.br\/home\/2018\/06\/efeitos-de-audio-no-avid-media-composer\/#article\",\"isPartOf\":{\"@id\":\"https:\/\/proclass.com.br\/home\/2018\/06\/efeitos-de-audio-no-avid-media-composer\/\"},\"author\":{\"name\":\"ProClass Treinamentos\",\"@id\":\"https:\/\/proclass.com.br\/home\/#\/schema\/person\/f89e1eb93d5d32c0bb465c52f87f5a00\"},\"headline\":\"Efeitos de \u00e1udio no Avid Media Composer\",\"datePublished\":\"2018-06-25T19:20:30+00:00\",\"mainEntityOfPage\":{\"@id\":\"https:\/\/proclass.com.br\/home\/2018\/06\/efeitos-de-audio-no-avid-media-composer\/\"},\"wordCount\":1378,\"publisher\":{\"@id\":\"https:\/\/proclass.com.br\/home\/#organization\"},\"image\":{\"@id\":\"https:\/\/proclass.com.br\/home\/2018\/06\/efeitos-de-audio-no-avid-media-composer\/#primaryimage\"},\"thumbnailUrl\":\"https:\/\/proclass.com.br\/home\/wp-content\/uploads\/2018\/06\/Fig.-5-Dyn3-Equalizer.png\",\"articleSection\":[\"Artigos\",\"Avid Media Composer\"],\"inLanguage\":\"pt-BR\"},{\"@type\":\"WebPage\",\"@id\":\"https:\/\/proclass.com.br\/home\/2018\/06\/efeitos-de-audio-no-avid-media-composer\/\",\"url\":\"https:\/\/proclass.com.br\/home\/2018\/06\/efeitos-de-audio-no-avid-media-composer\/\",\"name\":\"Efeitos de \u00e1udio no Avid Media Composer - PROCLASS\",\"isPartOf\":{\"@id\":\"https:\/\/proclass.com.br\/home\/#website\"},\"primaryImageOfPage\":{\"@id\":\"https:\/\/proclass.com.br\/home\/2018\/06\/efeitos-de-audio-no-avid-media-composer\/#primaryimage\"},\"image\":{\"@id\":\"https:\/\/proclass.com.br\/home\/2018\/06\/efeitos-de-audio-no-avid-media-composer\/#primaryimage\"},\"thumbnailUrl\":\"https:\/\/proclass.com.br\/home\/wp-content\/uploads\/2018\/06\/Fig.-5-Dyn3-Equalizer.png\",\"datePublished\":\"2018-06-25T19:20:30+00:00\",\"breadcrumb\":{\"@id\":\"https:\/\/proclass.com.br\/home\/2018\/06\/efeitos-de-audio-no-avid-media-composer\/#breadcrumb\"},\"inLanguage\":\"pt-BR\",\"potentialAction\":[{\"@type\":\"ReadAction\",\"target\":[\"https:\/\/proclass.com.br\/home\/2018\/06\/efeitos-de-audio-no-avid-media-composer\/\"]}]},{\"@type\":\"ImageObject\",\"inLanguage\":\"pt-BR\",\"@id\":\"https:\/\/proclass.com.br\/home\/2018\/06\/efeitos-de-audio-no-avid-media-composer\/#primaryimage\",\"url\":\"https:\/\/proclass.com.br\/home\/wp-content\/uploads\/2018\/06\/Fig.-5-Dyn3-Equalizer.png\",\"contentUrl\":\"https:\/\/proclass.com.br\/home\/wp-content\/uploads\/2018\/06\/Fig.-5-Dyn3-Equalizer.png\",\"width\":1434,\"height\":1124,\"caption\":\"Fig. 5 - Dyn3 Equalizer\"},{\"@type\":\"BreadcrumbList\",\"@id\":\"https:\/\/proclass.com.br\/home\/2018\/06\/efeitos-de-audio-no-avid-media-composer\/#breadcrumb\",\"itemListElement\":[{\"@type\":\"ListItem\",\"position\":1,\"name\":\"In\u00edcio\",\"item\":\"https:\/\/proclass.com.br\/home\/\"},{\"@type\":\"ListItem\",\"position\":2,\"name\":\"Efeitos de \u00e1udio no Avid Media Composer\"}]},{\"@type\":\"WebSite\",\"@id\":\"https:\/\/proclass.com.br\/home\/#website\",\"url\":\"https:\/\/proclass.com.br\/home\/\",\"name\":\"PROCLASS\",\"description\":\"CURSOS E TREINAMENTOS\",\"publisher\":{\"@id\":\"https:\/\/proclass.com.br\/home\/#organization\"},\"potentialAction\":[{\"@type\":\"SearchAction\",\"target\":{\"@type\":\"EntryPoint\",\"urlTemplate\":\"https:\/\/proclass.com.br\/home\/?s={search_term_string}\"},\"query-input\":{\"@type\":\"PropertyValueSpecification\",\"valueRequired\":true,\"valueName\":\"search_term_string\"}}],\"inLanguage\":\"pt-BR\"},{\"@type\":\"Organization\",\"@id\":\"https:\/\/proclass.com.br\/home\/#organization\",\"name\":\"PROCLASS\",\"url\":\"https:\/\/proclass.com.br\/home\/\",\"logo\":{\"@type\":\"ImageObject\",\"inLanguage\":\"pt-BR\",\"@id\":\"https:\/\/proclass.com.br\/home\/#\/schema\/logo\/image\/\",\"url\":\"https:\/\/proclass.com.br\/home\/wp-content\/uploads\/2023\/06\/CABECALHO-black_PROCLASS-2023.png\",\"contentUrl\":\"https:\/\/proclass.com.br\/home\/wp-content\/uploads\/2023\/06\/CABECALHO-black_PROCLASS-2023.png\",\"width\":2563,\"height\":911,\"caption\":\"PROCLASS\"},\"image\":{\"@id\":\"https:\/\/proclass.com.br\/home\/#\/schema\/logo\/image\/\"}},{\"@type\":\"Person\",\"@id\":\"https:\/\/proclass.com.br\/home\/#\/schema\/person\/f89e1eb93d5d32c0bb465c52f87f5a00\",\"name\":\"ProClass Treinamentos\",\"image\":{\"@type\":\"ImageObject\",\"inLanguage\":\"pt-BR\",\"@id\":\"https:\/\/proclass.com.br\/home\/#\/schema\/person\/image\/\",\"url\":\"https:\/\/secure.gravatar.com\/avatar\/3878d7a575c7ac355d2c778d5de04af08b7c5a7d9f19b2889f26cc7d80a6a832?s=96&d=blank&r=g\",\"contentUrl\":\"https:\/\/secure.gravatar.com\/avatar\/3878d7a575c7ac355d2c778d5de04af08b7c5a7d9f19b2889f26cc7d80a6a832?s=96&d=blank&r=g\",\"caption\":\"ProClass Treinamentos\"},\"url\":\"https:\/\/proclass.com.br\/home\/author\/proclass\/\"}]}<\/script>\n<!-- \/ Yoast SEO plugin. -->","yoast_head_json":{"title":"Efeitos de \u00e1udio no Avid Media Composer - PROCLASS","robots":{"index":"index","follow":"follow","max-snippet":"max-snippet:-1","max-image-preview":"max-image-preview:large","max-video-preview":"max-video-preview:-1"},"canonical":"https:\/\/proclass.com.br\/home\/2018\/06\/efeitos-de-audio-no-avid-media-composer\/","og_locale":"pt_BR","og_type":"article","og_title":"Efeitos de \u00e1udio no Avid Media Composer - PROCLASS","og_description":"Artigo publicado na Revista Luz e Cena Para conhecer mais sobre a revista,\u00a0clique aqui. Para treinamentos e certifica\u00e7\u00f5es oficiais Avid Media Composer, clique aqui. Conhe\u00e7a alguns dos principais processadores inclu\u00eddos Em edi\u00e7\u00f5es anteriores, vimos as possibilidades de recursos de \u00e1udio do Avid Media Composer. Sendo da mesma empresa desenvolvedora do Pro Tools, a equipe deContinue reading &rarr;","og_url":"https:\/\/proclass.com.br\/home\/2018\/06\/efeitos-de-audio-no-avid-media-composer\/","og_site_name":"PROCLASS","article_published_time":"2018-06-25T19:20:30+00:00","og_image":[{"width":1434,"height":1124,"url":"https:\/\/proclass.com.br\/home\/wp-content\/uploads\/2018\/06\/Fig.-5-Dyn3-Equalizer.png","type":"image\/png"}],"author":"ProClass Treinamentos","twitter_card":"summary_large_image","twitter_misc":{"Escrito por":"ProClass Treinamentos","Est. tempo de leitura":"7 minutos"},"schema":{"@context":"https:\/\/schema.org","@graph":[{"@type":"Article","@id":"https:\/\/proclass.com.br\/home\/2018\/06\/efeitos-de-audio-no-avid-media-composer\/#article","isPartOf":{"@id":"https:\/\/proclass.com.br\/home\/2018\/06\/efeitos-de-audio-no-avid-media-composer\/"},"author":{"name":"ProClass Treinamentos","@id":"https:\/\/proclass.com.br\/home\/#\/schema\/person\/f89e1eb93d5d32c0bb465c52f87f5a00"},"headline":"Efeitos de \u00e1udio no Avid Media Composer","datePublished":"2018-06-25T19:20:30+00:00","mainEntityOfPage":{"@id":"https:\/\/proclass.com.br\/home\/2018\/06\/efeitos-de-audio-no-avid-media-composer\/"},"wordCount":1378,"publisher":{"@id":"https:\/\/proclass.com.br\/home\/#organization"},"image":{"@id":"https:\/\/proclass.com.br\/home\/2018\/06\/efeitos-de-audio-no-avid-media-composer\/#primaryimage"},"thumbnailUrl":"https:\/\/proclass.com.br\/home\/wp-content\/uploads\/2018\/06\/Fig.-5-Dyn3-Equalizer.png","articleSection":["Artigos","Avid Media Composer"],"inLanguage":"pt-BR"},{"@type":"WebPage","@id":"https:\/\/proclass.com.br\/home\/2018\/06\/efeitos-de-audio-no-avid-media-composer\/","url":"https:\/\/proclass.com.br\/home\/2018\/06\/efeitos-de-audio-no-avid-media-composer\/","name":"Efeitos de \u00e1udio no Avid Media Composer - PROCLASS","isPartOf":{"@id":"https:\/\/proclass.com.br\/home\/#website"},"primaryImageOfPage":{"@id":"https:\/\/proclass.com.br\/home\/2018\/06\/efeitos-de-audio-no-avid-media-composer\/#primaryimage"},"image":{"@id":"https:\/\/proclass.com.br\/home\/2018\/06\/efeitos-de-audio-no-avid-media-composer\/#primaryimage"},"thumbnailUrl":"https:\/\/proclass.com.br\/home\/wp-content\/uploads\/2018\/06\/Fig.-5-Dyn3-Equalizer.png","datePublished":"2018-06-25T19:20:30+00:00","breadcrumb":{"@id":"https:\/\/proclass.com.br\/home\/2018\/06\/efeitos-de-audio-no-avid-media-composer\/#breadcrumb"},"inLanguage":"pt-BR","potentialAction":[{"@type":"ReadAction","target":["https:\/\/proclass.com.br\/home\/2018\/06\/efeitos-de-audio-no-avid-media-composer\/"]}]},{"@type":"ImageObject","inLanguage":"pt-BR","@id":"https:\/\/proclass.com.br\/home\/2018\/06\/efeitos-de-audio-no-avid-media-composer\/#primaryimage","url":"https:\/\/proclass.com.br\/home\/wp-content\/uploads\/2018\/06\/Fig.-5-Dyn3-Equalizer.png","contentUrl":"https:\/\/proclass.com.br\/home\/wp-content\/uploads\/2018\/06\/Fig.-5-Dyn3-Equalizer.png","width":1434,"height":1124,"caption":"Fig. 5 - Dyn3 Equalizer"},{"@type":"BreadcrumbList","@id":"https:\/\/proclass.com.br\/home\/2018\/06\/efeitos-de-audio-no-avid-media-composer\/#breadcrumb","itemListElement":[{"@type":"ListItem","position":1,"name":"In\u00edcio","item":"https:\/\/proclass.com.br\/home\/"},{"@type":"ListItem","position":2,"name":"Efeitos de \u00e1udio no Avid Media Composer"}]},{"@type":"WebSite","@id":"https:\/\/proclass.com.br\/home\/#website","url":"https:\/\/proclass.com.br\/home\/","name":"PROCLASS","description":"CURSOS E TREINAMENTOS","publisher":{"@id":"https:\/\/proclass.com.br\/home\/#organization"},"potentialAction":[{"@type":"SearchAction","target":{"@type":"EntryPoint","urlTemplate":"https:\/\/proclass.com.br\/home\/?s={search_term_string}"},"query-input":{"@type":"PropertyValueSpecification","valueRequired":true,"valueName":"search_term_string"}}],"inLanguage":"pt-BR"},{"@type":"Organization","@id":"https:\/\/proclass.com.br\/home\/#organization","name":"PROCLASS","url":"https:\/\/proclass.com.br\/home\/","logo":{"@type":"ImageObject","inLanguage":"pt-BR","@id":"https:\/\/proclass.com.br\/home\/#\/schema\/logo\/image\/","url":"https:\/\/proclass.com.br\/home\/wp-content\/uploads\/2023\/06\/CABECALHO-black_PROCLASS-2023.png","contentUrl":"https:\/\/proclass.com.br\/home\/wp-content\/uploads\/2023\/06\/CABECALHO-black_PROCLASS-2023.png","width":2563,"height":911,"caption":"PROCLASS"},"image":{"@id":"https:\/\/proclass.com.br\/home\/#\/schema\/logo\/image\/"}},{"@type":"Person","@id":"https:\/\/proclass.com.br\/home\/#\/schema\/person\/f89e1eb93d5d32c0bb465c52f87f5a00","name":"ProClass Treinamentos","image":{"@type":"ImageObject","inLanguage":"pt-BR","@id":"https:\/\/proclass.com.br\/home\/#\/schema\/person\/image\/","url":"https:\/\/secure.gravatar.com\/avatar\/3878d7a575c7ac355d2c778d5de04af08b7c5a7d9f19b2889f26cc7d80a6a832?s=96&d=blank&r=g","contentUrl":"https:\/\/secure.gravatar.com\/avatar\/3878d7a575c7ac355d2c778d5de04af08b7c5a7d9f19b2889f26cc7d80a6a832?s=96&d=blank&r=g","caption":"ProClass Treinamentos"},"url":"https:\/\/proclass.com.br\/home\/author\/proclass\/"}]}},"_links":{"self":[{"href":"https:\/\/proclass.com.br\/home\/wp-json\/wp\/v2\/posts\/10067","targetHints":{"allow":["GET"]}}],"collection":[{"href":"https:\/\/proclass.com.br\/home\/wp-json\/wp\/v2\/posts"}],"about":[{"href":"https:\/\/proclass.com.br\/home\/wp-json\/wp\/v2\/types\/post"}],"author":[{"embeddable":true,"href":"https:\/\/proclass.com.br\/home\/wp-json\/wp\/v2\/users\/4"}],"replies":[{"embeddable":true,"href":"https:\/\/proclass.com.br\/home\/wp-json\/wp\/v2\/comments?post=10067"}],"version-history":[{"count":0,"href":"https:\/\/proclass.com.br\/home\/wp-json\/wp\/v2\/posts\/10067\/revisions"}],"wp:featuredmedia":[{"embeddable":true,"href":"https:\/\/proclass.com.br\/home\/wp-json\/wp\/v2\/media\/10073"}],"wp:attachment":[{"href":"https:\/\/proclass.com.br\/home\/wp-json\/wp\/v2\/media?parent=10067"}],"wp:term":[{"taxonomy":"category","embeddable":true,"href":"https:\/\/proclass.com.br\/home\/wp-json\/wp\/v2\/categories?post=10067"},{"taxonomy":"post_tag","embeddable":true,"href":"https:\/\/proclass.com.br\/home\/wp-json\/wp\/v2\/tags?post=10067"}],"curies":[{"name":"wp","href":"https:\/\/api.w.org\/{rel}","templated":true}]}}