{"id":10038,"date":"2018-06-25T16:02:38","date_gmt":"2018-06-25T19:02:38","guid":{"rendered":"http:\/\/proclass.com.br\/home\/?p=10038"},"modified":"2018-06-25T16:02:38","modified_gmt":"2018-06-25T19:02:38","slug":"partes-essenciais-do-avid-media-composer","status":"publish","type":"post","link":"https:\/\/proclass.com.br\/home\/2018\/06\/partes-essenciais-do-avid-media-composer\/","title":{"rendered":"Partes essenciais do Avid Media Composer"},"content":{"rendered":"<p>Artigo publicado na Revista Luz e Cena<\/p>\n<p><a href=\"http:\/\/www.luzecena.com.br\"><img decoding=\"async\" title=\"luz e cena logo\" src=\"http:\/\/proclass.com.br\/home\/wp-content\/uploads\/2012\/11\/luz-e-cena-logo.jpg\" alt=\"\" width=\"206\" height=\"56\" \/><\/a><\/p>\n<p>Para conhecer mais sobre a revista,\u00a0<a href=\"http:\/\/www.luzecena.com.br\" target=\"_blank\" rel=\"noopener\">clique aqui.<\/a><\/p>\n<p>Para treinamentos e certifica\u00e7\u00f5es oficiais Avid Media Composer,<a href=\"http:\/\/proclass.com.br\/home\/cursos\/avid-media-composer\/\"> clique aqui.<\/a><\/p>\n<p class=\"p1\"><b><i>Saiba mais sobre projetos e m\u00eddias do seu sistema<\/i><\/b><\/p>\n<p class=\"p2\">Sabe editar e usar as ferramentas do Media Composer \u00c9 fundamental, mas de que adianta fazer uma sequ\u00eancia maravilhosa Se voc\u00ea tiver dificuldade de fazer os backups \u00c9 em repente ac\u00e1cia material?<\/p>\n<p class=\"p2\">Como restaurar O arquivo corrompido ou levar com seguran\u00e7a material de um computador para outro sou gols pontos que vamos abordar neste artigo.<\/p>\n<p class=\"p1\"><b><i>O seu projeto \u00e9 sua vida<\/i><\/b><\/p>\n<p class=\"p2\">Por uma quest\u00e3o de organiza\u00e7\u00e3o, flexibilidade, seguran\u00e7a entre outros, os projetos do Avid ficam ficam em locais separados das m\u00eddias que foram importadas para o Avid.<\/p>\n<p class=\"p2\">Mais que isso, um projeto no Avid n\u00e3o \u00e9 um arquivo \u00fanico. Ele \u00e9 uma pasta onde diversos arquivos relevantes s\u00e3o guardados e cada bin se torna uma arquivo independente (fig. 1).<\/p>\n<div id=\"attachment_10039\" style=\"width: 813px\" class=\"wp-caption aligncenter\"><img fetchpriority=\"high\" decoding=\"async\" aria-describedby=\"caption-attachment-10039\" class=\"size-full wp-image-10039\" src=\"http:\/\/proclass.com.br\/home\/wp-content\/uploads\/2018\/06\/fig.-1-Conteu\u0301do-de-um-Projeto-do-Avid-Media-Composer.png\" alt=\"\" width=\"803\" height=\"719\" srcset=\"https:\/\/proclass.com.br\/home\/wp-content\/uploads\/2018\/06\/fig.-1-Conteu\u0301do-de-um-Projeto-do-Avid-Media-Composer.png 803w, https:\/\/proclass.com.br\/home\/wp-content\/uploads\/2018\/06\/fig.-1-Conteu\u0301do-de-um-Projeto-do-Avid-Media-Composer-300x269.png 300w, https:\/\/proclass.com.br\/home\/wp-content\/uploads\/2018\/06\/fig.-1-Conteu\u0301do-de-um-Projeto-do-Avid-Media-Composer-768x688.png 768w\" sizes=\"(max-width: 803px) 100vw, 803px\" \/><p id=\"caption-attachment-10039\" class=\"wp-caption-text\">fig. 1 &#8211; Conteu\u0301do de um Projeto do Avid Media Composer<\/p><\/div>\n<p class=\"p2\">Os arquivos .avb s\u00e3o os bins do seu projeto. Os arquivos .avs e .xml s\u00e3o as configura\u00e7\u00f5es do projeto e o arquivo .avp \u00e9 simplesmente um arquivo que indica ao Avid que aquela pasta \u00e9 de fato um projeto do Avid. Por \u00faltimo, vale notar que as pastas criadas no Avid Media Composer aparecem como subpastas no seu HD (fig. 2).<\/p>\n<div id=\"attachment_10040\" style=\"width: 1020px\" class=\"wp-caption aligncenter\"><img decoding=\"async\" aria-describedby=\"caption-attachment-10040\" class=\"size-full wp-image-10040\" src=\"http:\/\/proclass.com.br\/home\/wp-content\/uploads\/2018\/06\/Fig.-2-Projeto-no-sistema-operacional-e-no-Avid-Media-Composer.png\" alt=\"\" width=\"1010\" height=\"578\" srcset=\"https:\/\/proclass.com.br\/home\/wp-content\/uploads\/2018\/06\/Fig.-2-Projeto-no-sistema-operacional-e-no-Avid-Media-Composer.png 1010w, https:\/\/proclass.com.br\/home\/wp-content\/uploads\/2018\/06\/Fig.-2-Projeto-no-sistema-operacional-e-no-Avid-Media-Composer-300x172.png 300w, https:\/\/proclass.com.br\/home\/wp-content\/uploads\/2018\/06\/Fig.-2-Projeto-no-sistema-operacional-e-no-Avid-Media-Composer-768x440.png 768w\" sizes=\"(max-width: 1010px) 100vw, 1010px\" \/><p id=\"caption-attachment-10040\" class=\"wp-caption-text\">Fig. 2 &#8211; Projeto no sistema operacional e no Avid Media Composer<\/p><\/div>\n<p class=\"p2\">Ent\u00e3o a de se compreender o seguinte conceito: n\u00e3o se salva \u201co projeto\u201d. Tamb\u00e9m n\u00e3o salvamos \u201ca sequ\u00eancia\u201d. O que salvamos no Avid s\u00e3o <b>os bins<\/b>, que carregam todo o conte\u00fado que estamos trabalhando.<\/p>\n<p class=\"p2\">Este conceito \u00e9 importante na hora de recuperar algo que foi perdido. Da mesma forma, se uma sequ\u00eancia \u201csumiu\u201d ou n\u00e3o abre mais, n\u00e3o \u00e9 a sequ\u00eancia que vamos restaurar, mas o bin que cont\u00e9m aquela sequ\u00eancia. E \u00e9 isso que vamos ver a seguir.<\/p>\n<p class=\"p1\"><b><i>Restaurando bins com sequ\u00eancias<\/i><\/b><\/p>\n<p class=\"p2\">Se algu\u00e9m por engano deletar uma sequ\u00eancia no Media Composer e tentar fazer um Undo\/desfazer, vai se frustrar, pois n\u00e3o \u00e9 poss\u00edvel.<\/p>\n<p class=\"p2\">Ent\u00e3o neste caso, temos que restaurar o bin do sistema autom\u00e1tico de backup do Avid, que chamamos de \u201cAvid Attic\u201d.<\/p>\n<p class=\"p2\">O Avid Attic \u00e9 uma sub-pasta criada junto com a instala\u00e7\u00e3o do Media Composer e armazena vers\u00f5es de cada bin dos projetos em arquivos distintos, salvos de tempos em tempos, definidos nas configura\u00e7\u00f5es do bin.<\/p>\n<p class=\"p2\">Podemos ver as configura\u00e7\u00f5es de auto-backup do Avid pela janela de Project Window &gt; Settings &gt; Bin (fig. 3).<\/p>\n<div id=\"attachment_10041\" style=\"width: 705px\" class=\"wp-caption aligncenter\"><img loading=\"lazy\" decoding=\"async\" aria-describedby=\"caption-attachment-10041\" class=\"size-full wp-image-10041\" src=\"http:\/\/proclass.com.br\/home\/wp-content\/uploads\/2018\/06\/fig.-3-configurac\u0327o\u0303es-de-auto-backup.png\" alt=\"\" width=\"695\" height=\"457\" srcset=\"https:\/\/proclass.com.br\/home\/wp-content\/uploads\/2018\/06\/fig.-3-configurac\u0327o\u0303es-de-auto-backup.png 695w, https:\/\/proclass.com.br\/home\/wp-content\/uploads\/2018\/06\/fig.-3-configurac\u0327o\u0303es-de-auto-backup-300x197.png 300w\" sizes=\"(max-width: 695px) 100vw, 695px\" \/><p id=\"caption-attachment-10041\" class=\"wp-caption-text\">fig. 3 &#8211; configurac\u0327o\u0303es de auto-backup<\/p><\/div>\n<p class=\"p2\">Para encontrar a pasta Avid Attic o caminho mais pr\u00e1tico \u00e9 digitando pela busca do windows ou mac (fig. 4). Ap\u00f3s encontrar, recomendo criar um atalho para esta pasta em um local mais f\u00e1cil como no desktop.<\/p>\n<div id=\"attachment_10042\" style=\"width: 921px\" class=\"wp-caption aligncenter\"><img loading=\"lazy\" decoding=\"async\" aria-describedby=\"caption-attachment-10042\" class=\"size-full wp-image-10042\" src=\"http:\/\/proclass.com.br\/home\/wp-content\/uploads\/2018\/06\/fig.-4-Localizando-o-Avid-Attic.png\" alt=\"\" width=\"911\" height=\"566\" srcset=\"https:\/\/proclass.com.br\/home\/wp-content\/uploads\/2018\/06\/fig.-4-Localizando-o-Avid-Attic.png 911w, https:\/\/proclass.com.br\/home\/wp-content\/uploads\/2018\/06\/fig.-4-Localizando-o-Avid-Attic-300x186.png 300w, https:\/\/proclass.com.br\/home\/wp-content\/uploads\/2018\/06\/fig.-4-Localizando-o-Avid-Attic-768x477.png 768w\" sizes=\"(max-width: 911px) 100vw, 911px\" \/><p id=\"caption-attachment-10042\" class=\"wp-caption-text\">fig. 4 &#8211; Localizando o Avid Attic<\/p><\/div>\n<p class=\"p2\">A restaura\u00e7\u00e3o de um backup que esteja no Attic \u00e9 feita por meio do sistema operacional (Windows Explorer(win)\/Finder(mac)). Basta copiar o bin em quest\u00e3o e colar de volta para o projeto e abrir novamente o projeto.<\/p>\n<p class=\"p2\">Para usu\u00e1rios do Windows, al\u00e9m de copiar\/colar \u00e9 essencial renomear a extens\u00e3o do arquivo para .avb ou o sistema n\u00e3o reconhecer\u00e1 o bin.<\/p>\n<p class=\"p1\"><b><i>M\u00eddias separadas do projeto<\/i><\/b><\/p>\n<p class=\"p2\">Um dos principais conceitos do Media Composer \u00e9 de centralizar as m\u00eddias em um local \u00fanico e n\u00e3o separadas em pastas definidas pelo usu\u00e1rio.<\/p>\n<p class=\"p2\">Todas as m\u00eddias importadas, transcodificadas ou consolidadas ficam na raiz do HD, no caminho Avid MediaFiles &gt; MXF e por fim, dentro de mais uma subpasta que leva um n\u00famero como nome (fig. 5).<\/p>\n<div id=\"attachment_10043\" style=\"width: 1031px\" class=\"wp-caption aligncenter\"><img loading=\"lazy\" decoding=\"async\" aria-describedby=\"caption-attachment-10043\" class=\"size-full wp-image-10043\" src=\"http:\/\/proclass.com.br\/home\/wp-content\/uploads\/2018\/06\/fig.-5-Avid-MediaFiles.png\" alt=\"\" width=\"1021\" height=\"594\" srcset=\"https:\/\/proclass.com.br\/home\/wp-content\/uploads\/2018\/06\/fig.-5-Avid-MediaFiles.png 1021w, https:\/\/proclass.com.br\/home\/wp-content\/uploads\/2018\/06\/fig.-5-Avid-MediaFiles-300x175.png 300w, https:\/\/proclass.com.br\/home\/wp-content\/uploads\/2018\/06\/fig.-5-Avid-MediaFiles-768x447.png 768w\" sizes=\"(max-width: 1021px) 100vw, 1021px\" \/><p id=\"caption-attachment-10043\" class=\"wp-caption-text\">fig. 5 &#8211; Avid MediaFiles<\/p><\/div>\n<p class=\"p2\">A priori, estas pastas n\u00e3o devem ser mexidas pelo usu\u00e1rio e devem ser administradas por dentro do Avid. Arquivos podem ser transferidos de um HD para outro usando o recurso Consolidate e para limpar m\u00eddias n\u00e3o usadas, devemos usar a ferramenta Media Tool.<\/p>\n<p class=\"p2\">Estes processos s\u00e3o mais avan\u00e7ados que realmente aconselho que seja feito por algu\u00e9m com bastante experi\u00eancia pois perder m\u00eddia \u00e9 grave, pode dar em demiss\u00e3o ou no m\u00ednimo, uma incr\u00edvel dor de cabe\u00e7a.<\/p>\n<p class=\"p2\">Al\u00e9m das m\u00eddias, as pastas com n\u00famero (1 no nosso exemplo) cont\u00e9m arquivos de banco de dados, que serve para o Media Composer como um facilitador para encontrar as m\u00eddias para carregar um projeto. S\u00e3o dois arquivos, <b>msmFMID.pmr<\/b> e <b>msmMMOB.mdb<\/b> e por vezes, pode acabar se corrompendo e fazendo com que o Media Composer indique alguma m\u00eddia esteja offline mesmo quando ela est\u00e1 de fato no HD.<\/p>\n<p class=\"p2\">Neste caso, o usu\u00e1rio pode recriar estes arquivos de banco de dados para tentar sanar o problema. Para isso, basta deletar estes arquivos sem medo, que assim que Media Composer ficar ativo novamente, os arquivos ser\u00e3o todos refeitos e possivelmente o erro ser\u00e1 eliminado.<\/p>\n<p class=\"p1\"><b><i>Encontrando arquivos do seu projeto e compartilhando<\/i><\/b><\/p>\n<p class=\"p2\">\u00c9 muito comum o compartilhamento de bins entre usu\u00e1rios de Media Composer e uma maneira muito simples de fazer isso \u00e9 pelo comando \u201creveal file\u201d.<\/p>\n<p class=\"p2\">Vamos supor que um assistente organizou em um bins v\u00e1rias imagens de cobertura que ser\u00e3o organizadas no projeto e precisar enviar para outro editor.<\/p>\n<p class=\"p2\">Pelo Project Window, o assistente pode clicar no bin a ser compartilhado com o bot\u00e3o direito e escolher a op\u00e7\u00e3o \u201creveal file\u201d (fig. 6). O Window Explorer\/Finder ser\u00e1 iniciado e o arquivo ser\u00e1 apresentado na tela. A partir dai, basta salvar em um pendrive ou mesmo enviar pela internet, pois os bins cont\u00e9m apenas as informa\u00e7\u00f5es das m\u00eddias e sequ\u00eancias e n\u00e3o as m\u00eddias como vimos antes.<\/p>\n<div id=\"attachment_10044\" style=\"width: 329px\" class=\"wp-caption aligncenter\"><img loading=\"lazy\" decoding=\"async\" aria-describedby=\"caption-attachment-10044\" class=\"size-full wp-image-10044\" src=\"http:\/\/proclass.com.br\/home\/wp-content\/uploads\/2018\/06\/fig.-6-Reveal-file.png\" alt=\"\" width=\"319\" height=\"351\" srcset=\"https:\/\/proclass.com.br\/home\/wp-content\/uploads\/2018\/06\/fig.-6-Reveal-file.png 319w, https:\/\/proclass.com.br\/home\/wp-content\/uploads\/2018\/06\/fig.-6-Reveal-file-273x300.png 273w\" sizes=\"(max-width: 319px) 100vw, 319px\" \/><p id=\"caption-attachment-10044\" class=\"wp-caption-text\">fig. 6 &#8211; Reveal file<\/p><\/div>\n<p class=\"p2\">Uma vez que o bin for entregue, o editor poder\u00e1 incluir no seu projeto pelo comando File &gt; Open Bin.<\/p>\n<p class=\"p2\">E desta forma encerramos este artigo, onde vimos todos os componentes de um projeto. O mais importante a entender \u00e9 que um projeto do Media Composer \u00e9 sempre desmembrado em v\u00e1rios arquivos e pastas e no caso de levar para outro computador, h\u00e1 de ser ter cuidado e aten\u00e7\u00e3o para garantir que n\u00e3o apenas o projeto, mas as m\u00eddias tamb\u00e9m est\u00e3o sendo transportadas.<\/p>\n<p class=\"p2\">Abra\u00e7os e at\u00e9 a pr\u00f3xima!<\/p>\n<p><strong><a href=\"http:\/\/proclass.com.br\/home\/wp-content\/uploads\/2012\/11\/cris3x4.jpg\"><img loading=\"lazy\" decoding=\"async\" class=\"alignleft\" title=\"cris3x4\" src=\"http:\/\/proclass.com.br\/home\/wp-content\/uploads\/2012\/11\/cris3x4.jpg\" alt=\"\" width=\"62\" height=\"83\" \/><\/a>Cristiano Moura<\/strong>\u00a0\u00e9 um instrutor certificado pela Avid em Media Composer e ministra treinamentos oficiais de certifica\u00e7\u00e3o Avid em todo o Brasil pelo centro de treinamentos<a href=\"http:\/\/www.proclass.com.br\" target=\"_blank\" rel=\"noopener\">\u00a0ProClass<\/a>, com sede no Rio de Janeiro.<\/p>\n","protected":false},"excerpt":{"rendered":"<p>Artigo publicado na Revista Luz e Cena Para conhecer mais sobre a revista,\u00a0clique aqui. Para treinamentos e certifica\u00e7\u00f5es oficiais Avid Media Composer, clique aqui. Saiba mais sobre projetos e m\u00eddias do seu sistema Sabe editar e usar as ferramentas do Media Composer \u00c9 fundamental, mas de que adianta fazer uma sequ\u00eancia maravilhosa Se voc\u00ea tiverContinue reading &rarr;<\/p>\n","protected":false},"author":4,"featured_media":10039,"comment_status":"closed","ping_status":"closed","sticky":false,"template":"","format":"standard","meta":{"footnotes":""},"categories":[17,797],"tags":[],"class_list":["post-10038","post","type-post","status-publish","format-standard","has-post-thumbnail","hentry","category-artigos","category-avid-media-composer-2","has-thumb"],"yoast_head":"<!-- This site is optimized with the Yoast SEO plugin v26.9 - https:\/\/yoast.com\/product\/yoast-seo-wordpress\/ -->\n<title>Partes essenciais do Avid Media Composer - PROCLASS<\/title>\n<meta name=\"robots\" content=\"index, follow, max-snippet:-1, max-image-preview:large, max-video-preview:-1\" \/>\n<link rel=\"canonical\" href=\"https:\/\/proclass.com.br\/home\/2018\/06\/partes-essenciais-do-avid-media-composer\/\" \/>\n<meta property=\"og:locale\" content=\"pt_BR\" \/>\n<meta property=\"og:type\" content=\"article\" \/>\n<meta property=\"og:title\" content=\"Partes essenciais do Avid Media Composer - PROCLASS\" \/>\n<meta property=\"og:description\" content=\"Artigo publicado na Revista Luz e Cena Para conhecer mais sobre a revista,\u00a0clique aqui. Para treinamentos e certifica\u00e7\u00f5es oficiais Avid Media Composer, clique aqui. Saiba mais sobre projetos e m\u00eddias do seu sistema Sabe editar e usar as ferramentas do Media Composer \u00c9 fundamental, mas de que adianta fazer uma sequ\u00eancia maravilhosa Se voc\u00ea tiverContinue reading &rarr;\" \/>\n<meta property=\"og:url\" content=\"https:\/\/proclass.com.br\/home\/2018\/06\/partes-essenciais-do-avid-media-composer\/\" \/>\n<meta property=\"og:site_name\" content=\"PROCLASS\" \/>\n<meta property=\"article:published_time\" content=\"2018-06-25T19:02:38+00:00\" \/>\n<meta property=\"og:image\" content=\"https:\/\/proclass.com.br\/home\/wp-content\/uploads\/2018\/06\/fig.-1-Conteu\u0301do-de-um-Projeto-do-Avid-Media-Composer.png\" \/>\n\t<meta property=\"og:image:width\" content=\"803\" \/>\n\t<meta property=\"og:image:height\" content=\"719\" \/>\n\t<meta property=\"og:image:type\" content=\"image\/png\" \/>\n<meta name=\"author\" content=\"ProClass Treinamentos\" \/>\n<meta name=\"twitter:card\" content=\"summary_large_image\" \/>\n<meta name=\"twitter:label1\" content=\"Escrito por\" \/>\n\t<meta name=\"twitter:data1\" content=\"ProClass Treinamentos\" \/>\n\t<meta name=\"twitter:label2\" content=\"Est. tempo de leitura\" \/>\n\t<meta name=\"twitter:data2\" content=\"6 minutos\" \/>\n<script type=\"application\/ld+json\" class=\"yoast-schema-graph\">{\"@context\":\"https:\/\/schema.org\",\"@graph\":[{\"@type\":\"Article\",\"@id\":\"https:\/\/proclass.com.br\/home\/2018\/06\/partes-essenciais-do-avid-media-composer\/#article\",\"isPartOf\":{\"@id\":\"https:\/\/proclass.com.br\/home\/2018\/06\/partes-essenciais-do-avid-media-composer\/\"},\"author\":{\"name\":\"ProClass Treinamentos\",\"@id\":\"https:\/\/proclass.com.br\/home\/#\/schema\/person\/f89e1eb93d5d32c0bb465c52f87f5a00\"},\"headline\":\"Partes essenciais do Avid Media Composer\",\"datePublished\":\"2018-06-25T19:02:38+00:00\",\"mainEntityOfPage\":{\"@id\":\"https:\/\/proclass.com.br\/home\/2018\/06\/partes-essenciais-do-avid-media-composer\/\"},\"wordCount\":1147,\"publisher\":{\"@id\":\"https:\/\/proclass.com.br\/home\/#organization\"},\"image\":{\"@id\":\"https:\/\/proclass.com.br\/home\/2018\/06\/partes-essenciais-do-avid-media-composer\/#primaryimage\"},\"thumbnailUrl\":\"https:\/\/proclass.com.br\/home\/wp-content\/uploads\/2018\/06\/fig.-1-Conteu\u0301do-de-um-Projeto-do-Avid-Media-Composer.png\",\"articleSection\":[\"Artigos\",\"Avid Media Composer\"],\"inLanguage\":\"pt-BR\"},{\"@type\":\"WebPage\",\"@id\":\"https:\/\/proclass.com.br\/home\/2018\/06\/partes-essenciais-do-avid-media-composer\/\",\"url\":\"https:\/\/proclass.com.br\/home\/2018\/06\/partes-essenciais-do-avid-media-composer\/\",\"name\":\"Partes essenciais do Avid Media Composer - PROCLASS\",\"isPartOf\":{\"@id\":\"https:\/\/proclass.com.br\/home\/#website\"},\"primaryImageOfPage\":{\"@id\":\"https:\/\/proclass.com.br\/home\/2018\/06\/partes-essenciais-do-avid-media-composer\/#primaryimage\"},\"image\":{\"@id\":\"https:\/\/proclass.com.br\/home\/2018\/06\/partes-essenciais-do-avid-media-composer\/#primaryimage\"},\"thumbnailUrl\":\"https:\/\/proclass.com.br\/home\/wp-content\/uploads\/2018\/06\/fig.-1-Conteu\u0301do-de-um-Projeto-do-Avid-Media-Composer.png\",\"datePublished\":\"2018-06-25T19:02:38+00:00\",\"breadcrumb\":{\"@id\":\"https:\/\/proclass.com.br\/home\/2018\/06\/partes-essenciais-do-avid-media-composer\/#breadcrumb\"},\"inLanguage\":\"pt-BR\",\"potentialAction\":[{\"@type\":\"ReadAction\",\"target\":[\"https:\/\/proclass.com.br\/home\/2018\/06\/partes-essenciais-do-avid-media-composer\/\"]}]},{\"@type\":\"ImageObject\",\"inLanguage\":\"pt-BR\",\"@id\":\"https:\/\/proclass.com.br\/home\/2018\/06\/partes-essenciais-do-avid-media-composer\/#primaryimage\",\"url\":\"https:\/\/proclass.com.br\/home\/wp-content\/uploads\/2018\/06\/fig.-1-Conteu\u0301do-de-um-Projeto-do-Avid-Media-Composer.png\",\"contentUrl\":\"https:\/\/proclass.com.br\/home\/wp-content\/uploads\/2018\/06\/fig.-1-Conteu\u0301do-de-um-Projeto-do-Avid-Media-Composer.png\",\"width\":803,\"height\":719,\"caption\":\"fig. 1 - Conteu\u0301do de um Projeto do Avid Media Composer\"},{\"@type\":\"BreadcrumbList\",\"@id\":\"https:\/\/proclass.com.br\/home\/2018\/06\/partes-essenciais-do-avid-media-composer\/#breadcrumb\",\"itemListElement\":[{\"@type\":\"ListItem\",\"position\":1,\"name\":\"In\u00edcio\",\"item\":\"https:\/\/proclass.com.br\/home\/\"},{\"@type\":\"ListItem\",\"position\":2,\"name\":\"Partes essenciais do Avid Media Composer\"}]},{\"@type\":\"WebSite\",\"@id\":\"https:\/\/proclass.com.br\/home\/#website\",\"url\":\"https:\/\/proclass.com.br\/home\/\",\"name\":\"PROCLASS\",\"description\":\"CURSOS E TREINAMENTOS\",\"publisher\":{\"@id\":\"https:\/\/proclass.com.br\/home\/#organization\"},\"potentialAction\":[{\"@type\":\"SearchAction\",\"target\":{\"@type\":\"EntryPoint\",\"urlTemplate\":\"https:\/\/proclass.com.br\/home\/?s={search_term_string}\"},\"query-input\":{\"@type\":\"PropertyValueSpecification\",\"valueRequired\":true,\"valueName\":\"search_term_string\"}}],\"inLanguage\":\"pt-BR\"},{\"@type\":\"Organization\",\"@id\":\"https:\/\/proclass.com.br\/home\/#organization\",\"name\":\"PROCLASS\",\"url\":\"https:\/\/proclass.com.br\/home\/\",\"logo\":{\"@type\":\"ImageObject\",\"inLanguage\":\"pt-BR\",\"@id\":\"https:\/\/proclass.com.br\/home\/#\/schema\/logo\/image\/\",\"url\":\"https:\/\/proclass.com.br\/home\/wp-content\/uploads\/2023\/06\/CABECALHO-black_PROCLASS-2023.png\",\"contentUrl\":\"https:\/\/proclass.com.br\/home\/wp-content\/uploads\/2023\/06\/CABECALHO-black_PROCLASS-2023.png\",\"width\":2563,\"height\":911,\"caption\":\"PROCLASS\"},\"image\":{\"@id\":\"https:\/\/proclass.com.br\/home\/#\/schema\/logo\/image\/\"}},{\"@type\":\"Person\",\"@id\":\"https:\/\/proclass.com.br\/home\/#\/schema\/person\/f89e1eb93d5d32c0bb465c52f87f5a00\",\"name\":\"ProClass Treinamentos\",\"image\":{\"@type\":\"ImageObject\",\"inLanguage\":\"pt-BR\",\"@id\":\"https:\/\/proclass.com.br\/home\/#\/schema\/person\/image\/\",\"url\":\"https:\/\/secure.gravatar.com\/avatar\/3878d7a575c7ac355d2c778d5de04af08b7c5a7d9f19b2889f26cc7d80a6a832?s=96&d=blank&r=g\",\"contentUrl\":\"https:\/\/secure.gravatar.com\/avatar\/3878d7a575c7ac355d2c778d5de04af08b7c5a7d9f19b2889f26cc7d80a6a832?s=96&d=blank&r=g\",\"caption\":\"ProClass Treinamentos\"},\"url\":\"https:\/\/proclass.com.br\/home\/author\/proclass\/\"}]}<\/script>\n<!-- \/ Yoast SEO plugin. -->","yoast_head_json":{"title":"Partes essenciais do Avid Media Composer - PROCLASS","robots":{"index":"index","follow":"follow","max-snippet":"max-snippet:-1","max-image-preview":"max-image-preview:large","max-video-preview":"max-video-preview:-1"},"canonical":"https:\/\/proclass.com.br\/home\/2018\/06\/partes-essenciais-do-avid-media-composer\/","og_locale":"pt_BR","og_type":"article","og_title":"Partes essenciais do Avid Media Composer - PROCLASS","og_description":"Artigo publicado na Revista Luz e Cena Para conhecer mais sobre a revista,\u00a0clique aqui. Para treinamentos e certifica\u00e7\u00f5es oficiais Avid Media Composer, clique aqui. Saiba mais sobre projetos e m\u00eddias do seu sistema Sabe editar e usar as ferramentas do Media Composer \u00c9 fundamental, mas de que adianta fazer uma sequ\u00eancia maravilhosa Se voc\u00ea tiverContinue reading &rarr;","og_url":"https:\/\/proclass.com.br\/home\/2018\/06\/partes-essenciais-do-avid-media-composer\/","og_site_name":"PROCLASS","article_published_time":"2018-06-25T19:02:38+00:00","og_image":[{"width":803,"height":719,"url":"https:\/\/proclass.com.br\/home\/wp-content\/uploads\/2018\/06\/fig.-1-Conteu\u0301do-de-um-Projeto-do-Avid-Media-Composer.png","type":"image\/png"}],"author":"ProClass Treinamentos","twitter_card":"summary_large_image","twitter_misc":{"Escrito por":"ProClass Treinamentos","Est. tempo de leitura":"6 minutos"},"schema":{"@context":"https:\/\/schema.org","@graph":[{"@type":"Article","@id":"https:\/\/proclass.com.br\/home\/2018\/06\/partes-essenciais-do-avid-media-composer\/#article","isPartOf":{"@id":"https:\/\/proclass.com.br\/home\/2018\/06\/partes-essenciais-do-avid-media-composer\/"},"author":{"name":"ProClass Treinamentos","@id":"https:\/\/proclass.com.br\/home\/#\/schema\/person\/f89e1eb93d5d32c0bb465c52f87f5a00"},"headline":"Partes essenciais do Avid Media Composer","datePublished":"2018-06-25T19:02:38+00:00","mainEntityOfPage":{"@id":"https:\/\/proclass.com.br\/home\/2018\/06\/partes-essenciais-do-avid-media-composer\/"},"wordCount":1147,"publisher":{"@id":"https:\/\/proclass.com.br\/home\/#organization"},"image":{"@id":"https:\/\/proclass.com.br\/home\/2018\/06\/partes-essenciais-do-avid-media-composer\/#primaryimage"},"thumbnailUrl":"https:\/\/proclass.com.br\/home\/wp-content\/uploads\/2018\/06\/fig.-1-Conteu\u0301do-de-um-Projeto-do-Avid-Media-Composer.png","articleSection":["Artigos","Avid Media Composer"],"inLanguage":"pt-BR"},{"@type":"WebPage","@id":"https:\/\/proclass.com.br\/home\/2018\/06\/partes-essenciais-do-avid-media-composer\/","url":"https:\/\/proclass.com.br\/home\/2018\/06\/partes-essenciais-do-avid-media-composer\/","name":"Partes essenciais do Avid Media Composer - PROCLASS","isPartOf":{"@id":"https:\/\/proclass.com.br\/home\/#website"},"primaryImageOfPage":{"@id":"https:\/\/proclass.com.br\/home\/2018\/06\/partes-essenciais-do-avid-media-composer\/#primaryimage"},"image":{"@id":"https:\/\/proclass.com.br\/home\/2018\/06\/partes-essenciais-do-avid-media-composer\/#primaryimage"},"thumbnailUrl":"https:\/\/proclass.com.br\/home\/wp-content\/uploads\/2018\/06\/fig.-1-Conteu\u0301do-de-um-Projeto-do-Avid-Media-Composer.png","datePublished":"2018-06-25T19:02:38+00:00","breadcrumb":{"@id":"https:\/\/proclass.com.br\/home\/2018\/06\/partes-essenciais-do-avid-media-composer\/#breadcrumb"},"inLanguage":"pt-BR","potentialAction":[{"@type":"ReadAction","target":["https:\/\/proclass.com.br\/home\/2018\/06\/partes-essenciais-do-avid-media-composer\/"]}]},{"@type":"ImageObject","inLanguage":"pt-BR","@id":"https:\/\/proclass.com.br\/home\/2018\/06\/partes-essenciais-do-avid-media-composer\/#primaryimage","url":"https:\/\/proclass.com.br\/home\/wp-content\/uploads\/2018\/06\/fig.-1-Conteu\u0301do-de-um-Projeto-do-Avid-Media-Composer.png","contentUrl":"https:\/\/proclass.com.br\/home\/wp-content\/uploads\/2018\/06\/fig.-1-Conteu\u0301do-de-um-Projeto-do-Avid-Media-Composer.png","width":803,"height":719,"caption":"fig. 1 - Conteu\u0301do de um Projeto do Avid Media Composer"},{"@type":"BreadcrumbList","@id":"https:\/\/proclass.com.br\/home\/2018\/06\/partes-essenciais-do-avid-media-composer\/#breadcrumb","itemListElement":[{"@type":"ListItem","position":1,"name":"In\u00edcio","item":"https:\/\/proclass.com.br\/home\/"},{"@type":"ListItem","position":2,"name":"Partes essenciais do Avid Media Composer"}]},{"@type":"WebSite","@id":"https:\/\/proclass.com.br\/home\/#website","url":"https:\/\/proclass.com.br\/home\/","name":"PROCLASS","description":"CURSOS E TREINAMENTOS","publisher":{"@id":"https:\/\/proclass.com.br\/home\/#organization"},"potentialAction":[{"@type":"SearchAction","target":{"@type":"EntryPoint","urlTemplate":"https:\/\/proclass.com.br\/home\/?s={search_term_string}"},"query-input":{"@type":"PropertyValueSpecification","valueRequired":true,"valueName":"search_term_string"}}],"inLanguage":"pt-BR"},{"@type":"Organization","@id":"https:\/\/proclass.com.br\/home\/#organization","name":"PROCLASS","url":"https:\/\/proclass.com.br\/home\/","logo":{"@type":"ImageObject","inLanguage":"pt-BR","@id":"https:\/\/proclass.com.br\/home\/#\/schema\/logo\/image\/","url":"https:\/\/proclass.com.br\/home\/wp-content\/uploads\/2023\/06\/CABECALHO-black_PROCLASS-2023.png","contentUrl":"https:\/\/proclass.com.br\/home\/wp-content\/uploads\/2023\/06\/CABECALHO-black_PROCLASS-2023.png","width":2563,"height":911,"caption":"PROCLASS"},"image":{"@id":"https:\/\/proclass.com.br\/home\/#\/schema\/logo\/image\/"}},{"@type":"Person","@id":"https:\/\/proclass.com.br\/home\/#\/schema\/person\/f89e1eb93d5d32c0bb465c52f87f5a00","name":"ProClass Treinamentos","image":{"@type":"ImageObject","inLanguage":"pt-BR","@id":"https:\/\/proclass.com.br\/home\/#\/schema\/person\/image\/","url":"https:\/\/secure.gravatar.com\/avatar\/3878d7a575c7ac355d2c778d5de04af08b7c5a7d9f19b2889f26cc7d80a6a832?s=96&d=blank&r=g","contentUrl":"https:\/\/secure.gravatar.com\/avatar\/3878d7a575c7ac355d2c778d5de04af08b7c5a7d9f19b2889f26cc7d80a6a832?s=96&d=blank&r=g","caption":"ProClass Treinamentos"},"url":"https:\/\/proclass.com.br\/home\/author\/proclass\/"}]}},"_links":{"self":[{"href":"https:\/\/proclass.com.br\/home\/wp-json\/wp\/v2\/posts\/10038","targetHints":{"allow":["GET"]}}],"collection":[{"href":"https:\/\/proclass.com.br\/home\/wp-json\/wp\/v2\/posts"}],"about":[{"href":"https:\/\/proclass.com.br\/home\/wp-json\/wp\/v2\/types\/post"}],"author":[{"embeddable":true,"href":"https:\/\/proclass.com.br\/home\/wp-json\/wp\/v2\/users\/4"}],"replies":[{"embeddable":true,"href":"https:\/\/proclass.com.br\/home\/wp-json\/wp\/v2\/comments?post=10038"}],"version-history":[{"count":0,"href":"https:\/\/proclass.com.br\/home\/wp-json\/wp\/v2\/posts\/10038\/revisions"}],"wp:featuredmedia":[{"embeddable":true,"href":"https:\/\/proclass.com.br\/home\/wp-json\/wp\/v2\/media\/10039"}],"wp:attachment":[{"href":"https:\/\/proclass.com.br\/home\/wp-json\/wp\/v2\/media?parent=10038"}],"wp:term":[{"taxonomy":"category","embeddable":true,"href":"https:\/\/proclass.com.br\/home\/wp-json\/wp\/v2\/categories?post=10038"},{"taxonomy":"post_tag","embeddable":true,"href":"https:\/\/proclass.com.br\/home\/wp-json\/wp\/v2\/tags?post=10038"}],"curies":[{"name":"wp","href":"https:\/\/api.w.org\/{rel}","templated":true}]}}