{"id":10028,"date":"2018-06-25T15:54:48","date_gmt":"2018-06-25T18:54:48","guid":{"rendered":"http:\/\/proclass.com.br\/home\/?p=10028"},"modified":"2018-06-25T15:54:48","modified_gmt":"2018-06-25T18:54:48","slug":"lidando-com-fotos-no-avid-media-composer","status":"publish","type":"post","link":"https:\/\/proclass.com.br\/home\/2018\/06\/lidando-com-fotos-no-avid-media-composer\/","title":{"rendered":"Lidando com fotos no Avid Media Composer"},"content":{"rendered":"<p>Artigo publicado na Revista Luz e Cena<\/p>\n<p><a href=\"http:\/\/www.luzecena.com.br\"><img decoding=\"async\" title=\"luz e cena logo\" src=\"http:\/\/proclass.com.br\/home\/wp-content\/uploads\/2012\/11\/luz-e-cena-logo.jpg\" alt=\"\" width=\"206\" height=\"56\" \/><\/a><\/p>\n<p>Para conhecer mais sobre a revista,\u00a0<a href=\"http:\/\/www.luzecena.com.br\" target=\"_blank\" rel=\"noopener\">clique aqui.<\/a><\/p>\n<p>Para treinamentos e certifica\u00e7\u00f5es oficiais Avid Media Composer,<a href=\"http:\/\/proclass.com.br\/home\/cursos\/avid-media-composer\/\"> clique aqui.<\/a><\/p>\n<p class=\"p1\"><b><i>Import, link, movimentos e qualidade<\/i><\/b><\/p>\n<p class=\"p2\">O Avid media composer \u00e9 visto essencialmente como uma ferramenta de edi\u00e7\u00e3o de v\u00eddeo, mas com capacidades de edi\u00e7\u00e3o, tratamento e mixagem de \u00e1udio e at\u00e9 possibilidades de videografismo.<\/p>\n<p class=\"p2\">O que por vezes acaba-se esquecendo \u00e9 que a edi\u00e7\u00e3o de v\u00eddeo tamb\u00e9m envolve fatalmente a edi\u00e7\u00e3o de fotos, logos, gr\u00e1ficos e outras imagens est\u00e1ticas.<\/p>\n<p class=\"p2\">Neste artigo, vamos ver as op\u00e7\u00f5es de importa\u00e7\u00e3o e manuseio de imagens est\u00e1ticas no Avid Media Composer.<\/p>\n<p class=\"p1\"><b><i>Decis\u00f5es importantes na importa\u00e7\u00e3o<\/i><\/b><\/p>\n<p class=\"p2\">Simplesmente acessar o menu file &gt; import sem se preocupar com as configura\u00e7\u00f5es v\u00e3o fatalmente trazer problemas no futuro.<\/p>\n<p class=\"p2\">Primeiro ent\u00e3o descubra quais s\u00e3o as dimens\u00f5es da imagem a ser importada. Para fazer isto, basta selecionar a imagem e com o bot\u00e3o direito clicar em \u201cobter informa\u00e7\u00f5es\u201d se estiver no Mac ou \u201cpropriedades\u201d se estiver no Windows. (Fig. 1).<\/p>\n<div id=\"attachment_10029\" style=\"width: 423px\" class=\"wp-caption aligncenter\"><img fetchpriority=\"high\" decoding=\"async\" aria-describedby=\"caption-attachment-10029\" class=\"size-full wp-image-10029\" src=\"http:\/\/proclass.com.br\/home\/wp-content\/uploads\/2018\/06\/fig.-1-obter-informac\u0327o\u0303es-de-dimensa\u0303o.png\" alt=\"\" width=\"413\" height=\"984\" srcset=\"https:\/\/proclass.com.br\/home\/wp-content\/uploads\/2018\/06\/fig.-1-obter-informac\u0327o\u0303es-de-dimensa\u0303o.png 413w, https:\/\/proclass.com.br\/home\/wp-content\/uploads\/2018\/06\/fig.-1-obter-informac\u0327o\u0303es-de-dimensa\u0303o-126x300.png 126w\" sizes=\"(max-width: 413px) 100vw, 413px\" \/><p id=\"caption-attachment-10029\" class=\"wp-caption-text\">fig. 1 &#8211; obter informac\u0327o\u0303es de dimensa\u0303o<\/p><\/div>\n<p class=\"p2\">Com essa informa\u00e7\u00e3o, est\u00e1 na hora de configura\u00e7\u00f5es as op\u00e7\u00f5es; na janela de importa\u00e7\u00e3o acesse o bot\u00e3o &#8220;options\u201d e vamos entender o primeiro setor a esquerda (fig. 2).<\/p>\n<div id=\"attachment_10030\" style=\"width: 537px\" class=\"wp-caption aligncenter\"><img decoding=\"async\" aria-describedby=\"caption-attachment-10030\" class=\"size-full wp-image-10030\" src=\"http:\/\/proclass.com.br\/home\/wp-content\/uploads\/2018\/06\/fig.-2-janela-de-configurac\u0327a\u0303o-de-importac\u0327a\u0303o.png\" alt=\"\" width=\"527\" height=\"485\" srcset=\"https:\/\/proclass.com.br\/home\/wp-content\/uploads\/2018\/06\/fig.-2-janela-de-configurac\u0327a\u0303o-de-importac\u0327a\u0303o.png 527w, https:\/\/proclass.com.br\/home\/wp-content\/uploads\/2018\/06\/fig.-2-janela-de-configurac\u0327a\u0303o-de-importac\u0327a\u0303o-300x276.png 300w\" sizes=\"(max-width: 527px) 100vw, 527px\" \/><p id=\"caption-attachment-10030\" class=\"wp-caption-text\">fig. 2 &#8211; janela de configurac\u0327a\u0303o de importac\u0327a\u0303o<\/p><\/div>\n<p class=\"p2\">Se a imagem j\u00e1 est\u00e1 dimensionada de acordo com o projeto (1920&#215;1080 se estiver em um projeto Full HD por exemplo), utilize a primeira op\u00e7\u00e3o \u201cimage sized for current format\u201d (fig. 2A).<\/p>\n<p class=\"p2\">Agora, se imagem tem dimens\u00f5es diferentes do projeto, \u00e9 importante selecionar a \u00faltima op\u00e7\u00e3o \u201cresize to fit format raster\u201d (fig. 2B) caso n\u00e3o queira que ela fique distorcida e fora de propor\u00e7\u00e3o.<\/p>\n<p class=\"p2\">A terceira op\u00e7\u00e3o (do not resize smaller images) tamb\u00e9m pode ser \u00fatil, quando se tem uma imagem menor que o projeto mas n\u00e3o queira que ela seja redimensionada. Pode acontecer com logotipos com tamanhos j\u00e1 definidos, imagens da web etc.<\/p>\n<p class=\"p1\"><b><i>Defini\u00e7\u00e3o de limites de cor<\/i><\/b><\/p>\n<p class=\"p2\">Sem querer complicar demais com a parte t\u00e9cnica, precisamos ao menos ter ci\u00eancia de que existem dois sistemas de cores que uma imagem pode seguir. O padr\u00e3o RGB, mais rico em possibilidades de cores e \u00e9 utilizado em fotografias e gr\u00e1ficos.<\/p>\n<p class=\"p2\">O segundo sistema \u00e9 o padr\u00e3o REC 601 (SD) ou 709 (HD), protocolo desenvolvido para atender a demanda de Broadcast. Ele \u00e9 mais limitado e utilizado em v\u00eddeo de forma geral.<\/p>\n<p class=\"p2\">Dito isso, \u00e9 importante fazer ent\u00e3o a adequa\u00e7\u00e3o destes protocolos ao trazer uma fotografia (RGB) para o Avid Media Composer (REC.601\/709). Para isso, utilizamos o segundo setor da janela de configura\u00e7\u00f5es, que vale ressaltar, teve o texto alterado a partir da vers\u00e3o 8 do Avid Media Composer ent\u00e3o vale aten\u00e7\u00e3o para n\u00e3o errar.<\/p>\n<p class=\"p2\">At\u00e9 a vers\u00e3o 7 do Avid Media Composer, devemos utilizar a a primeira op\u00e7\u00e3o \u201cComputer RGB\u201d para que as fotografias e gr\u00e1ficos sejam corretamente adequados para as exig\u00eancias de broadcast (fig. 3A).<\/p>\n<div id=\"attachment_10031\" style=\"width: 425px\" class=\"wp-caption aligncenter\"><img loading=\"lazy\" decoding=\"async\" aria-describedby=\"caption-attachment-10031\" class=\" wp-image-10031\" src=\"http:\/\/proclass.com.br\/home\/wp-content\/uploads\/2018\/06\/fig.-3A-MC-7-Sistemas-e-limites-de-cor.png\" alt=\"\" width=\"415\" height=\"347\" srcset=\"https:\/\/proclass.com.br\/home\/wp-content\/uploads\/2018\/06\/fig.-3A-MC-7-Sistemas-e-limites-de-cor.png 461w, https:\/\/proclass.com.br\/home\/wp-content\/uploads\/2018\/06\/fig.-3A-MC-7-Sistemas-e-limites-de-cor-300x251.png 300w\" sizes=\"(max-width: 415px) 100vw, 415px\" \/><p id=\"caption-attachment-10031\" class=\"wp-caption-text\">fig. 3A &#8211; MC 7 &#8211; Sistemas e limites de cor<\/p><\/div>\n<p>J\u00e1 na vers\u00e3o 8 do Avid Media Composer em diante, vamos utilizar a op\u00e7\u00e3o segunda op\u00e7\u00e3o, \u201cchange color levels do legal range\u201d para obter o mesmo efeito (Fig. 3B).<\/p>\n<div id=\"attachment_10032\" style=\"width: 537px\" class=\"wp-caption aligncenter\"><img loading=\"lazy\" decoding=\"async\" aria-describedby=\"caption-attachment-10032\" class=\"size-full wp-image-10032\" src=\"http:\/\/proclass.com.br\/home\/wp-content\/uploads\/2018\/06\/fig.-3B-MC-8-Sistemas-e-limites-de-cor.png.png\" alt=\"\" width=\"527\" height=\"485\" srcset=\"https:\/\/proclass.com.br\/home\/wp-content\/uploads\/2018\/06\/fig.-3B-MC-8-Sistemas-e-limites-de-cor.png.png 527w, https:\/\/proclass.com.br\/home\/wp-content\/uploads\/2018\/06\/fig.-3B-MC-8-Sistemas-e-limites-de-cor.png-300x276.png 300w\" sizes=\"(max-width: 527px) 100vw, 527px\" \/><p id=\"caption-attachment-10032\" class=\"wp-caption-text\">fig. 3B &#8211; MC 8 &#8211; Sistemas e limites de cor.png<\/p><\/div>\n<p class=\"p2\">Perceba o que acontece ao trazer uma fotografia na configura\u00e7\u00e3o errada (fig. 4A). No gr\u00e1fico da fig. 4A, temos um medidor que apresenta a quantidade de informa\u00e7\u00f5es de Lumin\u00e2ncia, e simplificando novamente a parte t\u00e9cnica, verde significa \u201cok, a imagem est\u00e1 adequada para broadcast\u201d enquanto o branco significa \u201cops, est\u00e1 fora dos limites de transmiss\u00e3o\u201d.<\/p>\n<div id=\"attachment_10033\" style=\"width: 1034px\" class=\"wp-caption aligncenter\"><img loading=\"lazy\" decoding=\"async\" aria-describedby=\"caption-attachment-10033\" class=\"size-large wp-image-10033\" src=\"http:\/\/proclass.com.br\/home\/wp-content\/uploads\/2018\/06\/Fig.-4A-imagem-fora-dos-limites-para-Broadcast-1024x375.png\" alt=\"\" width=\"1024\" height=\"375\" srcset=\"https:\/\/proclass.com.br\/home\/wp-content\/uploads\/2018\/06\/Fig.-4A-imagem-fora-dos-limites-para-Broadcast-1024x375.png 1024w, https:\/\/proclass.com.br\/home\/wp-content\/uploads\/2018\/06\/Fig.-4A-imagem-fora-dos-limites-para-Broadcast-300x110.png 300w, https:\/\/proclass.com.br\/home\/wp-content\/uploads\/2018\/06\/Fig.-4A-imagem-fora-dos-limites-para-Broadcast-768x281.png 768w, https:\/\/proclass.com.br\/home\/wp-content\/uploads\/2018\/06\/Fig.-4A-imagem-fora-dos-limites-para-Broadcast.png 1062w\" sizes=\"(max-width: 1024px) 100vw, 1024px\" \/><p id=\"caption-attachment-10033\" class=\"wp-caption-text\">Fig. 4A &#8211; imagem fora dos limites para Broadcast<\/p><\/div>\n<p class=\"p2\">Com as configura\u00e7\u00f5es corretas, veja como todas as informa\u00e7\u00f5es ficam nos limites e n\u00e3o sobra nenhuma informa\u00e7\u00e3o na parte branca (fig. 4B).<\/p>\n<div id=\"attachment_10034\" style=\"width: 1034px\" class=\"wp-caption aligncenter\"><img loading=\"lazy\" decoding=\"async\" aria-describedby=\"caption-attachment-10034\" class=\"size-large wp-image-10034\" src=\"http:\/\/proclass.com.br\/home\/wp-content\/uploads\/2018\/06\/Fig.-4B-imagem-dentro-dos-limites-para-Broadcasta-1024x374.png\" alt=\"\" width=\"1024\" height=\"374\" srcset=\"https:\/\/proclass.com.br\/home\/wp-content\/uploads\/2018\/06\/Fig.-4B-imagem-dentro-dos-limites-para-Broadcasta-1024x374.png 1024w, https:\/\/proclass.com.br\/home\/wp-content\/uploads\/2018\/06\/Fig.-4B-imagem-dentro-dos-limites-para-Broadcasta-300x110.png 300w, https:\/\/proclass.com.br\/home\/wp-content\/uploads\/2018\/06\/Fig.-4B-imagem-dentro-dos-limites-para-Broadcasta-768x280.png 768w, https:\/\/proclass.com.br\/home\/wp-content\/uploads\/2018\/06\/Fig.-4B-imagem-dentro-dos-limites-para-Broadcasta.png 1060w\" sizes=\"(max-width: 1024px) 100vw, 1024px\" \/><p id=\"caption-attachment-10034\" class=\"wp-caption-text\">Fig. 4B &#8211; imagem dentro dos limites para Broadcasta<\/p><\/div>\n<p class=\"p1\"><b><i>Importando imagens com Alpha e Photoshop<\/i><\/b><\/p>\n<p class=\"p2\">Imagens em PNG e outros formatos podem incluir informa\u00e7\u00f5es de transpar\u00eancia utilizando a cor branca como refer\u00eancia. O problema \u00e9 que o Avid Media Composer interpreta a cor preta como transpar\u00eancia, portanto, para uma importa\u00e7\u00e3o correta, precisamos utilizar a op\u00e7\u00e3o \u201cInvert on import (white = opaque)\u201d no setor e op\u00e7\u00e3o de alpha channel.<\/p>\n<p class=\"p2\">\u00c9 bom saber que o Avid Media Composer consegue interpretar arquivos de Photoshop (PSD), portanto \u00e9 poss\u00edvel importar diretamente e ainda obter flexibilidade na escolha de quais camadas (layers) importar.<\/p>\n<p class=\"p2\">Ao tentar importar um arquivo.PSD, uma caixa de di\u00e1logo algumas op\u00e7\u00f5es ser\u00e1 apresentada (fig. 5). Vamos analisar cada uma delas:<\/p>\n<div id=\"attachment_10035\" style=\"width: 660px\" class=\"wp-caption aligncenter\"><img loading=\"lazy\" decoding=\"async\" aria-describedby=\"caption-attachment-10035\" class=\"size-full wp-image-10035\" src=\"http:\/\/proclass.com.br\/home\/wp-content\/uploads\/2018\/06\/fig.-5-Opc\u0327o\u0303es-ao-importar-arquivos-PSD.png\" alt=\"\" width=\"650\" height=\"145\" srcset=\"https:\/\/proclass.com.br\/home\/wp-content\/uploads\/2018\/06\/fig.-5-Opc\u0327o\u0303es-ao-importar-arquivos-PSD.png 650w, https:\/\/proclass.com.br\/home\/wp-content\/uploads\/2018\/06\/fig.-5-Opc\u0327o\u0303es-ao-importar-arquivos-PSD-300x67.png 300w\" sizes=\"(max-width: 650px) 100vw, 650px\" \/><p id=\"caption-attachment-10035\" class=\"wp-caption-text\">fig. 5 &#8211; Opc\u0327o\u0303es ao importar arquivos PSD<\/p><\/div>\n<p class=\"p2\">A op\u00e7\u00e3o \u201cSequence of layers\u201d gera um masterclip para cada layer no bin enquanto a op\u00e7\u00e3o \u201cflattened image\u201d \u00e9 a imagem \u00fanica, com o resultado da composi\u00e7\u00e3o do Avid Media Composer. Por \u00faltimo, a op\u00e7\u00e3o \u201cselect layers\u201d permite que o usu\u00e1rio escolha as camadas que quer importar de fato.<\/p>\n<p class=\"p1\"><b><i>Mantendo a resolu\u00e7\u00e3o original<\/i><\/b><\/p>\n<p class=\"p2\">A op\u00e7\u00e3o de importa\u00e7\u00e3o n\u00e3o \u00e9 exatamente a melhor opc\u00e3o em todos os casos.<\/p>\n<p class=\"p2\">Quanto temos uma imagem em alta resolu\u00e7\u00e3o e tentamos importar pelo m\u00e9todo convencional, a imagem perde toda a resolu\u00e7\u00e3o extra e fica dimensionada de acordo com o projeto. Isto pode ser ruim se o editor quiser dar um zoom na imagem e criar algum movimento.<\/p>\n<p class=\"p2\">Se este \u00e9 o caso, a melhor op\u00e7\u00e3o \u00e9 criar uma pista de v\u00eddeo extra e inserir o efeito Avid Pan and Zoom. Este efeito permite fazer um link da imagem original e portanto, manter a resolu\u00e7\u00e3o original, sem perdas.<\/p>\n<p class=\"p2\">Para fazer o link da imagem, basta entrar no modo de efeitos (effects mode) e clicar na op\u00e7\u00e3o \u201cimport image\u201d ( fig. 6).<\/p>\n<div id=\"attachment_10036\" style=\"width: 377px\" class=\"wp-caption aligncenter\"><img loading=\"lazy\" decoding=\"async\" aria-describedby=\"caption-attachment-10036\" class=\"size-full wp-image-10036\" src=\"http:\/\/proclass.com.br\/home\/wp-content\/uploads\/2018\/06\/fig.-6-Avid-Pan-Zoom.png\" alt=\"\" width=\"367\" height=\"725\" srcset=\"https:\/\/proclass.com.br\/home\/wp-content\/uploads\/2018\/06\/fig.-6-Avid-Pan-Zoom.png 367w, https:\/\/proclass.com.br\/home\/wp-content\/uploads\/2018\/06\/fig.-6-Avid-Pan-Zoom-152x300.png 152w\" sizes=\"(max-width: 367px) 100vw, 367px\" \/><p id=\"caption-attachment-10036\" class=\"wp-caption-text\">fig. 6 &#8211; Avid Pan &amp; Zoom<\/p><\/div>\n<p class=\"p2\">Para fazer movimentos, basta criar keyframes como em qualquer outro efeito, alterando as configura\u00e7\u00f5es de posi\u00e7\u00e3o e Zoom Factor.<\/p>\n<p class=\"p2\">Outro par\u00e2metro importante do Avid Pan and Zoom \u00e9 o denominado \u201cFilter&#8221;, que est\u00e1 realcionado a qualidade da imagem. Os primeiro valores tem qualidade inferior mas boa performance para playback em realtime. Ent\u00e3o o ideal \u00e9 usar um dos primeiros para testar e preparar os movimentos. Uma vez conclu\u00eddo, utilize alguma das \u00faltimas op\u00e7\u00f5es (da op\u00e7\u00e3o gaussian para baixo) para obter mais qualidade.<\/p>\n<p class=\"p2\">E com isso, vamos ficando por aqui. N\u00e3o deixe de escrever com sugest\u00f5es para os pr\u00f3ximos artigos.<\/p>\n<p class=\"p2\">Abra\u00e7os!<\/p>\n<p><strong><a href=\"http:\/\/proclass.com.br\/home\/wp-content\/uploads\/2012\/11\/cris3x4.jpg\"><img loading=\"lazy\" decoding=\"async\" class=\"alignleft\" title=\"cris3x4\" src=\"http:\/\/proclass.com.br\/home\/wp-content\/uploads\/2012\/11\/cris3x4.jpg\" alt=\"\" width=\"62\" height=\"83\" \/><\/a>Cristiano Moura<\/strong>\u00a0\u00e9 um instrutor certificado pela Avid em Media Composer e ministra treinamentos oficiais de certifica\u00e7\u00e3o Avid em todo o Brasil pelo centro de treinamentos<a href=\"http:\/\/www.proclass.com.br\" target=\"_blank\" rel=\"noopener\">\u00a0ProClass<\/a>, com sede no Rio de Janeiro.<\/p>\n","protected":false},"excerpt":{"rendered":"<p>Artigo publicado na Revista Luz e Cena Para conhecer mais sobre a revista,\u00a0clique aqui. Para treinamentos e certifica\u00e7\u00f5es oficiais Avid Media Composer, clique aqui. Import, link, movimentos e qualidade O Avid media composer \u00e9 visto essencialmente como uma ferramenta de edi\u00e7\u00e3o de v\u00eddeo, mas com capacidades de edi\u00e7\u00e3o, tratamento e mixagem de \u00e1udio e at\u00e9Continue reading &rarr;<\/p>\n","protected":false},"author":4,"featured_media":10034,"comment_status":"closed","ping_status":"closed","sticky":false,"template":"","format":"standard","meta":{"footnotes":""},"categories":[17,797],"tags":[],"class_list":["post-10028","post","type-post","status-publish","format-standard","has-post-thumbnail","hentry","category-artigos","category-avid-media-composer-2","has-thumb"],"yoast_head":"<!-- This site is optimized with the Yoast SEO plugin v26.9 - https:\/\/yoast.com\/product\/yoast-seo-wordpress\/ -->\n<title>Lidando com fotos no Avid Media Composer - PROCLASS<\/title>\n<meta name=\"robots\" content=\"index, follow, max-snippet:-1, max-image-preview:large, max-video-preview:-1\" \/>\n<link rel=\"canonical\" href=\"https:\/\/proclass.com.br\/home\/2018\/06\/lidando-com-fotos-no-avid-media-composer\/\" \/>\n<meta property=\"og:locale\" content=\"pt_BR\" \/>\n<meta property=\"og:type\" content=\"article\" \/>\n<meta property=\"og:title\" content=\"Lidando com fotos no Avid Media Composer - PROCLASS\" \/>\n<meta property=\"og:description\" content=\"Artigo publicado na Revista Luz e Cena Para conhecer mais sobre a revista,\u00a0clique aqui. Para treinamentos e certifica\u00e7\u00f5es oficiais Avid Media Composer, clique aqui. Import, link, movimentos e qualidade O Avid media composer \u00e9 visto essencialmente como uma ferramenta de edi\u00e7\u00e3o de v\u00eddeo, mas com capacidades de edi\u00e7\u00e3o, tratamento e mixagem de \u00e1udio e at\u00e9Continue reading &rarr;\" \/>\n<meta property=\"og:url\" content=\"https:\/\/proclass.com.br\/home\/2018\/06\/lidando-com-fotos-no-avid-media-composer\/\" \/>\n<meta property=\"og:site_name\" content=\"PROCLASS\" \/>\n<meta property=\"article:published_time\" content=\"2018-06-25T18:54:48+00:00\" \/>\n<meta property=\"og:image\" content=\"https:\/\/proclass.com.br\/home\/wp-content\/uploads\/2018\/06\/Fig.-4B-imagem-dentro-dos-limites-para-Broadcasta.png\" \/>\n\t<meta property=\"og:image:width\" content=\"1060\" \/>\n\t<meta property=\"og:image:height\" content=\"387\" \/>\n\t<meta property=\"og:image:type\" content=\"image\/png\" \/>\n<meta name=\"author\" content=\"ProClass Treinamentos\" \/>\n<meta name=\"twitter:card\" content=\"summary_large_image\" \/>\n<meta name=\"twitter:label1\" content=\"Escrito por\" \/>\n\t<meta name=\"twitter:data1\" content=\"ProClass Treinamentos\" \/>\n\t<meta name=\"twitter:label2\" content=\"Est. tempo de leitura\" \/>\n\t<meta name=\"twitter:data2\" content=\"6 minutos\" \/>\n<script type=\"application\/ld+json\" class=\"yoast-schema-graph\">{\"@context\":\"https:\/\/schema.org\",\"@graph\":[{\"@type\":\"Article\",\"@id\":\"https:\/\/proclass.com.br\/home\/2018\/06\/lidando-com-fotos-no-avid-media-composer\/#article\",\"isPartOf\":{\"@id\":\"https:\/\/proclass.com.br\/home\/2018\/06\/lidando-com-fotos-no-avid-media-composer\/\"},\"author\":{\"name\":\"ProClass Treinamentos\",\"@id\":\"https:\/\/proclass.com.br\/home\/#\/schema\/person\/f89e1eb93d5d32c0bb465c52f87f5a00\"},\"headline\":\"Lidando com fotos no Avid Media Composer\",\"datePublished\":\"2018-06-25T18:54:48+00:00\",\"mainEntityOfPage\":{\"@id\":\"https:\/\/proclass.com.br\/home\/2018\/06\/lidando-com-fotos-no-avid-media-composer\/\"},\"wordCount\":1196,\"publisher\":{\"@id\":\"https:\/\/proclass.com.br\/home\/#organization\"},\"image\":{\"@id\":\"https:\/\/proclass.com.br\/home\/2018\/06\/lidando-com-fotos-no-avid-media-composer\/#primaryimage\"},\"thumbnailUrl\":\"https:\/\/proclass.com.br\/home\/wp-content\/uploads\/2018\/06\/Fig.-4B-imagem-dentro-dos-limites-para-Broadcasta.png\",\"articleSection\":[\"Artigos\",\"Avid Media Composer\"],\"inLanguage\":\"pt-BR\"},{\"@type\":\"WebPage\",\"@id\":\"https:\/\/proclass.com.br\/home\/2018\/06\/lidando-com-fotos-no-avid-media-composer\/\",\"url\":\"https:\/\/proclass.com.br\/home\/2018\/06\/lidando-com-fotos-no-avid-media-composer\/\",\"name\":\"Lidando com fotos no Avid Media Composer - PROCLASS\",\"isPartOf\":{\"@id\":\"https:\/\/proclass.com.br\/home\/#website\"},\"primaryImageOfPage\":{\"@id\":\"https:\/\/proclass.com.br\/home\/2018\/06\/lidando-com-fotos-no-avid-media-composer\/#primaryimage\"},\"image\":{\"@id\":\"https:\/\/proclass.com.br\/home\/2018\/06\/lidando-com-fotos-no-avid-media-composer\/#primaryimage\"},\"thumbnailUrl\":\"https:\/\/proclass.com.br\/home\/wp-content\/uploads\/2018\/06\/Fig.-4B-imagem-dentro-dos-limites-para-Broadcasta.png\",\"datePublished\":\"2018-06-25T18:54:48+00:00\",\"breadcrumb\":{\"@id\":\"https:\/\/proclass.com.br\/home\/2018\/06\/lidando-com-fotos-no-avid-media-composer\/#breadcrumb\"},\"inLanguage\":\"pt-BR\",\"potentialAction\":[{\"@type\":\"ReadAction\",\"target\":[\"https:\/\/proclass.com.br\/home\/2018\/06\/lidando-com-fotos-no-avid-media-composer\/\"]}]},{\"@type\":\"ImageObject\",\"inLanguage\":\"pt-BR\",\"@id\":\"https:\/\/proclass.com.br\/home\/2018\/06\/lidando-com-fotos-no-avid-media-composer\/#primaryimage\",\"url\":\"https:\/\/proclass.com.br\/home\/wp-content\/uploads\/2018\/06\/Fig.-4B-imagem-dentro-dos-limites-para-Broadcasta.png\",\"contentUrl\":\"https:\/\/proclass.com.br\/home\/wp-content\/uploads\/2018\/06\/Fig.-4B-imagem-dentro-dos-limites-para-Broadcasta.png\",\"width\":1060,\"height\":387,\"caption\":\"Fig. 4B - imagem dentro dos limites para Broadcasta\"},{\"@type\":\"BreadcrumbList\",\"@id\":\"https:\/\/proclass.com.br\/home\/2018\/06\/lidando-com-fotos-no-avid-media-composer\/#breadcrumb\",\"itemListElement\":[{\"@type\":\"ListItem\",\"position\":1,\"name\":\"In\u00edcio\",\"item\":\"https:\/\/proclass.com.br\/home\/\"},{\"@type\":\"ListItem\",\"position\":2,\"name\":\"Lidando com fotos no Avid Media Composer\"}]},{\"@type\":\"WebSite\",\"@id\":\"https:\/\/proclass.com.br\/home\/#website\",\"url\":\"https:\/\/proclass.com.br\/home\/\",\"name\":\"PROCLASS\",\"description\":\"CURSOS E TREINAMENTOS\",\"publisher\":{\"@id\":\"https:\/\/proclass.com.br\/home\/#organization\"},\"potentialAction\":[{\"@type\":\"SearchAction\",\"target\":{\"@type\":\"EntryPoint\",\"urlTemplate\":\"https:\/\/proclass.com.br\/home\/?s={search_term_string}\"},\"query-input\":{\"@type\":\"PropertyValueSpecification\",\"valueRequired\":true,\"valueName\":\"search_term_string\"}}],\"inLanguage\":\"pt-BR\"},{\"@type\":\"Organization\",\"@id\":\"https:\/\/proclass.com.br\/home\/#organization\",\"name\":\"PROCLASS\",\"url\":\"https:\/\/proclass.com.br\/home\/\",\"logo\":{\"@type\":\"ImageObject\",\"inLanguage\":\"pt-BR\",\"@id\":\"https:\/\/proclass.com.br\/home\/#\/schema\/logo\/image\/\",\"url\":\"https:\/\/proclass.com.br\/home\/wp-content\/uploads\/2023\/06\/CABECALHO-black_PROCLASS-2023.png\",\"contentUrl\":\"https:\/\/proclass.com.br\/home\/wp-content\/uploads\/2023\/06\/CABECALHO-black_PROCLASS-2023.png\",\"width\":2563,\"height\":911,\"caption\":\"PROCLASS\"},\"image\":{\"@id\":\"https:\/\/proclass.com.br\/home\/#\/schema\/logo\/image\/\"}},{\"@type\":\"Person\",\"@id\":\"https:\/\/proclass.com.br\/home\/#\/schema\/person\/f89e1eb93d5d32c0bb465c52f87f5a00\",\"name\":\"ProClass Treinamentos\",\"image\":{\"@type\":\"ImageObject\",\"inLanguage\":\"pt-BR\",\"@id\":\"https:\/\/proclass.com.br\/home\/#\/schema\/person\/image\/\",\"url\":\"https:\/\/secure.gravatar.com\/avatar\/3878d7a575c7ac355d2c778d5de04af08b7c5a7d9f19b2889f26cc7d80a6a832?s=96&d=blank&r=g\",\"contentUrl\":\"https:\/\/secure.gravatar.com\/avatar\/3878d7a575c7ac355d2c778d5de04af08b7c5a7d9f19b2889f26cc7d80a6a832?s=96&d=blank&r=g\",\"caption\":\"ProClass Treinamentos\"},\"url\":\"https:\/\/proclass.com.br\/home\/author\/proclass\/\"}]}<\/script>\n<!-- \/ Yoast SEO plugin. -->","yoast_head_json":{"title":"Lidando com fotos no Avid Media Composer - PROCLASS","robots":{"index":"index","follow":"follow","max-snippet":"max-snippet:-1","max-image-preview":"max-image-preview:large","max-video-preview":"max-video-preview:-1"},"canonical":"https:\/\/proclass.com.br\/home\/2018\/06\/lidando-com-fotos-no-avid-media-composer\/","og_locale":"pt_BR","og_type":"article","og_title":"Lidando com fotos no Avid Media Composer - PROCLASS","og_description":"Artigo publicado na Revista Luz e Cena Para conhecer mais sobre a revista,\u00a0clique aqui. Para treinamentos e certifica\u00e7\u00f5es oficiais Avid Media Composer, clique aqui. Import, link, movimentos e qualidade O Avid media composer \u00e9 visto essencialmente como uma ferramenta de edi\u00e7\u00e3o de v\u00eddeo, mas com capacidades de edi\u00e7\u00e3o, tratamento e mixagem de \u00e1udio e at\u00e9Continue reading &rarr;","og_url":"https:\/\/proclass.com.br\/home\/2018\/06\/lidando-com-fotos-no-avid-media-composer\/","og_site_name":"PROCLASS","article_published_time":"2018-06-25T18:54:48+00:00","og_image":[{"width":1060,"height":387,"url":"https:\/\/proclass.com.br\/home\/wp-content\/uploads\/2018\/06\/Fig.-4B-imagem-dentro-dos-limites-para-Broadcasta.png","type":"image\/png"}],"author":"ProClass Treinamentos","twitter_card":"summary_large_image","twitter_misc":{"Escrito por":"ProClass Treinamentos","Est. tempo de leitura":"6 minutos"},"schema":{"@context":"https:\/\/schema.org","@graph":[{"@type":"Article","@id":"https:\/\/proclass.com.br\/home\/2018\/06\/lidando-com-fotos-no-avid-media-composer\/#article","isPartOf":{"@id":"https:\/\/proclass.com.br\/home\/2018\/06\/lidando-com-fotos-no-avid-media-composer\/"},"author":{"name":"ProClass Treinamentos","@id":"https:\/\/proclass.com.br\/home\/#\/schema\/person\/f89e1eb93d5d32c0bb465c52f87f5a00"},"headline":"Lidando com fotos no Avid Media Composer","datePublished":"2018-06-25T18:54:48+00:00","mainEntityOfPage":{"@id":"https:\/\/proclass.com.br\/home\/2018\/06\/lidando-com-fotos-no-avid-media-composer\/"},"wordCount":1196,"publisher":{"@id":"https:\/\/proclass.com.br\/home\/#organization"},"image":{"@id":"https:\/\/proclass.com.br\/home\/2018\/06\/lidando-com-fotos-no-avid-media-composer\/#primaryimage"},"thumbnailUrl":"https:\/\/proclass.com.br\/home\/wp-content\/uploads\/2018\/06\/Fig.-4B-imagem-dentro-dos-limites-para-Broadcasta.png","articleSection":["Artigos","Avid Media Composer"],"inLanguage":"pt-BR"},{"@type":"WebPage","@id":"https:\/\/proclass.com.br\/home\/2018\/06\/lidando-com-fotos-no-avid-media-composer\/","url":"https:\/\/proclass.com.br\/home\/2018\/06\/lidando-com-fotos-no-avid-media-composer\/","name":"Lidando com fotos no Avid Media Composer - PROCLASS","isPartOf":{"@id":"https:\/\/proclass.com.br\/home\/#website"},"primaryImageOfPage":{"@id":"https:\/\/proclass.com.br\/home\/2018\/06\/lidando-com-fotos-no-avid-media-composer\/#primaryimage"},"image":{"@id":"https:\/\/proclass.com.br\/home\/2018\/06\/lidando-com-fotos-no-avid-media-composer\/#primaryimage"},"thumbnailUrl":"https:\/\/proclass.com.br\/home\/wp-content\/uploads\/2018\/06\/Fig.-4B-imagem-dentro-dos-limites-para-Broadcasta.png","datePublished":"2018-06-25T18:54:48+00:00","breadcrumb":{"@id":"https:\/\/proclass.com.br\/home\/2018\/06\/lidando-com-fotos-no-avid-media-composer\/#breadcrumb"},"inLanguage":"pt-BR","potentialAction":[{"@type":"ReadAction","target":["https:\/\/proclass.com.br\/home\/2018\/06\/lidando-com-fotos-no-avid-media-composer\/"]}]},{"@type":"ImageObject","inLanguage":"pt-BR","@id":"https:\/\/proclass.com.br\/home\/2018\/06\/lidando-com-fotos-no-avid-media-composer\/#primaryimage","url":"https:\/\/proclass.com.br\/home\/wp-content\/uploads\/2018\/06\/Fig.-4B-imagem-dentro-dos-limites-para-Broadcasta.png","contentUrl":"https:\/\/proclass.com.br\/home\/wp-content\/uploads\/2018\/06\/Fig.-4B-imagem-dentro-dos-limites-para-Broadcasta.png","width":1060,"height":387,"caption":"Fig. 4B - imagem dentro dos limites para Broadcasta"},{"@type":"BreadcrumbList","@id":"https:\/\/proclass.com.br\/home\/2018\/06\/lidando-com-fotos-no-avid-media-composer\/#breadcrumb","itemListElement":[{"@type":"ListItem","position":1,"name":"In\u00edcio","item":"https:\/\/proclass.com.br\/home\/"},{"@type":"ListItem","position":2,"name":"Lidando com fotos no Avid Media Composer"}]},{"@type":"WebSite","@id":"https:\/\/proclass.com.br\/home\/#website","url":"https:\/\/proclass.com.br\/home\/","name":"PROCLASS","description":"CURSOS E TREINAMENTOS","publisher":{"@id":"https:\/\/proclass.com.br\/home\/#organization"},"potentialAction":[{"@type":"SearchAction","target":{"@type":"EntryPoint","urlTemplate":"https:\/\/proclass.com.br\/home\/?s={search_term_string}"},"query-input":{"@type":"PropertyValueSpecification","valueRequired":true,"valueName":"search_term_string"}}],"inLanguage":"pt-BR"},{"@type":"Organization","@id":"https:\/\/proclass.com.br\/home\/#organization","name":"PROCLASS","url":"https:\/\/proclass.com.br\/home\/","logo":{"@type":"ImageObject","inLanguage":"pt-BR","@id":"https:\/\/proclass.com.br\/home\/#\/schema\/logo\/image\/","url":"https:\/\/proclass.com.br\/home\/wp-content\/uploads\/2023\/06\/CABECALHO-black_PROCLASS-2023.png","contentUrl":"https:\/\/proclass.com.br\/home\/wp-content\/uploads\/2023\/06\/CABECALHO-black_PROCLASS-2023.png","width":2563,"height":911,"caption":"PROCLASS"},"image":{"@id":"https:\/\/proclass.com.br\/home\/#\/schema\/logo\/image\/"}},{"@type":"Person","@id":"https:\/\/proclass.com.br\/home\/#\/schema\/person\/f89e1eb93d5d32c0bb465c52f87f5a00","name":"ProClass Treinamentos","image":{"@type":"ImageObject","inLanguage":"pt-BR","@id":"https:\/\/proclass.com.br\/home\/#\/schema\/person\/image\/","url":"https:\/\/secure.gravatar.com\/avatar\/3878d7a575c7ac355d2c778d5de04af08b7c5a7d9f19b2889f26cc7d80a6a832?s=96&d=blank&r=g","contentUrl":"https:\/\/secure.gravatar.com\/avatar\/3878d7a575c7ac355d2c778d5de04af08b7c5a7d9f19b2889f26cc7d80a6a832?s=96&d=blank&r=g","caption":"ProClass Treinamentos"},"url":"https:\/\/proclass.com.br\/home\/author\/proclass\/"}]}},"_links":{"self":[{"href":"https:\/\/proclass.com.br\/home\/wp-json\/wp\/v2\/posts\/10028","targetHints":{"allow":["GET"]}}],"collection":[{"href":"https:\/\/proclass.com.br\/home\/wp-json\/wp\/v2\/posts"}],"about":[{"href":"https:\/\/proclass.com.br\/home\/wp-json\/wp\/v2\/types\/post"}],"author":[{"embeddable":true,"href":"https:\/\/proclass.com.br\/home\/wp-json\/wp\/v2\/users\/4"}],"replies":[{"embeddable":true,"href":"https:\/\/proclass.com.br\/home\/wp-json\/wp\/v2\/comments?post=10028"}],"version-history":[{"count":0,"href":"https:\/\/proclass.com.br\/home\/wp-json\/wp\/v2\/posts\/10028\/revisions"}],"wp:featuredmedia":[{"embeddable":true,"href":"https:\/\/proclass.com.br\/home\/wp-json\/wp\/v2\/media\/10034"}],"wp:attachment":[{"href":"https:\/\/proclass.com.br\/home\/wp-json\/wp\/v2\/media?parent=10028"}],"wp:term":[{"taxonomy":"category","embeddable":true,"href":"https:\/\/proclass.com.br\/home\/wp-json\/wp\/v2\/categories?post=10028"},{"taxonomy":"post_tag","embeddable":true,"href":"https:\/\/proclass.com.br\/home\/wp-json\/wp\/v2\/tags?post=10028"}],"curies":[{"name":"wp","href":"https:\/\/api.w.org\/{rel}","templated":true}]}}