{"id":10020,"date":"2018-06-25T15:45:54","date_gmt":"2018-06-25T18:45:54","guid":{"rendered":"http:\/\/proclass.com.br\/home\/?p=10020"},"modified":"2018-06-25T15:45:54","modified_gmt":"2018-06-25T18:45:54","slug":"criacao-de-projetos-no-avid-media-composer","status":"publish","type":"post","link":"https:\/\/proclass.com.br\/home\/2018\/06\/criacao-de-projetos-no-avid-media-composer\/","title":{"rendered":"Cria\u00e7\u00e3o de projetos no Avid Media Composer"},"content":{"rendered":"<p>Artigo publicado na Revista Luz e Cena<\/p>\n<p><a href=\"http:\/\/www.luzecena.com.br\"><img decoding=\"async\" title=\"luz e cena logo\" src=\"http:\/\/proclass.com.br\/home\/wp-content\/uploads\/2012\/11\/luz-e-cena-logo.jpg\" alt=\"\" width=\"206\" height=\"56\" \/><\/a><\/p>\n<p>Para conhecer mais sobre a revista,\u00a0<a href=\"http:\/\/www.luzecena.com.br\" target=\"_blank\" rel=\"noopener\">clique aqui.<\/a><\/p>\n<p>Para treinamentos e certifica\u00e7\u00f5es oficiais Avid Media Composer,<a href=\"http:\/\/proclass.com.br\/home\/cursos\/avid-media-composer\/\"> clique aqui.<\/a><\/p>\n<hr \/>\n<p class=\"p1\"><b><i>Come\u00e7ando com o p\u00e9 direito<\/i><\/b><\/p>\n<p class=\"p2\">A primeira experi\u00eancia com o Avid Media Composer geralmente come\u00e7a com a cria\u00e7\u00e3o de um projeto, e mesmo essa primeira janela j\u00e1 pode ser bem intimidadora para iniciantes.<\/p>\n<p class=\"p2\">Neste artigo, vamos falar sobre as op\u00e7\u00f5es na hora de criar projetos e quais t\u00e1ticas devemos conhecer na hora de definir as configura\u00e7\u00f5es.<\/p>\n<p class=\"p1\"><b><i>Definir o local do armazenamento do projeto<\/i><\/b><\/p>\n<p class=\"p2\">Reparem que foi mencionado o \u201cprojeto\u201d e n\u00e3o a \u201cm\u00eddia\u201d. Este \u00e9 um alicerce fundamental que todos devem estar cientes. A premissa b\u00e1sica do Avid Media Composer \u00e9 manter o projeto separado das m\u00eddias, por quest\u00f5es de seguran\u00e7a e de desempenho.<\/p>\n<p class=\"p2\">Na tela inicial (fig. 1), o usu\u00e1rio vai precisar escolher entre tr\u00eas op\u00e7\u00f5es:<\/p>\n<div id=\"attachment_10021\" style=\"width: 692px\" class=\"wp-caption aligncenter\"><img fetchpriority=\"high\" decoding=\"async\" aria-describedby=\"caption-attachment-10021\" class=\"size-full wp-image-10021\" src=\"http:\/\/proclass.com.br\/home\/wp-content\/uploads\/2018\/06\/Fig.-1-Tela-inicial-para-criac\u0327a\u0303o-de-projetos.png\" alt=\"\" width=\"682\" height=\"521\" srcset=\"https:\/\/proclass.com.br\/home\/wp-content\/uploads\/2018\/06\/Fig.-1-Tela-inicial-para-criac\u0327a\u0303o-de-projetos.png 682w, https:\/\/proclass.com.br\/home\/wp-content\/uploads\/2018\/06\/Fig.-1-Tela-inicial-para-criac\u0327a\u0303o-de-projetos-300x229.png 300w\" sizes=\"(max-width: 682px) 100vw, 682px\" \/><p id=\"caption-attachment-10021\" class=\"wp-caption-text\">Fig. 1 &#8211; Tela inicial para criac\u0327a\u0303o de projetos<\/p><\/div>\n<p class=\"p2\"><b>Internal<\/b>: armazena o projeto na pasta de documentos do usu\u00e1rio logado no computador.<\/p>\n<p class=\"p2\"><b>Shared<\/b>: armazena o projeto na pasta de documentos compartilhados, e todos os usu\u00e1rios do computador poder\u00e3o ter acesso.<\/p>\n<p class=\"p2\"><b>External<\/b>: armazena o projeto em um local espec\u00edfico pelo usu\u00e1rio. Pode ser no desktop, em um HD externo etc.<\/p>\n<p class=\"p2\">Ent\u00e3o a princ\u00edpio, podemos simplificar o pensamento da seguinte forma: Use \u201cInternal\u201d se voc\u00ea quer ter privacidade, \u201cShared\u201d se voc\u00ea quer trabalhar em conjunto e \u201cExternal\u201d caso voc\u00ea tenha um sistema de organiza\u00e7\u00e3o pr\u00f3prio.<\/p>\n<p class=\"p1\"><b><i>Configura\u00e7\u00f5es essenciais do seu projeto<\/i><\/b><\/p>\n<p class=\"p2\">Um clique no bot\u00e3o \u201cnew project\u201d vai levar o usu\u00e1rio para a janela de configura\u00e7\u00e3o (fig. 2), e neste momento vale a pena lembrar alguns conceitos b\u00e1sicos do Avid Media Composer.<\/p>\n<div id=\"attachment_10022\" style=\"width: 532px\" class=\"wp-caption aligncenter\"><img decoding=\"async\" aria-describedby=\"caption-attachment-10022\" class=\"size-full wp-image-10022\" src=\"http:\/\/proclass.com.br\/home\/wp-content\/uploads\/2018\/06\/Fig.-2-Opc\u0327o\u0303es-de-formato-de-projeto.png\" alt=\"\" width=\"522\" height=\"306\" srcset=\"https:\/\/proclass.com.br\/home\/wp-content\/uploads\/2018\/06\/Fig.-2-Opc\u0327o\u0303es-de-formato-de-projeto.png 522w, https:\/\/proclass.com.br\/home\/wp-content\/uploads\/2018\/06\/Fig.-2-Opc\u0327o\u0303es-de-formato-de-projeto-300x176.png 300w\" sizes=\"(max-width: 522px) 100vw, 522px\" \/><p id=\"caption-attachment-10022\" class=\"wp-caption-text\">Fig. 2 &#8211; Opc\u0327o\u0303es de formato de projeto<\/p><\/div>\n<p class=\"p2\">O usu\u00e1rio deve sempre escolher um formato \u00fanico para seu projeto. A pergunta \u00e9: caso ele escolha um formato em Full HD, o que acontecer\u00e1 quando uma m\u00eddia em SD for importada para o sistema?<\/p>\n<p class=\"p2\">Ou seja, como o Media Composer lida com v\u00eddeos de diversos formatos na timeline?<\/p>\n<p class=\"p2\">O Avid tem como padr\u00e3o de adaptar a m\u00eddia automaticamente. Se o usu\u00e1rio utilizar o m\u00e9todo de importa\u00e7\u00e3o convenvional (via menu File &gt; Import), o v\u00eddeo \u00e9 transcodificado para o formato do projeto.<\/p>\n<p class=\"p2\">Por outro lado, se o usu\u00e1rio optar por fazer um Link da M\u00eddia (File &gt; Link To AMA para usu\u00e1rios at\u00e9 a vers\u00e3o 7), a m\u00eddia \u00e9 adaptada em tempo real. Adaptadores de tamanho e de velocidade ser\u00e3o aplicados automaticamente pelo sistema, como se fossem efeitos de v\u00eddeo.<\/p>\n<p class=\"p2\">Ent\u00e3o, \u00e9 bom importar seu material de acordo com seu material bruto, ou a maioria dele. Isso faz com o que sistema seja mais r\u00e1pido. E n\u00e3o se preocupe se o produto finalizado ter\u00e1 outro formato, pois isso \u00e9 decidido em outro momento e tem v\u00e1rios m\u00e9todos de se fazer a exporta\u00e7\u00e3o ou finaliza\u00e7\u00e3o.<\/p>\n<p class=\"p1\"><b><i>Com o projeto criado, o que ainda podemos fazer\u2026<\/i><\/b><\/p>\n<p class=\"p2\">Na janela de Project Window, temos a aba format (fig. 3), e o usu\u00e1rio pode alterar o formato do seu projeto em tempo real.<\/p>\n<div id=\"attachment_10023\" style=\"width: 332px\" class=\"wp-caption aligncenter\"><img loading=\"lazy\" decoding=\"async\" aria-describedby=\"caption-attachment-10023\" class=\"size-full wp-image-10023\" src=\"http:\/\/proclass.com.br\/home\/wp-content\/uploads\/2018\/06\/fig.-3-Alterando-o-formato-do-Projeto.png\" alt=\"\" width=\"322\" height=\"561\" srcset=\"https:\/\/proclass.com.br\/home\/wp-content\/uploads\/2018\/06\/fig.-3-Alterando-o-formato-do-Projeto.png 322w, https:\/\/proclass.com.br\/home\/wp-content\/uploads\/2018\/06\/fig.-3-Alterando-o-formato-do-Projeto-172x300.png 172w\" sizes=\"(max-width: 322px) 100vw, 322px\" \/><p id=\"caption-attachment-10023\" class=\"wp-caption-text\">fig. 3 &#8211; Alterando o formato do Projeto<\/p><\/div>\n<p class=\"p2\">Usu\u00e1rios de outras ferramentas tamb\u00e9m precisam ent\u00e3o absorver esta diferen\u00e7a. No Avid, n\u00e3o ajustamos o formato da sequ\u00eancia de forma independente. Ela sempre segue o formato do projeto.<\/p>\n<p class=\"p2\">Sem querer avan\u00e7ar muito, vamos apresentar um exemplo pr\u00e1tico.<\/p>\n<p class=\"p2\">Se voc\u00ea tem um projeto em Full HD 16:9, automaticamente, sua sequ\u00eancia tamb\u00e9m est\u00e1 \u201cpresa\u201d neste formato.<\/p>\n<p class=\"p2\">Se voc\u00ea ver esta sequ\u00eancia em SD 4:3, o que se faz alterar o formato do projeto para SD 4:3. Automaticamente e em tempo real, toda sua sequ\u00eancia ser\u00e1 adaptada para este formato.<\/p>\n<p class=\"p1\"><b><i>Sistema de organiza\u00e7\u00e3o de material<\/i><\/b><\/p>\n<p class=\"p2\">Uma vez criado o projeto, \u00e9 hora de entender as op\u00e7\u00f5es de organiza\u00e7\u00e3o.<\/p>\n<p class=\"p2\">Toda a informa\u00e7\u00e3o da sua m\u00eddia (v\u00eddeo, \u00e1udio, figuras, arte, sequ\u00eancias e at\u00e9 pre-configura\u00e7\u00f5es de efeitos) \u00e9 armazenado no que chamamos de bins. Agora aten\u00e7\u00e3o, repare que mencionei que \u00e9 \u201cinforma\u00e7\u00e3o da m\u00eddia\u201d e n\u00e3o a m\u00eddia em si. Como j\u00e1 falado anteriormente neste artigo, as m\u00eddias s\u00e3o armazenadas separadamente do projeto.<\/p>\n<p class=\"p2\">Para criar um bin, basta utilizar o bot\u00e3o \u201cnew bin\u201d na janela de project window, aba Bins (fig. 4A).<\/p>\n<div id=\"attachment_10024\" style=\"width: 276px\" class=\"wp-caption aligncenter\"><img loading=\"lazy\" decoding=\"async\" aria-describedby=\"caption-attachment-10024\" class=\" wp-image-10024\" src=\"http:\/\/proclass.com.br\/home\/wp-content\/uploads\/2018\/06\/fig.-4-sistema-de-oranizac\u0327a\u0303o-do-material.png\" alt=\"\" width=\"266\" height=\"467\" srcset=\"https:\/\/proclass.com.br\/home\/wp-content\/uploads\/2018\/06\/fig.-4-sistema-de-oranizac\u0327a\u0303o-do-material.png 320w, https:\/\/proclass.com.br\/home\/wp-content\/uploads\/2018\/06\/fig.-4-sistema-de-oranizac\u0327a\u0303o-do-material-171x300.png 171w\" sizes=\"(max-width: 266px) 100vw, 266px\" \/><p id=\"caption-attachment-10024\" class=\"wp-caption-text\">fig. 4 &#8211; sistema de oranizac\u0327a\u0303o do material<\/p><\/div>\n<p class=\"p2\">Usu\u00e1rios de outras ferramentas muitas vezes associam com a fun\u00e7\u00e3o de pastas (folders), como acontece no Final Cut Pro por exemplo. A associa\u00e7\u00e3o \u00e9 pertinente e n\u00e3o h\u00e1 nada de errado nisso, por\u00e9m, h\u00e1 de se ter cuidado pois o Avid Media Composer tamb\u00e9m tem a fun\u00e7\u00e3o de pastas (folders), mas funcionam de forma diferente.<\/p>\n<p class=\"p2\">Pelo bot\u00e3o fast Menu (fig. 4B), temos a op\u00e7\u00e3o \u201cnew folder\u201d, e ela serve apenas para armazenar bins ou outras pastas em cascata. N\u00e3o serve como substituto para o bin pois n\u00e3o podem armazenar informa\u00e7\u00f5es da sua m\u00eddia, \u00e1udio e etc.<\/p>\n<p class=\"p1\"><b><i>Entendendo o projeto no seu HD<\/i><\/b><\/p>\n<p class=\"p2\">Agora vamos sair um pouco do Avid Media Composer para navegar no seu sistema operacional (Finder no Mac ou Window Explorer no Windows).<\/p>\n<p class=\"p2\">Vamos supor que no in\u00edcio voc\u00ea escolheu a op\u00e7\u00e3o \u201cInternal\u201d. Neste caso, seu projeto est\u00e1 armazenado na pasta de Documentos &gt; Avid Projects.<\/p>\n<p class=\"p2\">Nesta pasta voc\u00ea vai encontrar uma pasta com seu projeto, e ao abrir, repare que voc\u00ea tem sub-pastas que representam as pastas que voc\u00ea criou no Media Composer e cada um dos bins s\u00e3o arquivos independentes de extens\u00e3o .avb. Compare as figuras 5A e 5B<\/p>\n<div id=\"attachment_10025\" style=\"width: 835px\" class=\"wp-caption aligncenter\"><img loading=\"lazy\" decoding=\"async\" aria-describedby=\"caption-attachment-10025\" class=\"size-full wp-image-10025\" src=\"http:\/\/proclass.com.br\/home\/wp-content\/uploads\/2018\/06\/Fig.-5A-Visa\u0303o-do-projeto-no-sistema-operacional.png\" alt=\"\" width=\"825\" height=\"583\" srcset=\"https:\/\/proclass.com.br\/home\/wp-content\/uploads\/2018\/06\/Fig.-5A-Visa\u0303o-do-projeto-no-sistema-operacional.png 825w, https:\/\/proclass.com.br\/home\/wp-content\/uploads\/2018\/06\/Fig.-5A-Visa\u0303o-do-projeto-no-sistema-operacional-300x212.png 300w, https:\/\/proclass.com.br\/home\/wp-content\/uploads\/2018\/06\/Fig.-5A-Visa\u0303o-do-projeto-no-sistema-operacional-768x543.png 768w\" sizes=\"(max-width: 825px) 100vw, 825px\" \/><p id=\"caption-attachment-10025\" class=\"wp-caption-text\">Fig. 5A &#8211; Visa\u0303o do projeto no sistema operacional<\/p><\/div>\n<div id=\"attachment_10026\" style=\"width: 365px\" class=\"wp-caption aligncenter\"><img loading=\"lazy\" decoding=\"async\" aria-describedby=\"caption-attachment-10026\" class=\"size-full wp-image-10026\" src=\"http:\/\/proclass.com.br\/home\/wp-content\/uploads\/2018\/06\/Fig.-5B-Visa\u0303o-do-projeto-no-Avid-Media-Composer.png\" alt=\"\" width=\"355\" height=\"597\" srcset=\"https:\/\/proclass.com.br\/home\/wp-content\/uploads\/2018\/06\/Fig.-5B-Visa\u0303o-do-projeto-no-Avid-Media-Composer.png 355w, https:\/\/proclass.com.br\/home\/wp-content\/uploads\/2018\/06\/Fig.-5B-Visa\u0303o-do-projeto-no-Avid-Media-Composer-178x300.png 178w\" sizes=\"(max-width: 355px) 100vw, 355px\" \/><p id=\"caption-attachment-10026\" class=\"wp-caption-text\">Fig. 5B &#8211; Visa\u0303o do projeto no Avid Media Composer<\/p><\/div>\n<p class=\"p2\">A op\u00e7\u00e3o do Avid por adotar este sistema de m\u00faltiplos arquivos ao inv\u00e9s de apenas um \u00fanico e grande arquivo que engloba todo o projeto, leva em considera\u00e7\u00e3o dois pontos; primeiramente, a seguran\u00e7a, pois voc\u00ea pode at\u00e9 ter um bin corrompido mas nunca um projeto inteiro.<\/p>\n<p class=\"p2\">Segundo, conforme o projeto vai se desenvolvendo e altera\u00e7\u00f5es forem sendo feitas, usu\u00e1rios podem compartilhar os bins de forma r\u00e1pida e pr\u00e1tica, uma vez que todos j\u00e1 possuam as mesmas m\u00eddias.<\/p>\n<p class=\"p1\"><b><i>Dica de videoaula gratuita<\/i><\/b><\/p>\n<p class=\"p2\">Em parceria com a ProClass, desenvolvemos uma s\u00e9rie de v\u00eddeos chamada \u201cMedia Composer em uma hora\u201d que est\u00e1 dispon\u00edvel no YouTube e apresenta de forma din\u00e2mica todas as etapas de um projeto no Avid Media Composer.<\/p>\n<p class=\"p2\">E com isso, vamos ficar por aqui!<\/p>\n<p class=\"p2\">At\u00e9 a pr\u00f3xima!<\/p>\n<p><strong><br \/>\n<a href=\"http:\/\/proclass.com.br\/home\/wp-content\/uploads\/2012\/11\/cris3x4.jpg\"><img loading=\"lazy\" decoding=\"async\" class=\"alignleft\" title=\"cris3x4\" src=\"http:\/\/proclass.com.br\/home\/wp-content\/uploads\/2012\/11\/cris3x4.jpg\" alt=\"\" width=\"62\" height=\"83\" \/><\/a>Cristiano Moura<\/strong>\u00a0\u00e9 um instrutor certificado pela Avid em Media Composer e ministra treinamentos oficiais de certifica\u00e7\u00e3o Avid em todo o Brasil pelo centro de treinamentos<a href=\"http:\/\/www.proclass.com.br\" target=\"_blank\" rel=\"noopener\">\u00a0ProClass<\/a>, com sede no Rio de Janeiro.<\/p>\n","protected":false},"excerpt":{"rendered":"<p>Artigo publicado na Revista Luz e Cena Para conhecer mais sobre a revista,\u00a0clique aqui. Para treinamentos e certifica\u00e7\u00f5es oficiais Avid Media Composer, clique aqui. Come\u00e7ando com o p\u00e9 direito A primeira experi\u00eancia com o Avid Media Composer geralmente come\u00e7a com a cria\u00e7\u00e3o de um projeto, e mesmo essa primeira janela j\u00e1 pode ser bem intimidadoraContinue reading &rarr;<\/p>\n","protected":false},"author":4,"featured_media":10021,"comment_status":"closed","ping_status":"closed","sticky":false,"template":"","format":"standard","meta":{"footnotes":""},"categories":[17,797],"tags":[],"class_list":["post-10020","post","type-post","status-publish","format-standard","has-post-thumbnail","hentry","category-artigos","category-avid-media-composer-2","has-thumb"],"yoast_head":"<!-- This site is optimized with the Yoast SEO plugin v26.9 - https:\/\/yoast.com\/product\/yoast-seo-wordpress\/ -->\n<title>Cria\u00e7\u00e3o de projetos no Avid Media Composer - PROCLASS<\/title>\n<meta name=\"robots\" content=\"index, follow, max-snippet:-1, max-image-preview:large, max-video-preview:-1\" \/>\n<link rel=\"canonical\" href=\"https:\/\/proclass.com.br\/home\/2018\/06\/criacao-de-projetos-no-avid-media-composer\/\" \/>\n<meta property=\"og:locale\" content=\"pt_BR\" \/>\n<meta property=\"og:type\" content=\"article\" \/>\n<meta property=\"og:title\" content=\"Cria\u00e7\u00e3o de projetos no Avid Media Composer - PROCLASS\" \/>\n<meta property=\"og:description\" content=\"Artigo publicado na Revista Luz e Cena Para conhecer mais sobre a revista,\u00a0clique aqui. Para treinamentos e certifica\u00e7\u00f5es oficiais Avid Media Composer, clique aqui. Come\u00e7ando com o p\u00e9 direito A primeira experi\u00eancia com o Avid Media Composer geralmente come\u00e7a com a cria\u00e7\u00e3o de um projeto, e mesmo essa primeira janela j\u00e1 pode ser bem intimidadoraContinue reading &rarr;\" \/>\n<meta property=\"og:url\" content=\"https:\/\/proclass.com.br\/home\/2018\/06\/criacao-de-projetos-no-avid-media-composer\/\" \/>\n<meta property=\"og:site_name\" content=\"PROCLASS\" \/>\n<meta property=\"article:published_time\" content=\"2018-06-25T18:45:54+00:00\" \/>\n<meta property=\"og:image\" content=\"https:\/\/proclass.com.br\/home\/wp-content\/uploads\/2018\/06\/Fig.-1-Tela-inicial-para-criac\u0327a\u0303o-de-projetos.png\" \/>\n\t<meta property=\"og:image:width\" content=\"682\" \/>\n\t<meta property=\"og:image:height\" content=\"521\" \/>\n\t<meta property=\"og:image:type\" content=\"image\/png\" \/>\n<meta name=\"author\" content=\"ProClass Treinamentos\" \/>\n<meta name=\"twitter:card\" content=\"summary_large_image\" \/>\n<meta name=\"twitter:label1\" content=\"Escrito por\" \/>\n\t<meta name=\"twitter:data1\" content=\"ProClass Treinamentos\" \/>\n\t<meta name=\"twitter:label2\" content=\"Est. tempo de leitura\" \/>\n\t<meta name=\"twitter:data2\" content=\"6 minutos\" \/>\n<script type=\"application\/ld+json\" class=\"yoast-schema-graph\">{\"@context\":\"https:\/\/schema.org\",\"@graph\":[{\"@type\":\"Article\",\"@id\":\"https:\/\/proclass.com.br\/home\/2018\/06\/criacao-de-projetos-no-avid-media-composer\/#article\",\"isPartOf\":{\"@id\":\"https:\/\/proclass.com.br\/home\/2018\/06\/criacao-de-projetos-no-avid-media-composer\/\"},\"author\":{\"name\":\"ProClass Treinamentos\",\"@id\":\"https:\/\/proclass.com.br\/home\/#\/schema\/person\/f89e1eb93d5d32c0bb465c52f87f5a00\"},\"headline\":\"Cria\u00e7\u00e3o de projetos no Avid Media Composer\",\"datePublished\":\"2018-06-25T18:45:54+00:00\",\"mainEntityOfPage\":{\"@id\":\"https:\/\/proclass.com.br\/home\/2018\/06\/criacao-de-projetos-no-avid-media-composer\/\"},\"wordCount\":1211,\"publisher\":{\"@id\":\"https:\/\/proclass.com.br\/home\/#organization\"},\"image\":{\"@id\":\"https:\/\/proclass.com.br\/home\/2018\/06\/criacao-de-projetos-no-avid-media-composer\/#primaryimage\"},\"thumbnailUrl\":\"https:\/\/proclass.com.br\/home\/wp-content\/uploads\/2018\/06\/Fig.-1-Tela-inicial-para-criac\u0327a\u0303o-de-projetos.png\",\"articleSection\":[\"Artigos\",\"Avid Media Composer\"],\"inLanguage\":\"pt-BR\"},{\"@type\":\"WebPage\",\"@id\":\"https:\/\/proclass.com.br\/home\/2018\/06\/criacao-de-projetos-no-avid-media-composer\/\",\"url\":\"https:\/\/proclass.com.br\/home\/2018\/06\/criacao-de-projetos-no-avid-media-composer\/\",\"name\":\"Cria\u00e7\u00e3o de projetos no Avid Media Composer - PROCLASS\",\"isPartOf\":{\"@id\":\"https:\/\/proclass.com.br\/home\/#website\"},\"primaryImageOfPage\":{\"@id\":\"https:\/\/proclass.com.br\/home\/2018\/06\/criacao-de-projetos-no-avid-media-composer\/#primaryimage\"},\"image\":{\"@id\":\"https:\/\/proclass.com.br\/home\/2018\/06\/criacao-de-projetos-no-avid-media-composer\/#primaryimage\"},\"thumbnailUrl\":\"https:\/\/proclass.com.br\/home\/wp-content\/uploads\/2018\/06\/Fig.-1-Tela-inicial-para-criac\u0327a\u0303o-de-projetos.png\",\"datePublished\":\"2018-06-25T18:45:54+00:00\",\"breadcrumb\":{\"@id\":\"https:\/\/proclass.com.br\/home\/2018\/06\/criacao-de-projetos-no-avid-media-composer\/#breadcrumb\"},\"inLanguage\":\"pt-BR\",\"potentialAction\":[{\"@type\":\"ReadAction\",\"target\":[\"https:\/\/proclass.com.br\/home\/2018\/06\/criacao-de-projetos-no-avid-media-composer\/\"]}]},{\"@type\":\"ImageObject\",\"inLanguage\":\"pt-BR\",\"@id\":\"https:\/\/proclass.com.br\/home\/2018\/06\/criacao-de-projetos-no-avid-media-composer\/#primaryimage\",\"url\":\"https:\/\/proclass.com.br\/home\/wp-content\/uploads\/2018\/06\/Fig.-1-Tela-inicial-para-criac\u0327a\u0303o-de-projetos.png\",\"contentUrl\":\"https:\/\/proclass.com.br\/home\/wp-content\/uploads\/2018\/06\/Fig.-1-Tela-inicial-para-criac\u0327a\u0303o-de-projetos.png\",\"width\":682,\"height\":521,\"caption\":\"Fig. 1 - Tela inicial para criac\u0327a\u0303o de projetos\"},{\"@type\":\"BreadcrumbList\",\"@id\":\"https:\/\/proclass.com.br\/home\/2018\/06\/criacao-de-projetos-no-avid-media-composer\/#breadcrumb\",\"itemListElement\":[{\"@type\":\"ListItem\",\"position\":1,\"name\":\"In\u00edcio\",\"item\":\"https:\/\/proclass.com.br\/home\/\"},{\"@type\":\"ListItem\",\"position\":2,\"name\":\"Cria\u00e7\u00e3o de projetos no Avid Media Composer\"}]},{\"@type\":\"WebSite\",\"@id\":\"https:\/\/proclass.com.br\/home\/#website\",\"url\":\"https:\/\/proclass.com.br\/home\/\",\"name\":\"PROCLASS\",\"description\":\"CURSOS E TREINAMENTOS\",\"publisher\":{\"@id\":\"https:\/\/proclass.com.br\/home\/#organization\"},\"potentialAction\":[{\"@type\":\"SearchAction\",\"target\":{\"@type\":\"EntryPoint\",\"urlTemplate\":\"https:\/\/proclass.com.br\/home\/?s={search_term_string}\"},\"query-input\":{\"@type\":\"PropertyValueSpecification\",\"valueRequired\":true,\"valueName\":\"search_term_string\"}}],\"inLanguage\":\"pt-BR\"},{\"@type\":\"Organization\",\"@id\":\"https:\/\/proclass.com.br\/home\/#organization\",\"name\":\"PROCLASS\",\"url\":\"https:\/\/proclass.com.br\/home\/\",\"logo\":{\"@type\":\"ImageObject\",\"inLanguage\":\"pt-BR\",\"@id\":\"https:\/\/proclass.com.br\/home\/#\/schema\/logo\/image\/\",\"url\":\"https:\/\/proclass.com.br\/home\/wp-content\/uploads\/2023\/06\/CABECALHO-black_PROCLASS-2023.png\",\"contentUrl\":\"https:\/\/proclass.com.br\/home\/wp-content\/uploads\/2023\/06\/CABECALHO-black_PROCLASS-2023.png\",\"width\":2563,\"height\":911,\"caption\":\"PROCLASS\"},\"image\":{\"@id\":\"https:\/\/proclass.com.br\/home\/#\/schema\/logo\/image\/\"}},{\"@type\":\"Person\",\"@id\":\"https:\/\/proclass.com.br\/home\/#\/schema\/person\/f89e1eb93d5d32c0bb465c52f87f5a00\",\"name\":\"ProClass Treinamentos\",\"image\":{\"@type\":\"ImageObject\",\"inLanguage\":\"pt-BR\",\"@id\":\"https:\/\/proclass.com.br\/home\/#\/schema\/person\/image\/\",\"url\":\"https:\/\/secure.gravatar.com\/avatar\/3878d7a575c7ac355d2c778d5de04af08b7c5a7d9f19b2889f26cc7d80a6a832?s=96&d=blank&r=g\",\"contentUrl\":\"https:\/\/secure.gravatar.com\/avatar\/3878d7a575c7ac355d2c778d5de04af08b7c5a7d9f19b2889f26cc7d80a6a832?s=96&d=blank&r=g\",\"caption\":\"ProClass Treinamentos\"},\"url\":\"https:\/\/proclass.com.br\/home\/author\/proclass\/\"}]}<\/script>\n<!-- \/ Yoast SEO plugin. -->","yoast_head_json":{"title":"Cria\u00e7\u00e3o de projetos no Avid Media Composer - PROCLASS","robots":{"index":"index","follow":"follow","max-snippet":"max-snippet:-1","max-image-preview":"max-image-preview:large","max-video-preview":"max-video-preview:-1"},"canonical":"https:\/\/proclass.com.br\/home\/2018\/06\/criacao-de-projetos-no-avid-media-composer\/","og_locale":"pt_BR","og_type":"article","og_title":"Cria\u00e7\u00e3o de projetos no Avid Media Composer - PROCLASS","og_description":"Artigo publicado na Revista Luz e Cena Para conhecer mais sobre a revista,\u00a0clique aqui. Para treinamentos e certifica\u00e7\u00f5es oficiais Avid Media Composer, clique aqui. Come\u00e7ando com o p\u00e9 direito A primeira experi\u00eancia com o Avid Media Composer geralmente come\u00e7a com a cria\u00e7\u00e3o de um projeto, e mesmo essa primeira janela j\u00e1 pode ser bem intimidadoraContinue reading &rarr;","og_url":"https:\/\/proclass.com.br\/home\/2018\/06\/criacao-de-projetos-no-avid-media-composer\/","og_site_name":"PROCLASS","article_published_time":"2018-06-25T18:45:54+00:00","og_image":[{"width":682,"height":521,"url":"https:\/\/proclass.com.br\/home\/wp-content\/uploads\/2018\/06\/Fig.-1-Tela-inicial-para-criac\u0327a\u0303o-de-projetos.png","type":"image\/png"}],"author":"ProClass Treinamentos","twitter_card":"summary_large_image","twitter_misc":{"Escrito por":"ProClass Treinamentos","Est. tempo de leitura":"6 minutos"},"schema":{"@context":"https:\/\/schema.org","@graph":[{"@type":"Article","@id":"https:\/\/proclass.com.br\/home\/2018\/06\/criacao-de-projetos-no-avid-media-composer\/#article","isPartOf":{"@id":"https:\/\/proclass.com.br\/home\/2018\/06\/criacao-de-projetos-no-avid-media-composer\/"},"author":{"name":"ProClass Treinamentos","@id":"https:\/\/proclass.com.br\/home\/#\/schema\/person\/f89e1eb93d5d32c0bb465c52f87f5a00"},"headline":"Cria\u00e7\u00e3o de projetos no Avid Media Composer","datePublished":"2018-06-25T18:45:54+00:00","mainEntityOfPage":{"@id":"https:\/\/proclass.com.br\/home\/2018\/06\/criacao-de-projetos-no-avid-media-composer\/"},"wordCount":1211,"publisher":{"@id":"https:\/\/proclass.com.br\/home\/#organization"},"image":{"@id":"https:\/\/proclass.com.br\/home\/2018\/06\/criacao-de-projetos-no-avid-media-composer\/#primaryimage"},"thumbnailUrl":"https:\/\/proclass.com.br\/home\/wp-content\/uploads\/2018\/06\/Fig.-1-Tela-inicial-para-criac\u0327a\u0303o-de-projetos.png","articleSection":["Artigos","Avid Media Composer"],"inLanguage":"pt-BR"},{"@type":"WebPage","@id":"https:\/\/proclass.com.br\/home\/2018\/06\/criacao-de-projetos-no-avid-media-composer\/","url":"https:\/\/proclass.com.br\/home\/2018\/06\/criacao-de-projetos-no-avid-media-composer\/","name":"Cria\u00e7\u00e3o de projetos no Avid Media Composer - PROCLASS","isPartOf":{"@id":"https:\/\/proclass.com.br\/home\/#website"},"primaryImageOfPage":{"@id":"https:\/\/proclass.com.br\/home\/2018\/06\/criacao-de-projetos-no-avid-media-composer\/#primaryimage"},"image":{"@id":"https:\/\/proclass.com.br\/home\/2018\/06\/criacao-de-projetos-no-avid-media-composer\/#primaryimage"},"thumbnailUrl":"https:\/\/proclass.com.br\/home\/wp-content\/uploads\/2018\/06\/Fig.-1-Tela-inicial-para-criac\u0327a\u0303o-de-projetos.png","datePublished":"2018-06-25T18:45:54+00:00","breadcrumb":{"@id":"https:\/\/proclass.com.br\/home\/2018\/06\/criacao-de-projetos-no-avid-media-composer\/#breadcrumb"},"inLanguage":"pt-BR","potentialAction":[{"@type":"ReadAction","target":["https:\/\/proclass.com.br\/home\/2018\/06\/criacao-de-projetos-no-avid-media-composer\/"]}]},{"@type":"ImageObject","inLanguage":"pt-BR","@id":"https:\/\/proclass.com.br\/home\/2018\/06\/criacao-de-projetos-no-avid-media-composer\/#primaryimage","url":"https:\/\/proclass.com.br\/home\/wp-content\/uploads\/2018\/06\/Fig.-1-Tela-inicial-para-criac\u0327a\u0303o-de-projetos.png","contentUrl":"https:\/\/proclass.com.br\/home\/wp-content\/uploads\/2018\/06\/Fig.-1-Tela-inicial-para-criac\u0327a\u0303o-de-projetos.png","width":682,"height":521,"caption":"Fig. 1 - Tela inicial para criac\u0327a\u0303o de projetos"},{"@type":"BreadcrumbList","@id":"https:\/\/proclass.com.br\/home\/2018\/06\/criacao-de-projetos-no-avid-media-composer\/#breadcrumb","itemListElement":[{"@type":"ListItem","position":1,"name":"In\u00edcio","item":"https:\/\/proclass.com.br\/home\/"},{"@type":"ListItem","position":2,"name":"Cria\u00e7\u00e3o de projetos no Avid Media Composer"}]},{"@type":"WebSite","@id":"https:\/\/proclass.com.br\/home\/#website","url":"https:\/\/proclass.com.br\/home\/","name":"PROCLASS","description":"CURSOS E TREINAMENTOS","publisher":{"@id":"https:\/\/proclass.com.br\/home\/#organization"},"potentialAction":[{"@type":"SearchAction","target":{"@type":"EntryPoint","urlTemplate":"https:\/\/proclass.com.br\/home\/?s={search_term_string}"},"query-input":{"@type":"PropertyValueSpecification","valueRequired":true,"valueName":"search_term_string"}}],"inLanguage":"pt-BR"},{"@type":"Organization","@id":"https:\/\/proclass.com.br\/home\/#organization","name":"PROCLASS","url":"https:\/\/proclass.com.br\/home\/","logo":{"@type":"ImageObject","inLanguage":"pt-BR","@id":"https:\/\/proclass.com.br\/home\/#\/schema\/logo\/image\/","url":"https:\/\/proclass.com.br\/home\/wp-content\/uploads\/2023\/06\/CABECALHO-black_PROCLASS-2023.png","contentUrl":"https:\/\/proclass.com.br\/home\/wp-content\/uploads\/2023\/06\/CABECALHO-black_PROCLASS-2023.png","width":2563,"height":911,"caption":"PROCLASS"},"image":{"@id":"https:\/\/proclass.com.br\/home\/#\/schema\/logo\/image\/"}},{"@type":"Person","@id":"https:\/\/proclass.com.br\/home\/#\/schema\/person\/f89e1eb93d5d32c0bb465c52f87f5a00","name":"ProClass Treinamentos","image":{"@type":"ImageObject","inLanguage":"pt-BR","@id":"https:\/\/proclass.com.br\/home\/#\/schema\/person\/image\/","url":"https:\/\/secure.gravatar.com\/avatar\/3878d7a575c7ac355d2c778d5de04af08b7c5a7d9f19b2889f26cc7d80a6a832?s=96&d=blank&r=g","contentUrl":"https:\/\/secure.gravatar.com\/avatar\/3878d7a575c7ac355d2c778d5de04af08b7c5a7d9f19b2889f26cc7d80a6a832?s=96&d=blank&r=g","caption":"ProClass Treinamentos"},"url":"https:\/\/proclass.com.br\/home\/author\/proclass\/"}]}},"_links":{"self":[{"href":"https:\/\/proclass.com.br\/home\/wp-json\/wp\/v2\/posts\/10020","targetHints":{"allow":["GET"]}}],"collection":[{"href":"https:\/\/proclass.com.br\/home\/wp-json\/wp\/v2\/posts"}],"about":[{"href":"https:\/\/proclass.com.br\/home\/wp-json\/wp\/v2\/types\/post"}],"author":[{"embeddable":true,"href":"https:\/\/proclass.com.br\/home\/wp-json\/wp\/v2\/users\/4"}],"replies":[{"embeddable":true,"href":"https:\/\/proclass.com.br\/home\/wp-json\/wp\/v2\/comments?post=10020"}],"version-history":[{"count":0,"href":"https:\/\/proclass.com.br\/home\/wp-json\/wp\/v2\/posts\/10020\/revisions"}],"wp:featuredmedia":[{"embeddable":true,"href":"https:\/\/proclass.com.br\/home\/wp-json\/wp\/v2\/media\/10021"}],"wp:attachment":[{"href":"https:\/\/proclass.com.br\/home\/wp-json\/wp\/v2\/media?parent=10020"}],"wp:term":[{"taxonomy":"category","embeddable":true,"href":"https:\/\/proclass.com.br\/home\/wp-json\/wp\/v2\/categories?post=10020"},{"taxonomy":"post_tag","embeddable":true,"href":"https:\/\/proclass.com.br\/home\/wp-json\/wp\/v2\/tags?post=10020"}],"curies":[{"name":"wp","href":"https:\/\/api.w.org\/{rel}","templated":true}]}}