{"id":10007,"date":"2018-06-25T15:41:19","date_gmt":"2018-06-25T18:41:19","guid":{"rendered":"http:\/\/proclass.com.br\/home\/?p=10007"},"modified":"2018-06-25T15:41:19","modified_gmt":"2018-06-25T18:41:19","slug":"fundamentos-da-edicao","status":"publish","type":"post","link":"https:\/\/proclass.com.br\/home\/2018\/06\/fundamentos-da-edicao\/","title":{"rendered":"Fundamentos da edi\u00e7\u00e3o"},"content":{"rendered":"<p>Artigo publicado na Revista Luz e Cena<\/p>\n<p><a href=\"http:\/\/www.luzecena.com.br\"><img decoding=\"async\" title=\"luz e cena logo\" src=\"http:\/\/proclass.com.br\/home\/wp-content\/uploads\/2012\/11\/luz-e-cena-logo.jpg\" alt=\"\" width=\"206\" height=\"56\" \/><\/a><\/p>\n<p>Para conhecer mais sobre a revista,\u00a0<a href=\"http:\/\/www.luzecena.com.br\" target=\"_blank\" rel=\"noopener\">clique aqui.<\/a><\/p>\n<p>Para treinamentos e certifica\u00e7\u00f5es oficiais Avid Media Composer,<a href=\"http:\/\/proclass.com.br\/home\/cursos\/avid-media-composer\/\"> clique aqui.<\/a><\/p>\n<p class=\"p1\"><b><i>Criando sua primeira montagem<\/i><\/b><\/p>\n<p class=\"p2\">No artigo anterior, aprendemos como criar um projeto e organiz\u00e1-lo em bins e folders. Agora vamos seguir em frente e conhecer os fundamentos de edi\u00e7\u00e3o no Avid Media Composer antes de sequer come\u00e7ar a editar. Mais a frente, faremos todo o procedimento em etapas bem definidas.<\/p>\n<p class=\"p1\"><b><i>Conceito essencial &#8211; edi\u00e7\u00e3o em tr\u00eas pontos<\/i><\/b><\/p>\n<p class=\"p2\">O processo de edi\u00e7\u00e3o em qualquer ferramenta se baseia no conceito de edi\u00e7\u00e3o de tr\u00eas pontos, que se resume ao preceito de que toda edi\u00e7\u00e3o necessita de dois pontos para indicar a dura\u00e7\u00e3o do material a ser editado e um ponto para indicar a posi\u00e7\u00e3o.<\/p>\n<p class=\"p2\">Repare que n\u00e3o \u00e9 mencionado onde estes pontos devem que ser feitos. Isto porque a beleza deste processo \u00e9 justamente ter esta flexibilidade. Mantenha isso em mente, e vamos seguir em frente e ver mais detalhes na pr\u00e1tica.<\/p>\n<p class=\"p2\">Para fazer marcas dos trechos que quer utilizar, usamos a letra \u201ci\u201d (de IN) para a entrada e \u201co\u201d (de OUT) para a sa\u00edda. Caso n\u00e3o fa\u00e7a as marcas, o Avid Media Composer vai levar o cursor de posi\u00e7\u00e3o (azul) como sendo a entrada e o final do clip como sa\u00edda.<\/p>\n<p class=\"p1\"><b><i>Conceito do c\u00f3digo de cores nas fun\u00e7\u00f5es de edi\u00e7\u00e3o<\/i><\/b><\/p>\n<p class=\"p2\">Temos diversas fun\u00e7\u00f5es de edi\u00e7\u00e3o mas todas se resumem em duas cores. Bot\u00f5es vermelhos ou amarelos (fig. 1).<\/p>\n<div id=\"attachment_10008\" style=\"width: 984px\" class=\"wp-caption aligncenter\"><img fetchpriority=\"high\" decoding=\"async\" aria-describedby=\"caption-attachment-10008\" class=\"size-full wp-image-10008\" src=\"http:\/\/proclass.com.br\/home\/wp-content\/uploads\/2018\/06\/fig.-1-boto\u0303es-de-edic\u0327a\u0303o.png\" alt=\"\" width=\"974\" height=\"525\" srcset=\"https:\/\/proclass.com.br\/home\/wp-content\/uploads\/2018\/06\/fig.-1-boto\u0303es-de-edic\u0327a\u0303o.png 974w, https:\/\/proclass.com.br\/home\/wp-content\/uploads\/2018\/06\/fig.-1-boto\u0303es-de-edic\u0327a\u0303o-300x162.png 300w, https:\/\/proclass.com.br\/home\/wp-content\/uploads\/2018\/06\/fig.-1-boto\u0303es-de-edic\u0327a\u0303o-768x414.png 768w\" sizes=\"(max-width: 974px) 100vw, 974px\" \/><p id=\"caption-attachment-10008\" class=\"wp-caption-text\">fig. 1 &#8211; boto\u0303es de edic\u0327a\u0303o<\/p><\/div>\n<p class=\"p2\">Em fun\u00e7\u00f5es com a cor vermelha, material pode ser editado, retirado ou aparado sem alterar a posi\u00e7\u00e3o dos clips vizinhos.<\/p>\n<p class=\"p2\">J\u00e1 nas fun\u00e7\u00f5es de cor amarela, os clips vizinhos se deslocam para se adequar \u00e0 edi\u00e7\u00e3o que est\u00e1 sendo feita.<\/p>\n<p class=\"p2\">\u00c9 importante ent\u00e3o ter em mente que ferramentas amarelas podem fazer seu material j\u00e1 editado sair de posi\u00e7\u00e3o e perder sincronismo.<\/p>\n<p class=\"p1\"><b><i>Organiza\u00e7\u00e3o das sequ\u00eancias<\/i><\/b><\/p>\n<p class=\"p2\">Quando n\u00e3o se tem uma sequ\u00eancia carregada na timeline e o usu\u00e1rio tenta executar uma edi\u00e7\u00e3o, automaticamente uma nova sequ\u00eancia \u00e9 criada. Muito conveniente para os iniciantes, mas fica a pergunta\u2026 Com que nome? Onde ela est\u00e1 armazenada? Como vou encontr\u00e1-la mais tarde?<\/p>\n<p class=\"p2\">Ent\u00e3o \u00e9 prefer\u00edvel criar um bin exclusivo para sequ\u00eancias, e dentro dele, com o bot\u00e3o direito, acessar a op\u00e7\u00e3o \u201cnew sequence\u201d. Al\u00e9m de criar a sequ\u00eancia no local correto, o usu\u00e1rio pode dar um nome de uma vez e assim manter tudo sobre controle.<\/p>\n<p class=\"p1\"><b><i>Vai editar? Primeiro Avise o Avid em que pista<\/i><\/b><\/p>\n<p class=\"p2\">Um dos principais conceitos do Avid Media Composer \u00e9 de executar fun\u00e7\u00f5es apenas nas pistas que o usu\u00e1rio define. Diferente da maioria dos software, o Media Composer n\u00e3o tenta \u201cdecifrar\u201d o que o usu\u00e1rio quer e muito menos toma alguma atitude que n\u00e3o tenha sido programada pelo usu\u00e1rio.<\/p>\n<p class=\"p2\">Por exemplo, o usu\u00e1rio pode ter um v\u00eddeo que cont\u00e9m duas pistas de \u00e1udio carregado no Source Monitor, mas n\u00e3o necessariamente isso quer dizer que ele pretende editar o \u00e1udio e o v\u00eddeo. O usu\u00e1rio deve ent\u00e3o primeiro pensar: \u201co que eu quero editar? Somente o \u00e1udio, somente o v\u00eddeo ou tudo?\u201d<\/p>\n<p class=\"p2\">A segunda pergunta a se fazer, \u00e9 com rela\u00e7\u00e3o ao timeline. Supondo que voc\u00ea tenha uma sequ\u00eancia com 4 pistas de v\u00eddeo. Tamb\u00e9m n\u00e3o espere que o Avid decida por voc\u00ea em que pista o material ser\u00e1 editado. \u00c9 o usu\u00e1rio que deve ativar a pista que ele onde ele prefere que o material seja editado.<\/p>\n<p class=\"p2\">Muito bem, entendido este conceito, vamos ver como funciona na pr\u00e1tica.<\/p>\n<p class=\"p2\">Do lado esquerdo do timeline. temos os bot\u00f5es de ativa\u00e7\u00e3o das pistas (fig. 2). O V1, A1 e A2 da primeira coluna, representa a m\u00eddia carregada no source. O V1, V2, V3, A1, A2, A3, A4 na segunda coluna, s\u00e3o pistas dispon\u00edveis na sua timeline. Basta clicar para ativar as pistas a serem levadas em considera\u00e7\u00e3o na edi\u00e7\u00e3o.<\/p>\n<div id=\"attachment_10009\" style=\"width: 493px\" class=\"wp-caption aligncenter\"><img decoding=\"async\" aria-describedby=\"caption-attachment-10009\" class=\"size-full wp-image-10009\" src=\"http:\/\/proclass.com.br\/home\/wp-content\/uploads\/2018\/06\/fig.-2-boto\u0303es-de-ativac\u0327a\u0303o-de-pistas.png\" alt=\"\" width=\"483\" height=\"390\" srcset=\"https:\/\/proclass.com.br\/home\/wp-content\/uploads\/2018\/06\/fig.-2-boto\u0303es-de-ativac\u0327a\u0303o-de-pistas.png 483w, https:\/\/proclass.com.br\/home\/wp-content\/uploads\/2018\/06\/fig.-2-boto\u0303es-de-ativac\u0327a\u0303o-de-pistas-300x242.png 300w\" sizes=\"(max-width: 483px) 100vw, 483px\" \/><p id=\"caption-attachment-10009\" class=\"wp-caption-text\">fig. 2 &#8211; boto\u0303es de ativac\u0327a\u0303o de pistas<\/p><\/div>\n<p class=\"p2\">Na figura 2, estamos com a configura\u00e7\u00e3o de forma a editar apenas o v\u00eddeo (V1) que est\u00e1 no source monitor, e edit\u00e1-lo na pista V3.<\/p>\n<p class=\"p2\">Com estes conceitos esclarecidos, podemos partir para alguns exemplos de edi\u00e7\u00e3o.<\/p>\n<p class=\"p1\"><b><i>Exemplo 1 &#8211; inserindo uma cobertura em uma entrevista<\/i><\/b><\/p>\n<p class=\"p2\">Neste primeiro exemplo, temos uma cobertura na entrevista na timeline e vamos inserir um v\u00eddeo que ilustra o que o entrevistado est\u00e1 falando. Resumidamente, podemos dividir a edi\u00e7\u00e3o em tr\u00eas principais passos. 1-fazer as marcas, 2-acionar as pistas, 3-executar a edi\u00e7\u00e3o.<\/p>\n<p class=\"p2\"><b>Para o passo 1<\/b>: vamos aplicar o conceito da edi\u00e7\u00e3o de 3 pontos: carregar o v\u00eddeo no source e marcar com a letra \u201ci\u201d o ponto de entrada e \u201co\u201d o ponto de sa\u00edda do trecho desejado, e assim, define-se a dura\u00e7\u00e3o. O terceiro ponto \u00e9 o local. Para isso, basta colocar o cursor de posi\u00e7\u00e3o da timeline no local onde voc\u00ea quer o v\u00eddeo da entrevista seja cortado e substituindo pela imagem de cobertura. N\u00e3o \u00e9 necess\u00e1rio marcar com a letra \u201ci\u201d, pois lembre-se que na aus\u00eancia de marcas, o Avid j\u00e1 leva em considera\u00e7\u00e3o como \u201cin\u201d a posi\u00e7\u00e3o do cursor. (fig. 3A)<\/p>\n<div id=\"attachment_10010\" style=\"width: 806px\" class=\"wp-caption aligncenter\"><img loading=\"lazy\" decoding=\"async\" aria-describedby=\"caption-attachment-10010\" class=\"size-full wp-image-10010\" src=\"http:\/\/proclass.com.br\/home\/wp-content\/uploads\/2018\/06\/Fig.-3-Marcas-feitas-e-cursor-no-local-de-destino.png\" alt=\"\" width=\"796\" height=\"892\" srcset=\"https:\/\/proclass.com.br\/home\/wp-content\/uploads\/2018\/06\/Fig.-3-Marcas-feitas-e-cursor-no-local-de-destino.png 796w, https:\/\/proclass.com.br\/home\/wp-content\/uploads\/2018\/06\/Fig.-3-Marcas-feitas-e-cursor-no-local-de-destino-268x300.png 268w, https:\/\/proclass.com.br\/home\/wp-content\/uploads\/2018\/06\/Fig.-3-Marcas-feitas-e-cursor-no-local-de-destino-768x861.png 768w\" sizes=\"(max-width: 796px) 100vw, 796px\" \/><p id=\"caption-attachment-10010\" class=\"wp-caption-text\">Fig. 3 &#8211; Marcas feitas e cursor no local de destino<\/p><\/div>\n<p class=\"p2\"><b>Para o passo 2<\/b>: lembre-se de perguntar: o que eu quero editar? \u00e1udio, v\u00eddeo, ou os dois? E acione as pistas adequadamente.<\/p>\n<p class=\"p2\">Neste caso, queremos apenas editar o v\u00eddeo de cobertura. O \u00e1udio n\u00e3o me interessa editar, pois gostaria de continuar ouvindo o entrevistado enquanto o v\u00eddeo de cobertura \u00e9 apresentado.<\/p>\n<p class=\"p2\">Ent\u00e3o apesar de ter \u00e0 disposi\u00e7\u00e3o do lado do Source Monitor as pistas V1, A1 e A2, vou apenas acionar a pista V1. Do lado da timeline, vou acionar a pista V1 tamb\u00e9m, pois n\u00e3o me interessa alterar em nada as pistas de \u00e1udio. (fig. 3B)<\/p>\n<p class=\"p2\"><b>Para o passo 3<\/b>: na janela do composer temos duas setas, que s\u00e3o os bot\u00f5es de edi\u00e7\u00e3o. O bot\u00e3o amarelo (splice-in) e o vermelho (overwrite). (fig. 4)<\/p>\n<div id=\"attachment_10011\" style=\"width: 1034px\" class=\"wp-caption aligncenter\"><img loading=\"lazy\" decoding=\"async\" aria-describedby=\"caption-attachment-10011\" class=\"size-large wp-image-10011\" src=\"http:\/\/proclass.com.br\/home\/wp-content\/uploads\/2018\/06\/Fig.-4-Ferramentas-de-edic\u0327a\u0303o-do-source-para-a-timeline-1024x375.png\" alt=\"\" width=\"1024\" height=\"375\" srcset=\"https:\/\/proclass.com.br\/home\/wp-content\/uploads\/2018\/06\/Fig.-4-Ferramentas-de-edic\u0327a\u0303o-do-source-para-a-timeline-1024x375.png 1024w, https:\/\/proclass.com.br\/home\/wp-content\/uploads\/2018\/06\/Fig.-4-Ferramentas-de-edic\u0327a\u0303o-do-source-para-a-timeline-300x110.png 300w, https:\/\/proclass.com.br\/home\/wp-content\/uploads\/2018\/06\/Fig.-4-Ferramentas-de-edic\u0327a\u0303o-do-source-para-a-timeline-768x281.png 768w, https:\/\/proclass.com.br\/home\/wp-content\/uploads\/2018\/06\/Fig.-4-Ferramentas-de-edic\u0327a\u0303o-do-source-para-a-timeline.png 1637w\" sizes=\"(max-width: 1024px) 100vw, 1024px\" \/><p id=\"caption-attachment-10011\" class=\"wp-caption-text\">Fig. 4 &#8211; Ferramentas de edic\u0327a\u0303o do source para a timeline<\/p><\/div>\n<p class=\"p2\">Lembre-se, bot\u00f5es amarelos deslocam o material que est\u00e3o na timeline, e neste caso, os v\u00eddeos das entrevistas v\u00e3o sair de sincronismo com as pistas de \u00e1udio (fig. 5). P\u00e9ssima op\u00e7\u00e3o neste caso.<\/p>\n<div id=\"attachment_10012\" style=\"width: 1034px\" class=\"wp-caption aligncenter\"><img loading=\"lazy\" decoding=\"async\" aria-describedby=\"caption-attachment-10012\" class=\"size-large wp-image-10012\" src=\"http:\/\/proclass.com.br\/home\/wp-content\/uploads\/2018\/06\/fig.-5-Edic\u0327a\u0303o-fora-de-sincronismo-1024x101.png\" alt=\"\" width=\"1024\" height=\"101\" srcset=\"https:\/\/proclass.com.br\/home\/wp-content\/uploads\/2018\/06\/fig.-5-Edic\u0327a\u0303o-fora-de-sincronismo-1024x101.png 1024w, https:\/\/proclass.com.br\/home\/wp-content\/uploads\/2018\/06\/fig.-5-Edic\u0327a\u0303o-fora-de-sincronismo-300x30.png 300w, https:\/\/proclass.com.br\/home\/wp-content\/uploads\/2018\/06\/fig.-5-Edic\u0327a\u0303o-fora-de-sincronismo-768x76.png 768w, https:\/\/proclass.com.br\/home\/wp-content\/uploads\/2018\/06\/fig.-5-Edic\u0327a\u0303o-fora-de-sincronismo.png 1401w\" sizes=\"(max-width: 1024px) 100vw, 1024px\" \/><p id=\"caption-attachment-10012\" class=\"wp-caption-text\">fig. 5 &#8211; Edic\u0327a\u0303o fora de sincronismo<\/p><\/div>\n<p class=\"p2\">O que vamos usar \u00e9 o Overwrite, que substitui o material que est\u00e1 na timeline pelo novo material editado. Com isso, tudo continua no seu lugar, e a edi\u00e7\u00e3o est\u00e1 feita (fig. 6).<\/p>\n<div id=\"attachment_10013\" style=\"width: 1034px\" class=\"wp-caption aligncenter\"><img loading=\"lazy\" decoding=\"async\" aria-describedby=\"caption-attachment-10013\" class=\"size-large wp-image-10013\" src=\"http:\/\/proclass.com.br\/home\/wp-content\/uploads\/2018\/06\/fig.-6-Cobertura-colocada-corretamente-com-a-func\u0327a\u0303o-Overwrite-1024x109.png\" alt=\"\" width=\"1024\" height=\"109\" srcset=\"https:\/\/proclass.com.br\/home\/wp-content\/uploads\/2018\/06\/fig.-6-Cobertura-colocada-corretamente-com-a-func\u0327a\u0303o-Overwrite-1024x109.png 1024w, https:\/\/proclass.com.br\/home\/wp-content\/uploads\/2018\/06\/fig.-6-Cobertura-colocada-corretamente-com-a-func\u0327a\u0303o-Overwrite-300x32.png 300w, https:\/\/proclass.com.br\/home\/wp-content\/uploads\/2018\/06\/fig.-6-Cobertura-colocada-corretamente-com-a-func\u0327a\u0303o-Overwrite-768x82.png 768w, https:\/\/proclass.com.br\/home\/wp-content\/uploads\/2018\/06\/fig.-6-Cobertura-colocada-corretamente-com-a-func\u0327a\u0303o-Overwrite.png 1394w\" sizes=\"(max-width: 1024px) 100vw, 1024px\" \/><p id=\"caption-attachment-10013\" class=\"wp-caption-text\">fig. 6 &#8211; Cobertura colocada corretamente com a func\u0327a\u0303o Overwrite<\/p><\/div>\n<p class=\"p1\"><b><i>Exemplo 2 &#8211; inserindo um novo trecho de entrevista<\/i><\/b><\/p>\n<p class=\"p2\">Neste exemplo temos uma sequ\u00eancia com tr\u00eas trechos de entrevista. Temos tr\u00eas momentos da entrevista j\u00e1 editados, e foi pedido para incluir um novo clip, que deve ser colocado logo ap\u00f3s o primeiro trecho.<\/p>\n<p class=\"p2\">O passo 1 mant\u00e9m. Faremos as marcas e posicionaremos o cursor na timeline (fig. 7A). Sobre a ativa\u00e7\u00e3o das pistas, desta vez precisamos incluir a pista V1, A1 e A2, para garantir a edi\u00e7\u00e3o tanto do \u00e1udio quanto v\u00eddeo (fig. 7B) e por \u00faltimo, novamente colocamos o cursor no local de destino (fig. 7C).<\/p>\n<div id=\"attachment_10014\" style=\"width: 1034px\" class=\"wp-caption aligncenter\"><img loading=\"lazy\" decoding=\"async\" aria-describedby=\"caption-attachment-10014\" class=\"size-large wp-image-10014\" src=\"http:\/\/proclass.com.br\/home\/wp-content\/uploads\/2018\/06\/fig.-7-Preparac\u0327a\u0303o-para-acrescentar-um-novo-trecho-de-entrevista-1024x676.png\" alt=\"\" width=\"1024\" height=\"676\" srcset=\"https:\/\/proclass.com.br\/home\/wp-content\/uploads\/2018\/06\/fig.-7-Preparac\u0327a\u0303o-para-acrescentar-um-novo-trecho-de-entrevista-1024x676.png 1024w, https:\/\/proclass.com.br\/home\/wp-content\/uploads\/2018\/06\/fig.-7-Preparac\u0327a\u0303o-para-acrescentar-um-novo-trecho-de-entrevista-300x198.png 300w, https:\/\/proclass.com.br\/home\/wp-content\/uploads\/2018\/06\/fig.-7-Preparac\u0327a\u0303o-para-acrescentar-um-novo-trecho-de-entrevista-768x507.png 768w, https:\/\/proclass.com.br\/home\/wp-content\/uploads\/2018\/06\/fig.-7-Preparac\u0327a\u0303o-para-acrescentar-um-novo-trecho-de-entrevista.png 1326w\" sizes=\"(max-width: 1024px) 100vw, 1024px\" \/><p id=\"caption-attachment-10014\" class=\"wp-caption-text\">fig. 7 &#8211; Preparac\u0327a\u0303o para acrescentar um novo trecho de entrevista<\/p><\/div>\n<p class=\"p2\">Mas a diferen\u00e7a principal \u00e9 o passo 3, pois desta vez queremos incluir um trecho novo <b>sem substituir<\/b> nada que est\u00e1 na timeline.<\/p>\n<p class=\"p2\">Ent\u00e3o neste caso, vamos usar o bot\u00e3o \u201cSplice-in\u201d, que nada ser\u00e1 perdido. Ele vai inserir o novo trecho e empurrar para a direita todos os clips que j\u00e1 est\u00e3o na timeline (Fig. 8).<\/p>\n<div id=\"attachment_10015\" style=\"width: 1034px\" class=\"wp-caption aligncenter\"><img loading=\"lazy\" decoding=\"async\" aria-describedby=\"caption-attachment-10015\" class=\"size-large wp-image-10015\" src=\"http:\/\/proclass.com.br\/home\/wp-content\/uploads\/2018\/06\/fig.-8-resultado-da-edic\u0327a\u0303o-com-o-Splice-In-1024x667.png\" alt=\"\" width=\"1024\" height=\"667\" srcset=\"https:\/\/proclass.com.br\/home\/wp-content\/uploads\/2018\/06\/fig.-8-resultado-da-edic\u0327a\u0303o-com-o-Splice-In-1024x667.png 1024w, https:\/\/proclass.com.br\/home\/wp-content\/uploads\/2018\/06\/fig.-8-resultado-da-edic\u0327a\u0303o-com-o-Splice-In-300x195.png 300w, https:\/\/proclass.com.br\/home\/wp-content\/uploads\/2018\/06\/fig.-8-resultado-da-edic\u0327a\u0303o-com-o-Splice-In-768x500.png 768w, https:\/\/proclass.com.br\/home\/wp-content\/uploads\/2018\/06\/fig.-8-resultado-da-edic\u0327a\u0303o-com-o-Splice-In.png 1351w\" sizes=\"(max-width: 1024px) 100vw, 1024px\" \/><p id=\"caption-attachment-10015\" class=\"wp-caption-text\">fig. 8 &#8211; resultado da edic\u0327a\u0303o com o Splice-In<\/p><\/div>\n<p class=\"p1\"><b><i>Exemplo 3 &#8211; retirando material da timeline<\/i><\/b><\/p>\n<p class=\"p2\">O produtor chegou a conclus\u00e3o que a entrevista ficou grande demais. Vamos cortar uma parte dela.<\/p>\n<p class=\"p2\">O passo 1 continua parecido, por\u00e9m desta vez o usu\u00e1rio precisa fazer as marcas na Timeline e n\u00e3o no Source Monitor. Em seguida, ative as pistas normalmente (fig. 9A).<\/p>\n<div id=\"attachment_10016\" style=\"width: 923px\" class=\"wp-caption aligncenter\"><img loading=\"lazy\" decoding=\"async\" aria-describedby=\"caption-attachment-10016\" class=\"size-full wp-image-10016\" src=\"http:\/\/proclass.com.br\/home\/wp-content\/uploads\/2018\/06\/Fig.-9-Se-preparando-para-retirar-material-da-timeline.png\" alt=\"\" width=\"913\" height=\"361\" srcset=\"https:\/\/proclass.com.br\/home\/wp-content\/uploads\/2018\/06\/Fig.-9-Se-preparando-para-retirar-material-da-timeline.png 913w, https:\/\/proclass.com.br\/home\/wp-content\/uploads\/2018\/06\/Fig.-9-Se-preparando-para-retirar-material-da-timeline-300x119.png 300w, https:\/\/proclass.com.br\/home\/wp-content\/uploads\/2018\/06\/Fig.-9-Se-preparando-para-retirar-material-da-timeline-768x304.png 768w\" sizes=\"(max-width: 913px) 100vw, 913px\" \/><p id=\"caption-attachment-10016\" class=\"wp-caption-text\">Fig. 9 &#8211; Se preparando para retirar material da timeline<\/p><\/div>\n<p class=\"p2\">Agora chegou a hora de conhecer os bot\u00f5es LIFT e o EXTRACT. Estes dois bot\u00f5es situados na janela da timeline s\u00e3o utilizados para retirar material da sequ\u00eancia, e pelas cores, j\u00e1 podem imaginar a diferen\u00e7a entre eles (fig. 9B).<\/p>\n<p class=\"p2\">Se o usu\u00e1rio usar o bot\u00e3o LIFT, o material \u00e9 retirado e um buraco permanece na sequ\u00eancia. No nosso caso, n\u00e3o interessa muito porque a id\u00e9ia \u00e9 justamente diminuir o tamanho da entrevista (Fig. 10).<\/p>\n<div id=\"attachment_10017\" style=\"width: 820px\" class=\"wp-caption aligncenter\"><img loading=\"lazy\" decoding=\"async\" aria-describedby=\"caption-attachment-10017\" class=\"size-full wp-image-10017\" src=\"http:\/\/proclass.com.br\/home\/wp-content\/uploads\/2018\/06\/Fig.-10-Resultado-ao-retirar-material-da-timeline-com-o-LIFT.png\" alt=\"\" width=\"810\" height=\"155\" srcset=\"https:\/\/proclass.com.br\/home\/wp-content\/uploads\/2018\/06\/Fig.-10-Resultado-ao-retirar-material-da-timeline-com-o-LIFT.png 810w, https:\/\/proclass.com.br\/home\/wp-content\/uploads\/2018\/06\/Fig.-10-Resultado-ao-retirar-material-da-timeline-com-o-LIFT-300x57.png 300w, https:\/\/proclass.com.br\/home\/wp-content\/uploads\/2018\/06\/Fig.-10-Resultado-ao-retirar-material-da-timeline-com-o-LIFT-768x147.png 768w\" sizes=\"(max-width: 810px) 100vw, 810px\" \/><p id=\"caption-attachment-10017\" class=\"wp-caption-text\">Fig. 10 &#8211; Resultado ao retirar material da timeline com o LIFT<\/p><\/div>\n<p class=\"p2\">A op\u00e7\u00e3o ideal \u00e9 o EXTRACT, que retira o material da sequ\u00eancia e elimina o buraco tamb\u00e9m. Todo o material da direita \u00e9 movido para a esquerda (Fig. 11).<\/p>\n<div id=\"attachment_10018\" style=\"width: 515px\" class=\"wp-caption aligncenter\"><img loading=\"lazy\" decoding=\"async\" aria-describedby=\"caption-attachment-10018\" class=\"size-full wp-image-10018\" src=\"http:\/\/proclass.com.br\/home\/wp-content\/uploads\/2018\/06\/Fig.-11-Resultado-ao-retirar-material-da-timeline-com-o-Extract.png\" alt=\"\" width=\"505\" height=\"150\" srcset=\"https:\/\/proclass.com.br\/home\/wp-content\/uploads\/2018\/06\/Fig.-11-Resultado-ao-retirar-material-da-timeline-com-o-Extract.png 505w, https:\/\/proclass.com.br\/home\/wp-content\/uploads\/2018\/06\/Fig.-11-Resultado-ao-retirar-material-da-timeline-com-o-Extract-300x89.png 300w\" sizes=\"(max-width: 505px) 100vw, 505px\" \/><p id=\"caption-attachment-10018\" class=\"wp-caption-text\">Fig. 11 &#8211; Resultado ao retirar material da timeline com o Extract<\/p><\/div>\n<p class=\"p2\">Ent\u00e3o com estes conceitos e os tr\u00eas exemplos, praticamente qualquer edi\u00e7\u00e3o pode ser feita. Basta lembrar do alicerce: marcar corretamente, acionar pistas e editar levando-se em considera\u00e7\u00e3o que bot\u00f5es amarelos deslocam material e alteram o tamanho da sequ\u00eancia enquanto bot\u00f5es vermelhos, substitui material e n\u00e3o altera a dura\u00e7\u00e3o da sequ\u00eancia.<\/p>\n<p class=\"p2\">Agora \u00e9 hora de voc\u00eas praticarem! Abra\u00e7os e at\u00e9 a pr\u00f3xima!<\/p>\n<p><strong><a href=\"http:\/\/proclass.com.br\/home\/wp-content\/uploads\/2012\/11\/cris3x4.jpg\"><img loading=\"lazy\" decoding=\"async\" class=\"alignleft\" title=\"cris3x4\" src=\"http:\/\/proclass.com.br\/home\/wp-content\/uploads\/2012\/11\/cris3x4.jpg\" alt=\"\" width=\"62\" height=\"83\" \/><\/a>Cristiano Moura<\/strong>\u00a0\u00e9 um instrutor certificado pela Avid em Media Composer e ministra treinamentos oficiais de certifica\u00e7\u00e3o Avid em todo o Brasil pelo centro de treinamentos<a href=\"http:\/\/www.proclass.com.br\" target=\"_blank\" rel=\"noopener\">\u00a0ProClass<\/a>, com sede no Rio de Janeiro.<\/p>\n","protected":false},"excerpt":{"rendered":"<p>Artigo publicado na Revista Luz e Cena Para conhecer mais sobre a revista,\u00a0clique aqui. Para treinamentos e certifica\u00e7\u00f5es oficiais Avid Media Composer, clique aqui. Criando sua primeira montagem No artigo anterior, aprendemos como criar um projeto e organiz\u00e1-lo em bins e folders. Agora vamos seguir em frente e conhecer os fundamentos de edi\u00e7\u00e3o no AvidContinue reading &rarr;<\/p>\n","protected":false},"author":4,"featured_media":10015,"comment_status":"closed","ping_status":"closed","sticky":false,"template":"","format":"standard","meta":{"footnotes":""},"categories":[17,797],"tags":[],"class_list":["post-10007","post","type-post","status-publish","format-standard","has-post-thumbnail","hentry","category-artigos","category-avid-media-composer-2","has-thumb"],"yoast_head":"<!-- This site is optimized with the Yoast SEO plugin v26.9 - https:\/\/yoast.com\/product\/yoast-seo-wordpress\/ -->\n<title>Fundamentos da edi\u00e7\u00e3o - PROCLASS<\/title>\n<meta name=\"robots\" content=\"index, follow, max-snippet:-1, max-image-preview:large, max-video-preview:-1\" \/>\n<link rel=\"canonical\" href=\"https:\/\/proclass.com.br\/home\/2018\/06\/fundamentos-da-edicao\/\" \/>\n<meta property=\"og:locale\" content=\"pt_BR\" \/>\n<meta property=\"og:type\" content=\"article\" \/>\n<meta property=\"og:title\" content=\"Fundamentos da edi\u00e7\u00e3o - PROCLASS\" \/>\n<meta property=\"og:description\" content=\"Artigo publicado na Revista Luz e Cena Para conhecer mais sobre a revista,\u00a0clique aqui. Para treinamentos e certifica\u00e7\u00f5es oficiais Avid Media Composer, clique aqui. Criando sua primeira montagem No artigo anterior, aprendemos como criar um projeto e organiz\u00e1-lo em bins e folders. Agora vamos seguir em frente e conhecer os fundamentos de edi\u00e7\u00e3o no AvidContinue reading &rarr;\" \/>\n<meta property=\"og:url\" content=\"https:\/\/proclass.com.br\/home\/2018\/06\/fundamentos-da-edicao\/\" \/>\n<meta property=\"og:site_name\" content=\"PROCLASS\" \/>\n<meta property=\"article:published_time\" content=\"2018-06-25T18:41:19+00:00\" \/>\n<meta property=\"og:image\" content=\"https:\/\/proclass.com.br\/home\/wp-content\/uploads\/2018\/06\/fig.-8-resultado-da-edic\u0327a\u0303o-com-o-Splice-In.png\" \/>\n\t<meta property=\"og:image:width\" content=\"1351\" \/>\n\t<meta property=\"og:image:height\" content=\"880\" \/>\n\t<meta property=\"og:image:type\" content=\"image\/png\" \/>\n<meta name=\"author\" content=\"ProClass Treinamentos\" \/>\n<meta name=\"twitter:card\" content=\"summary_large_image\" \/>\n<meta name=\"twitter:label1\" content=\"Escrito por\" \/>\n\t<meta name=\"twitter:data1\" content=\"ProClass Treinamentos\" \/>\n\t<meta name=\"twitter:label2\" content=\"Est. tempo de leitura\" \/>\n\t<meta name=\"twitter:data2\" content=\"9 minutos\" \/>\n<script type=\"application\/ld+json\" class=\"yoast-schema-graph\">{\"@context\":\"https:\/\/schema.org\",\"@graph\":[{\"@type\":\"Article\",\"@id\":\"https:\/\/proclass.com.br\/home\/2018\/06\/fundamentos-da-edicao\/#article\",\"isPartOf\":{\"@id\":\"https:\/\/proclass.com.br\/home\/2018\/06\/fundamentos-da-edicao\/\"},\"author\":{\"name\":\"ProClass Treinamentos\",\"@id\":\"https:\/\/proclass.com.br\/home\/#\/schema\/person\/f89e1eb93d5d32c0bb465c52f87f5a00\"},\"headline\":\"Fundamentos da edi\u00e7\u00e3o\",\"datePublished\":\"2018-06-25T18:41:19+00:00\",\"mainEntityOfPage\":{\"@id\":\"https:\/\/proclass.com.br\/home\/2018\/06\/fundamentos-da-edicao\/\"},\"wordCount\":1717,\"publisher\":{\"@id\":\"https:\/\/proclass.com.br\/home\/#organization\"},\"image\":{\"@id\":\"https:\/\/proclass.com.br\/home\/2018\/06\/fundamentos-da-edicao\/#primaryimage\"},\"thumbnailUrl\":\"https:\/\/proclass.com.br\/home\/wp-content\/uploads\/2018\/06\/fig.-8-resultado-da-edic\u0327a\u0303o-com-o-Splice-In.png\",\"articleSection\":[\"Artigos\",\"Avid Media Composer\"],\"inLanguage\":\"pt-BR\"},{\"@type\":\"WebPage\",\"@id\":\"https:\/\/proclass.com.br\/home\/2018\/06\/fundamentos-da-edicao\/\",\"url\":\"https:\/\/proclass.com.br\/home\/2018\/06\/fundamentos-da-edicao\/\",\"name\":\"Fundamentos da edi\u00e7\u00e3o - PROCLASS\",\"isPartOf\":{\"@id\":\"https:\/\/proclass.com.br\/home\/#website\"},\"primaryImageOfPage\":{\"@id\":\"https:\/\/proclass.com.br\/home\/2018\/06\/fundamentos-da-edicao\/#primaryimage\"},\"image\":{\"@id\":\"https:\/\/proclass.com.br\/home\/2018\/06\/fundamentos-da-edicao\/#primaryimage\"},\"thumbnailUrl\":\"https:\/\/proclass.com.br\/home\/wp-content\/uploads\/2018\/06\/fig.-8-resultado-da-edic\u0327a\u0303o-com-o-Splice-In.png\",\"datePublished\":\"2018-06-25T18:41:19+00:00\",\"breadcrumb\":{\"@id\":\"https:\/\/proclass.com.br\/home\/2018\/06\/fundamentos-da-edicao\/#breadcrumb\"},\"inLanguage\":\"pt-BR\",\"potentialAction\":[{\"@type\":\"ReadAction\",\"target\":[\"https:\/\/proclass.com.br\/home\/2018\/06\/fundamentos-da-edicao\/\"]}]},{\"@type\":\"ImageObject\",\"inLanguage\":\"pt-BR\",\"@id\":\"https:\/\/proclass.com.br\/home\/2018\/06\/fundamentos-da-edicao\/#primaryimage\",\"url\":\"https:\/\/proclass.com.br\/home\/wp-content\/uploads\/2018\/06\/fig.-8-resultado-da-edic\u0327a\u0303o-com-o-Splice-In.png\",\"contentUrl\":\"https:\/\/proclass.com.br\/home\/wp-content\/uploads\/2018\/06\/fig.-8-resultado-da-edic\u0327a\u0303o-com-o-Splice-In.png\",\"width\":1351,\"height\":880,\"caption\":\"fig. 8 - resultado da edic\u0327a\u0303o com o Splice-In\"},{\"@type\":\"BreadcrumbList\",\"@id\":\"https:\/\/proclass.com.br\/home\/2018\/06\/fundamentos-da-edicao\/#breadcrumb\",\"itemListElement\":[{\"@type\":\"ListItem\",\"position\":1,\"name\":\"In\u00edcio\",\"item\":\"https:\/\/proclass.com.br\/home\/\"},{\"@type\":\"ListItem\",\"position\":2,\"name\":\"Fundamentos da edi\u00e7\u00e3o\"}]},{\"@type\":\"WebSite\",\"@id\":\"https:\/\/proclass.com.br\/home\/#website\",\"url\":\"https:\/\/proclass.com.br\/home\/\",\"name\":\"PROCLASS\",\"description\":\"CURSOS E TREINAMENTOS\",\"publisher\":{\"@id\":\"https:\/\/proclass.com.br\/home\/#organization\"},\"potentialAction\":[{\"@type\":\"SearchAction\",\"target\":{\"@type\":\"EntryPoint\",\"urlTemplate\":\"https:\/\/proclass.com.br\/home\/?s={search_term_string}\"},\"query-input\":{\"@type\":\"PropertyValueSpecification\",\"valueRequired\":true,\"valueName\":\"search_term_string\"}}],\"inLanguage\":\"pt-BR\"},{\"@type\":\"Organization\",\"@id\":\"https:\/\/proclass.com.br\/home\/#organization\",\"name\":\"PROCLASS\",\"url\":\"https:\/\/proclass.com.br\/home\/\",\"logo\":{\"@type\":\"ImageObject\",\"inLanguage\":\"pt-BR\",\"@id\":\"https:\/\/proclass.com.br\/home\/#\/schema\/logo\/image\/\",\"url\":\"https:\/\/proclass.com.br\/home\/wp-content\/uploads\/2023\/06\/CABECALHO-black_PROCLASS-2023.png\",\"contentUrl\":\"https:\/\/proclass.com.br\/home\/wp-content\/uploads\/2023\/06\/CABECALHO-black_PROCLASS-2023.png\",\"width\":2563,\"height\":911,\"caption\":\"PROCLASS\"},\"image\":{\"@id\":\"https:\/\/proclass.com.br\/home\/#\/schema\/logo\/image\/\"}},{\"@type\":\"Person\",\"@id\":\"https:\/\/proclass.com.br\/home\/#\/schema\/person\/f89e1eb93d5d32c0bb465c52f87f5a00\",\"name\":\"ProClass Treinamentos\",\"image\":{\"@type\":\"ImageObject\",\"inLanguage\":\"pt-BR\",\"@id\":\"https:\/\/proclass.com.br\/home\/#\/schema\/person\/image\/\",\"url\":\"https:\/\/secure.gravatar.com\/avatar\/3878d7a575c7ac355d2c778d5de04af08b7c5a7d9f19b2889f26cc7d80a6a832?s=96&d=blank&r=g\",\"contentUrl\":\"https:\/\/secure.gravatar.com\/avatar\/3878d7a575c7ac355d2c778d5de04af08b7c5a7d9f19b2889f26cc7d80a6a832?s=96&d=blank&r=g\",\"caption\":\"ProClass Treinamentos\"},\"url\":\"https:\/\/proclass.com.br\/home\/author\/proclass\/\"}]}<\/script>\n<!-- \/ Yoast SEO plugin. -->","yoast_head_json":{"title":"Fundamentos da edi\u00e7\u00e3o - PROCLASS","robots":{"index":"index","follow":"follow","max-snippet":"max-snippet:-1","max-image-preview":"max-image-preview:large","max-video-preview":"max-video-preview:-1"},"canonical":"https:\/\/proclass.com.br\/home\/2018\/06\/fundamentos-da-edicao\/","og_locale":"pt_BR","og_type":"article","og_title":"Fundamentos da edi\u00e7\u00e3o - PROCLASS","og_description":"Artigo publicado na Revista Luz e Cena Para conhecer mais sobre a revista,\u00a0clique aqui. Para treinamentos e certifica\u00e7\u00f5es oficiais Avid Media Composer, clique aqui. Criando sua primeira montagem No artigo anterior, aprendemos como criar um projeto e organiz\u00e1-lo em bins e folders. Agora vamos seguir em frente e conhecer os fundamentos de edi\u00e7\u00e3o no AvidContinue reading &rarr;","og_url":"https:\/\/proclass.com.br\/home\/2018\/06\/fundamentos-da-edicao\/","og_site_name":"PROCLASS","article_published_time":"2018-06-25T18:41:19+00:00","og_image":[{"width":1351,"height":880,"url":"https:\/\/proclass.com.br\/home\/wp-content\/uploads\/2018\/06\/fig.-8-resultado-da-edic\u0327a\u0303o-com-o-Splice-In.png","type":"image\/png"}],"author":"ProClass Treinamentos","twitter_card":"summary_large_image","twitter_misc":{"Escrito por":"ProClass Treinamentos","Est. tempo de leitura":"9 minutos"},"schema":{"@context":"https:\/\/schema.org","@graph":[{"@type":"Article","@id":"https:\/\/proclass.com.br\/home\/2018\/06\/fundamentos-da-edicao\/#article","isPartOf":{"@id":"https:\/\/proclass.com.br\/home\/2018\/06\/fundamentos-da-edicao\/"},"author":{"name":"ProClass Treinamentos","@id":"https:\/\/proclass.com.br\/home\/#\/schema\/person\/f89e1eb93d5d32c0bb465c52f87f5a00"},"headline":"Fundamentos da edi\u00e7\u00e3o","datePublished":"2018-06-25T18:41:19+00:00","mainEntityOfPage":{"@id":"https:\/\/proclass.com.br\/home\/2018\/06\/fundamentos-da-edicao\/"},"wordCount":1717,"publisher":{"@id":"https:\/\/proclass.com.br\/home\/#organization"},"image":{"@id":"https:\/\/proclass.com.br\/home\/2018\/06\/fundamentos-da-edicao\/#primaryimage"},"thumbnailUrl":"https:\/\/proclass.com.br\/home\/wp-content\/uploads\/2018\/06\/fig.-8-resultado-da-edic\u0327a\u0303o-com-o-Splice-In.png","articleSection":["Artigos","Avid Media Composer"],"inLanguage":"pt-BR"},{"@type":"WebPage","@id":"https:\/\/proclass.com.br\/home\/2018\/06\/fundamentos-da-edicao\/","url":"https:\/\/proclass.com.br\/home\/2018\/06\/fundamentos-da-edicao\/","name":"Fundamentos da edi\u00e7\u00e3o - PROCLASS","isPartOf":{"@id":"https:\/\/proclass.com.br\/home\/#website"},"primaryImageOfPage":{"@id":"https:\/\/proclass.com.br\/home\/2018\/06\/fundamentos-da-edicao\/#primaryimage"},"image":{"@id":"https:\/\/proclass.com.br\/home\/2018\/06\/fundamentos-da-edicao\/#primaryimage"},"thumbnailUrl":"https:\/\/proclass.com.br\/home\/wp-content\/uploads\/2018\/06\/fig.-8-resultado-da-edic\u0327a\u0303o-com-o-Splice-In.png","datePublished":"2018-06-25T18:41:19+00:00","breadcrumb":{"@id":"https:\/\/proclass.com.br\/home\/2018\/06\/fundamentos-da-edicao\/#breadcrumb"},"inLanguage":"pt-BR","potentialAction":[{"@type":"ReadAction","target":["https:\/\/proclass.com.br\/home\/2018\/06\/fundamentos-da-edicao\/"]}]},{"@type":"ImageObject","inLanguage":"pt-BR","@id":"https:\/\/proclass.com.br\/home\/2018\/06\/fundamentos-da-edicao\/#primaryimage","url":"https:\/\/proclass.com.br\/home\/wp-content\/uploads\/2018\/06\/fig.-8-resultado-da-edic\u0327a\u0303o-com-o-Splice-In.png","contentUrl":"https:\/\/proclass.com.br\/home\/wp-content\/uploads\/2018\/06\/fig.-8-resultado-da-edic\u0327a\u0303o-com-o-Splice-In.png","width":1351,"height":880,"caption":"fig. 8 - resultado da edic\u0327a\u0303o com o Splice-In"},{"@type":"BreadcrumbList","@id":"https:\/\/proclass.com.br\/home\/2018\/06\/fundamentos-da-edicao\/#breadcrumb","itemListElement":[{"@type":"ListItem","position":1,"name":"In\u00edcio","item":"https:\/\/proclass.com.br\/home\/"},{"@type":"ListItem","position":2,"name":"Fundamentos da edi\u00e7\u00e3o"}]},{"@type":"WebSite","@id":"https:\/\/proclass.com.br\/home\/#website","url":"https:\/\/proclass.com.br\/home\/","name":"PROCLASS","description":"CURSOS E TREINAMENTOS","publisher":{"@id":"https:\/\/proclass.com.br\/home\/#organization"},"potentialAction":[{"@type":"SearchAction","target":{"@type":"EntryPoint","urlTemplate":"https:\/\/proclass.com.br\/home\/?s={search_term_string}"},"query-input":{"@type":"PropertyValueSpecification","valueRequired":true,"valueName":"search_term_string"}}],"inLanguage":"pt-BR"},{"@type":"Organization","@id":"https:\/\/proclass.com.br\/home\/#organization","name":"PROCLASS","url":"https:\/\/proclass.com.br\/home\/","logo":{"@type":"ImageObject","inLanguage":"pt-BR","@id":"https:\/\/proclass.com.br\/home\/#\/schema\/logo\/image\/","url":"https:\/\/proclass.com.br\/home\/wp-content\/uploads\/2023\/06\/CABECALHO-black_PROCLASS-2023.png","contentUrl":"https:\/\/proclass.com.br\/home\/wp-content\/uploads\/2023\/06\/CABECALHO-black_PROCLASS-2023.png","width":2563,"height":911,"caption":"PROCLASS"},"image":{"@id":"https:\/\/proclass.com.br\/home\/#\/schema\/logo\/image\/"}},{"@type":"Person","@id":"https:\/\/proclass.com.br\/home\/#\/schema\/person\/f89e1eb93d5d32c0bb465c52f87f5a00","name":"ProClass Treinamentos","image":{"@type":"ImageObject","inLanguage":"pt-BR","@id":"https:\/\/proclass.com.br\/home\/#\/schema\/person\/image\/","url":"https:\/\/secure.gravatar.com\/avatar\/3878d7a575c7ac355d2c778d5de04af08b7c5a7d9f19b2889f26cc7d80a6a832?s=96&d=blank&r=g","contentUrl":"https:\/\/secure.gravatar.com\/avatar\/3878d7a575c7ac355d2c778d5de04af08b7c5a7d9f19b2889f26cc7d80a6a832?s=96&d=blank&r=g","caption":"ProClass Treinamentos"},"url":"https:\/\/proclass.com.br\/home\/author\/proclass\/"}]}},"_links":{"self":[{"href":"https:\/\/proclass.com.br\/home\/wp-json\/wp\/v2\/posts\/10007","targetHints":{"allow":["GET"]}}],"collection":[{"href":"https:\/\/proclass.com.br\/home\/wp-json\/wp\/v2\/posts"}],"about":[{"href":"https:\/\/proclass.com.br\/home\/wp-json\/wp\/v2\/types\/post"}],"author":[{"embeddable":true,"href":"https:\/\/proclass.com.br\/home\/wp-json\/wp\/v2\/users\/4"}],"replies":[{"embeddable":true,"href":"https:\/\/proclass.com.br\/home\/wp-json\/wp\/v2\/comments?post=10007"}],"version-history":[{"count":0,"href":"https:\/\/proclass.com.br\/home\/wp-json\/wp\/v2\/posts\/10007\/revisions"}],"wp:featuredmedia":[{"embeddable":true,"href":"https:\/\/proclass.com.br\/home\/wp-json\/wp\/v2\/media\/10015"}],"wp:attachment":[{"href":"https:\/\/proclass.com.br\/home\/wp-json\/wp\/v2\/media?parent=10007"}],"wp:term":[{"taxonomy":"category","embeddable":true,"href":"https:\/\/proclass.com.br\/home\/wp-json\/wp\/v2\/categories?post=10007"},{"taxonomy":"post_tag","embeddable":true,"href":"https:\/\/proclass.com.br\/home\/wp-json\/wp\/v2\/tags?post=10007"}],"curies":[{"name":"wp","href":"https:\/\/api.w.org\/{rel}","templated":true}]}}